{"id":2867,"date":"2026-03-30T20:00:00","date_gmt":"2026-03-30T18:00:00","guid":{"rendered":"https:\/\/unterirdis.ch\/wordpress\/?p=2867"},"modified":"2026-03-30T13:52:24","modified_gmt":"2026-03-30T11:52:24","slug":"folge-58-neues-denkmalgesetz-die-zukunft-des-lwl-entdecken","status":"publish","type":"post","link":"https:\/\/unterirdis.ch\/wordpress\/2026\/03\/30\/folge-58-neues-denkmalgesetz-die-zukunft-des-lwl-entdecken\/","title":{"rendered":"Folge 58 -Neues Denkmalgesetz &amp; die Zukunft des LWL entdecken"},"content":{"rendered":"\t\t<div data-elementor-type=\"wp-post\" data-elementor-id=\"2867\" class=\"elementor elementor-2867\" data-elementor-post-type=\"post\">\n\t\t\t\t\t\t<section class=\"elementor-section elementor-top-section elementor-element elementor-element-7f07d13 elementor-section-boxed elementor-section-height-default elementor-section-height-default\" data-id=\"7f07d13\" data-element_type=\"section\" data-e-type=\"section\">\n\t\t\t\t\t\t<div class=\"elementor-container elementor-column-gap-default\">\n\t\t\t\t\t<div class=\"elementor-column elementor-col-33 elementor-top-column elementor-element elementor-element-8a9e85a\" data-id=\"8a9e85a\" data-element_type=\"column\" data-e-type=\"column\">\n\t\t\t<div class=\"elementor-widget-wrap elementor-element-populated\">\n\t\t\t\t\t\t<div class=\"elementor-element elementor-element-2e57b9f elementor-widget elementor-widget-image\" data-id=\"2e57b9f\" data-element_type=\"widget\" data-e-type=\"widget\" data-widget_type=\"image.default\">\n\t\t\t\t<div class=\"elementor-widget-container\">\n\t\t\t\t\t\t\t\t\t\t\t\t\t\t\t<img fetchpriority=\"high\" decoding=\"async\" width=\"780\" height=\"975\" src=\"https:\/\/unterirdis.ch\/wp-content\/uploads\/2026\/03\/csm_Sandra-Peternek_93af03e201-3.jpg\" class=\"attachment-large size-large wp-image-2871\" alt=\"\" srcset=\"https:\/\/unterirdis.ch\/wp-content\/uploads\/2026\/03\/csm_Sandra-Peternek_93af03e201-3.jpg 780w, https:\/\/unterirdis.ch\/wp-content\/uploads\/2026\/03\/csm_Sandra-Peternek_93af03e201-3-240x300.jpg 240w, https:\/\/unterirdis.ch\/wp-content\/uploads\/2026\/03\/csm_Sandra-Peternek_93af03e201-3-768x960.jpg 768w\" sizes=\"(max-width: 780px) 100vw, 780px\" \/>\t\t\t\t\t\t\t\t\t\t\t\t\t\t\t<\/div>\n\t\t\t\t<\/div>\n\t\t\t\t\t<\/div>\n\t\t<\/div>\n\t\t\t\t<div class=\"elementor-column elementor-col-66 elementor-top-column elementor-element elementor-element-b817f4b\" data-id=\"b817f4b\" data-element_type=\"column\" data-e-type=\"column\">\n\t\t\t<div class=\"elementor-widget-wrap elementor-element-populated\">\n\t\t\t\t\t\t<div class=\"elementor-element elementor-element-4d3d75b elementor-widget elementor-widget-text-editor\" data-id=\"4d3d75b\" data-element_type=\"widget\" data-e-type=\"widget\" data-widget_type=\"text-editor.default\">\n\t\t\t\t<div class=\"elementor-widget-container\">\n\t\t\t\t\t\t\t\t\t<p data-start=\"66\" data-end=\"395\">In dieser spannenden Folge werfen wir einen Blick hinter die Kulissen des Landschaftsverbands Westfalen-Lippe (LWL) \u2013 und das mit einer besonderen Gespr\u00e4chspartnerin: der neuen Direktorin Sandra Peternek. Im Mittelpunkt steht ein Thema, das Vergangenheit und Zukunft gleicherma\u00dfen ber\u00fchrt: das neue Gesetz zur Bodendenkmalpflege.<\/p>\n<p data-start=\"397\" data-end=\"862\">Was bedeutet dieses Gesetz konkret f\u00fcr den Schutz arch\u00e4ologischer Funde? Welche Verantwortung tr\u00e4gt der LWL dabei \u2013 und wie ver\u00e4ndert sich seine Rolle in einer Zeit, in der Bauprojekte, Klimawandel und Digitalisierung neue Herausforderungen mit sich bringen? Sandra Peternek gibt Einblicke in die vielf\u00e4ltigen Aufgaben des LWL, von der Denkmalpflege bis hin zur kulturellen Vermittlung, und zeigt auf, wie sich die Institution strategisch f\u00fcr die Zukunft aufstellt.<\/p>\n<p data-start=\"864\" data-end=\"1167\">Doch es geht nicht nur um Strukturen und Gesetze: Die Folge beleuchtet auch, welche Chancen sich f\u00fcr Studierende er\u00f6ffnen. Ob Praktika, Forschungsprojekte oder der Einstieg in ein spannendes Berufsfeld zwischen Wissenschaft und Gesellschaft \u2013 der LWL bietet vielf\u00e4ltige M\u00f6glichkeiten, aktiv mitzuwirken.<\/p>\n\n\t\t\t\t\t\t\t\t<\/div>\n\t\t\t\t<\/div>\n\t\t\t\t\t<\/div>\n\t\t<\/div>\n\t\t\t\t\t<\/div>\n\t\t<\/section>\n\t\t\t\t<section class=\"elementor-section elementor-top-section elementor-element elementor-element-b5aac31 elementor-section-boxed elementor-section-height-default elementor-section-height-default\" data-id=\"b5aac31\" data-element_type=\"section\" data-e-type=\"section\">\n\t\t\t\t\t\t<div class=\"elementor-container elementor-column-gap-default\">\n\t\t\t\t\t<div class=\"elementor-column elementor-col-100 elementor-top-column elementor-element elementor-element-33ac67b\" data-id=\"33ac67b\" data-element_type=\"column\" data-e-type=\"column\">\n\t\t\t<div class=\"elementor-widget-wrap elementor-element-populated\">\n\t\t\t\t\t\t<div class=\"elementor-element elementor-element-961657e elementor-widget elementor-widget-text-editor\" data-id=\"961657e\" data-element_type=\"widget\" data-e-type=\"widget\" data-widget_type=\"text-editor.default\">\n\t\t\t\t<div class=\"elementor-widget-container\">\n\t\t\t\t\t\t\t\t\t<iframe src=\"https:\/\/player.pdcstrcdn.de?p=a07dd339-6f17-458a-9e2a-431c45e6fdfb&#038;e=238d6948-37a8-4ac1-9487-a1757139c197&#038;v=1774871399\" width=\"100%\" height=\"450px\" style=\"border:0;overflow:hidden\"><\/iframe>\t\t\t\t\t\t\t\t<\/div>\n\t\t\t\t<\/div>\n\t\t\t\t\t<\/div>\n\t\t<\/div>\n\t\t\t\t\t<\/div>\n\t\t<\/section>\n\t\t\t\t<\/div>\n\t\t","protected":false},"excerpt":{"rendered":"<p>In dieser spannenden Folge werfen wir einen Blick hinter die Kulissen des Landschaftsverbands Westfalen-Lippe (LWL) \u2013 und das mit einer besonderen Gespr\u00e4chspartnerin: der neuen Direktorin Sandra Peternek. Im Mittelpunkt steht [&hellip;]<\/p>\n","protected":false},"author":4,"featured_media":2854,"comment_status":"open","ping_status":"open","sticky":false,"template":"","format":"standard","meta":{"footnotes":""},"categories":[12,5],"tags":[],"class_list":["post-2867","post","type-post","status-publish","format-standard","has-post-thumbnail","hentry","category-unterfreunden","category-unteruns"],"yoast_head":"<!-- This site is optimized with the Yoast SEO plugin v27.5 - https:\/\/yoast.com\/product\/yoast-seo-wordpress\/ -->\n<title>Folge 58 -Neues Denkmalgesetz &amp; die Zukunft des LWL entdecken - unterIrdisch<\/title>\n<meta name=\"description\" content=\"In dieser spannenden Folge werfen wir einen Blick hinter die Kulissen des Landschaftsverbands Westfalen-Lippe (LWL) \u2013 und das mit einer besonderen Gespr\u00e4chspartnerin: der neuen Direktorin Sandra Peternek. Im Mittelpunkt steht ein Thema, das Vergangenheit und Zukunft gleicherma\u00dfen ber\u00fchrt: das neue Gesetz zur Bodendenkmalpflege.Was bedeutet dieses Gesetz konkret f\u00fcr den Schutz arch\u00e4ologischer Funde? Welche Verantwortung tr\u00e4gt der LWL dabei \u2013 und wie ver\u00e4ndert sich seine Rolle in einer Zeit, in der Bauprojekte, Klimawandel und Digitalisierung neue Herausforderungen mit sich bringen? Sandra Peternek gibt Einblicke in die vielf\u00e4ltigen Aufgaben des LWL, von der Denkmalpflege bis hin zur kulturellen Vermittlung, und zeigt auf, wie sich die Institution strategisch f\u00fcr die Zukunft aufstellt.Doch es geht nicht nur um Strukturen und Gesetze: Die Folge beleuchtet auch, welche Chancen sich f\u00fcr Studierende er\u00f6ffnen. Ob Praktika, Forschungsprojekte oder der Einstieg in ein spannendes Berufsfeld zwischen Wissenschaft und Gesellschaft \u2013 der LWL bietet vielf\u00e4ltige M\u00f6glichkeiten, aktiv mitzuwirken.Eine Folge f\u00fcr alle, die sich f\u00fcr Geschichte im Boden, kulturelles Erbe und die Zukunft \u00f6ffentlicher Institutionen interessieren \u2013 und f\u00fcr diejenigen, die ihren eigenen Platz darin finden wollen.\" \/>\n<meta name=\"robots\" content=\"index, follow, max-snippet:-1, max-image-preview:large, max-video-preview:-1\" \/>\n<link rel=\"canonical\" href=\"https:\/\/unterirdis.ch\/wordpress\/2026\/03\/30\/folge-58-neues-denkmalgesetz-die-zukunft-des-lwl-entdecken\/\" \/>\n<meta property=\"og:locale\" content=\"de_DE\" \/>\n<meta property=\"og:type\" content=\"article\" \/>\n<meta property=\"og:title\" content=\"Folge 58 -Neues Denkmalgesetz &amp; die Zukunft des LWL entdecken - unterIrdisch\" \/>\n<meta property=\"og:description\" content=\"In dieser spannenden Folge werfen wir einen Blick hinter die Kulissen des Landschaftsverbands Westfalen-Lippe (LWL) \u2013 und das mit einer besonderen Gespr\u00e4chspartnerin: der neuen Direktorin Sandra Peternek. Im Mittelpunkt steht ein Thema, das Vergangenheit und Zukunft gleicherma\u00dfen ber\u00fchrt: das neue Gesetz zur Bodendenkmalpflege.Was bedeutet dieses Gesetz konkret f\u00fcr den Schutz arch\u00e4ologischer Funde? Welche Verantwortung tr\u00e4gt der LWL dabei \u2013 und wie ver\u00e4ndert sich seine Rolle in einer Zeit, in der Bauprojekte, Klimawandel und Digitalisierung neue Herausforderungen mit sich bringen? Sandra Peternek gibt Einblicke in die vielf\u00e4ltigen Aufgaben des LWL, von der Denkmalpflege bis hin zur kulturellen Vermittlung, und zeigt auf, wie sich die Institution strategisch f\u00fcr die Zukunft aufstellt.Doch es geht nicht nur um Strukturen und Gesetze: Die Folge beleuchtet auch, welche Chancen sich f\u00fcr Studierende er\u00f6ffnen. Ob Praktika, Forschungsprojekte oder der Einstieg in ein spannendes Berufsfeld zwischen Wissenschaft und Gesellschaft \u2013 der LWL bietet vielf\u00e4ltige M\u00f6glichkeiten, aktiv mitzuwirken.Eine Folge f\u00fcr alle, die sich f\u00fcr Geschichte im Boden, kulturelles Erbe und die Zukunft \u00f6ffentlicher Institutionen interessieren \u2013 und f\u00fcr diejenigen, die ihren eigenen Platz darin finden wollen.\" \/>\n<meta property=\"og:url\" content=\"https:\/\/unterirdis.ch\/wordpress\/2026\/03\/30\/folge-58-neues-denkmalgesetz-die-zukunft-des-lwl-entdecken\/\" \/>\n<meta property=\"og:site_name\" content=\"unterIrdisch\" \/>\n<meta property=\"article:published_time\" content=\"2026-03-30T18:00:00+00:00\" \/>\n<meta property=\"og:image\" content=\"https:\/\/unterirdis.ch\/wp-content\/uploads\/2026\/03\/csm_Sandra-Peternek_93af03e201-2.jpg\" \/>\n\t<meta property=\"og:image:width\" content=\"780\" \/>\n\t<meta property=\"og:image:height\" content=\"975\" \/>\n\t<meta property=\"og:image:type\" content=\"image\/jpeg\" \/>\n<meta name=\"author\" content=\"Jacqueline G\u00f6dde\" \/>\n<meta name=\"twitter:card\" content=\"summary_large_image\" \/>\n<meta name=\"twitter:creator\" content=\"@unterirdis_ch\" \/>\n<meta name=\"twitter:site\" content=\"@unterirdis_ch\" \/>\n<meta name=\"twitter:label1\" content=\"Verfasst von\" \/>\n\t<meta name=\"twitter:data1\" content=\"Jacqueline G\u00f6dde\" \/>\n\t<meta name=\"twitter:label2\" content=\"Gesch\u00e4tzte Lesezeit\" \/>\n\t<meta name=\"twitter:data2\" content=\"2\u00a0Minuten\" \/>\n<script type=\"application\/ld+json\" class=\"yoast-schema-graph\">{\"@context\":\"https:\\\/\\\/schema.org\",\"@graph\":[{\"@type\":\"Article\",\"@id\":\"https:\\\/\\\/unterirdis.ch\\\/wordpress\\\/2026\\\/03\\\/30\\\/folge-58-neues-denkmalgesetz-die-zukunft-des-lwl-entdecken\\\/#article\",\"isPartOf\":{\"@id\":\"https:\\\/\\\/unterirdis.ch\\\/wordpress\\\/2026\\\/03\\\/30\\\/folge-58-neues-denkmalgesetz-die-zukunft-des-lwl-entdecken\\\/\"},\"author\":{\"name\":\"Jacqueline G\u00f6dde\",\"@id\":\"https:\\\/\\\/unterirdis.ch\\\/wordpress\\\/#\\\/schema\\\/person\\\/f90f7cf32df6d985ed2d976880dce7f5\"},\"headline\":\"Folge 58 -Neues Denkmalgesetz &amp; die Zukunft des LWL entdecken\",\"datePublished\":\"2026-03-30T18:00:00+00:00\",\"mainEntityOfPage\":{\"@id\":\"https:\\\/\\\/unterirdis.ch\\\/wordpress\\\/2026\\\/03\\\/30\\\/folge-58-neues-denkmalgesetz-die-zukunft-des-lwl-entdecken\\\/\"},\"wordCount\":170,\"commentCount\":0,\"publisher\":{\"@id\":\"https:\\\/\\\/unterirdis.ch\\\/wordpress\\\/#organization\"},\"image\":{\"@id\":\"https:\\\/\\\/unterirdis.ch\\\/wordpress\\\/2026\\\/03\\\/30\\\/folge-58-neues-denkmalgesetz-die-zukunft-des-lwl-entdecken\\\/#primaryimage\"},\"thumbnailUrl\":\"https:\\\/\\\/unterirdis.ch\\\/wp-content\\\/uploads\\\/2026\\\/03\\\/csm_Sandra-Peternek_93af03e201-2.jpg\",\"articleSection\":[\"unterFreunden\",\"unterUns\"],\"inLanguage\":\"de\",\"potentialAction\":[{\"@type\":\"CommentAction\",\"name\":\"Comment\",\"target\":[\"https:\\\/\\\/unterirdis.ch\\\/wordpress\\\/2026\\\/03\\\/30\\\/folge-58-neues-denkmalgesetz-die-zukunft-des-lwl-entdecken\\\/#respond\"]}]},{\"@type\":\"WebPage\",\"@id\":\"https:\\\/\\\/unterirdis.ch\\\/wordpress\\\/2026\\\/03\\\/30\\\/folge-58-neues-denkmalgesetz-die-zukunft-des-lwl-entdecken\\\/\",\"url\":\"https:\\\/\\\/unterirdis.ch\\\/wordpress\\\/2026\\\/03\\\/30\\\/folge-58-neues-denkmalgesetz-die-zukunft-des-lwl-entdecken\\\/\",\"name\":\"Folge 58 -Neues Denkmalgesetz &amp; die Zukunft des LWL entdecken - unterIrdisch\",\"isPartOf\":{\"@id\":\"https:\\\/\\\/unterirdis.ch\\\/wordpress\\\/#website\"},\"primaryImageOfPage\":{\"@id\":\"https:\\\/\\\/unterirdis.ch\\\/wordpress\\\/2026\\\/03\\\/30\\\/folge-58-neues-denkmalgesetz-die-zukunft-des-lwl-entdecken\\\/#primaryimage\"},\"image\":{\"@id\":\"https:\\\/\\\/unterirdis.ch\\\/wordpress\\\/2026\\\/03\\\/30\\\/folge-58-neues-denkmalgesetz-die-zukunft-des-lwl-entdecken\\\/#primaryimage\"},\"thumbnailUrl\":\"https:\\\/\\\/unterirdis.ch\\\/wp-content\\\/uploads\\\/2026\\\/03\\\/csm_Sandra-Peternek_93af03e201-2.jpg\",\"datePublished\":\"2026-03-30T18:00:00+00:00\",\"description\":\"In dieser spannenden Folge werfen wir einen Blick hinter die Kulissen des Landschaftsverbands Westfalen-Lippe (LWL) \u2013 und das mit einer besonderen Gespr\u00e4chspartnerin: der neuen Direktorin Sandra Peternek. Im Mittelpunkt steht ein Thema, das Vergangenheit und Zukunft gleicherma\u00dfen ber\u00fchrt: das neue Gesetz zur Bodendenkmalpflege.Was bedeutet dieses Gesetz konkret f\u00fcr den Schutz arch\u00e4ologischer Funde? Welche Verantwortung tr\u00e4gt der LWL dabei \u2013 und wie ver\u00e4ndert sich seine Rolle in einer Zeit, in der Bauprojekte, Klimawandel und Digitalisierung neue Herausforderungen mit sich bringen? Sandra Peternek gibt Einblicke in die vielf\u00e4ltigen Aufgaben des LWL, von der Denkmalpflege bis hin zur kulturellen Vermittlung, und zeigt auf, wie sich die Institution strategisch f\u00fcr die Zukunft aufstellt.Doch es geht nicht nur um Strukturen und Gesetze: Die Folge beleuchtet auch, welche Chancen sich f\u00fcr Studierende er\u00f6ffnen. Ob Praktika, Forschungsprojekte oder der Einstieg in ein spannendes Berufsfeld zwischen Wissenschaft und Gesellschaft \u2013 der LWL bietet vielf\u00e4ltige M\u00f6glichkeiten, aktiv mitzuwirken.Eine Folge f\u00fcr alle, die sich f\u00fcr Geschichte im Boden, kulturelles Erbe und die Zukunft \u00f6ffentlicher Institutionen interessieren \u2013 und f\u00fcr diejenigen, die ihren eigenen Platz darin finden wollen.\",\"breadcrumb\":{\"@id\":\"https:\\\/\\\/unterirdis.ch\\\/wordpress\\\/2026\\\/03\\\/30\\\/folge-58-neues-denkmalgesetz-die-zukunft-des-lwl-entdecken\\\/#breadcrumb\"},\"inLanguage\":\"de\",\"potentialAction\":[{\"@type\":\"ReadAction\",\"target\":[\"https:\\\/\\\/unterirdis.ch\\\/wordpress\\\/2026\\\/03\\\/30\\\/folge-58-neues-denkmalgesetz-die-zukunft-des-lwl-entdecken\\\/\"]}]},{\"@type\":\"ImageObject\",\"inLanguage\":\"de\",\"@id\":\"https:\\\/\\\/unterirdis.ch\\\/wordpress\\\/2026\\\/03\\\/30\\\/folge-58-neues-denkmalgesetz-die-zukunft-des-lwl-entdecken\\\/#primaryimage\",\"url\":\"https:\\\/\\\/unterirdis.ch\\\/wp-content\\\/uploads\\\/2026\\\/03\\\/csm_Sandra-Peternek_93af03e201-2.jpg\",\"contentUrl\":\"https:\\\/\\\/unterirdis.ch\\\/wp-content\\\/uploads\\\/2026\\\/03\\\/csm_Sandra-Peternek_93af03e201-2.jpg\",\"width\":780,\"height\":975},{\"@type\":\"BreadcrumbList\",\"@id\":\"https:\\\/\\\/unterirdis.ch\\\/wordpress\\\/2026\\\/03\\\/30\\\/folge-58-neues-denkmalgesetz-die-zukunft-des-lwl-entdecken\\\/#breadcrumb\",\"itemListElement\":[{\"@type\":\"ListItem\",\"position\":1,\"name\":\"Startseite\",\"item\":\"https:\\\/\\\/unterirdis.ch\\\/wordpress\\\/\"},{\"@type\":\"ListItem\",\"position\":2,\"name\":\"Folge 58 -Neues Denkmalgesetz &amp; die Zukunft des LWL entdecken\"}]},{\"@type\":\"WebSite\",\"@id\":\"https:\\\/\\\/unterirdis.ch\\\/wordpress\\\/#website\",\"url\":\"https:\\\/\\\/unterirdis.ch\\\/wordpress\\\/\",\"name\":\"unterIrdisch - der Science-Blog aus dem Haus der Arch\u00e4ologien\",\"description\":\"der Science-Blog aus dem Haus der Arch\u00e4ologien\",\"publisher\":{\"@id\":\"https:\\\/\\\/unterirdis.ch\\\/wordpress\\\/#organization\"},\"alternateName\":\"unterIrdisch\",\"potentialAction\":[{\"@type\":\"SearchAction\",\"target\":{\"@type\":\"EntryPoint\",\"urlTemplate\":\"https:\\\/\\\/unterirdis.ch\\\/wordpress\\\/?s={search_term_string}\"},\"query-input\":{\"@type\":\"PropertyValueSpecification\",\"valueRequired\":true,\"valueName\":\"search_term_string\"}}],\"inLanguage\":\"de\"},{\"@type\":\"Organization\",\"@id\":\"https:\\\/\\\/unterirdis.ch\\\/wordpress\\\/#organization\",\"name\":\"unterIrdisch - der Science-Blog aus dem Haus der Arch\u00e4ologien\",\"alternateName\":\"unterIrdisch\",\"url\":\"https:\\\/\\\/unterirdis.ch\\\/wordpress\\\/\",\"logo\":{\"@type\":\"ImageObject\",\"inLanguage\":\"de\",\"@id\":\"https:\\\/\\\/unterirdis.ch\\\/wordpress\\\/#\\\/schema\\\/logo\\\/image\\\/\",\"url\":\"https:\\\/\\\/unterirdis.ch\\\/wp-content\\\/uploads\\\/2022\\\/03\\\/logo_3000p-scaled.jpg\",\"contentUrl\":\"https:\\\/\\\/unterirdis.ch\\\/wp-content\\\/uploads\\\/2022\\\/03\\\/logo_3000p-scaled.jpg\",\"width\":2560,\"height\":2560,\"caption\":\"unterIrdisch - der Science-Blog aus dem Haus der Arch\u00e4ologien\"},\"image\":{\"@id\":\"https:\\\/\\\/unterirdis.ch\\\/wordpress\\\/#\\\/schema\\\/logo\\\/image\\\/\"},\"sameAs\":[\"https:\\\/\\\/x.com\\\/unterirdis_ch\",\"https:\\\/\\\/instagram.com\\\/unterirdis.ch\",\"https:\\\/\\\/www.youtube.com\\\/channel\\\/UCWj0o58Zp9pOrkbG3Xh2C4Q\"]},{\"@type\":\"Person\",\"@id\":\"https:\\\/\\\/unterirdis.ch\\\/wordpress\\\/#\\\/schema\\\/person\\\/f90f7cf32df6d985ed2d976880dce7f5\",\"name\":\"Jacqueline G\u00f6dde\",\"image\":{\"@type\":\"ImageObject\",\"inLanguage\":\"de\",\"@id\":\"https:\\\/\\\/secure.gravatar.com\\\/avatar\\\/a26b920c94178ffd828e6ef244eeb87f2228982e645e40ed4ff0ecf728b05dcd?s=96&d=mm&r=g\",\"url\":\"https:\\\/\\\/secure.gravatar.com\\\/avatar\\\/a26b920c94178ffd828e6ef244eeb87f2228982e645e40ed4ff0ecf728b05dcd?s=96&d=mm&r=g\",\"contentUrl\":\"https:\\\/\\\/secure.gravatar.com\\\/avatar\\\/a26b920c94178ffd828e6ef244eeb87f2228982e645e40ed4ff0ecf728b05dcd?s=96&d=mm&r=g\",\"caption\":\"Jacqueline G\u00f6dde\"},\"url\":\"https:\\\/\\\/unterirdis.ch\\\/wordpress\\\/author\\\/jgoedde\\\/\"}]}<\/script>\n<!-- \/ Yoast SEO plugin. -->","yoast_head_json":{"title":"Folge 58 -Neues Denkmalgesetz &amp; die Zukunft des LWL entdecken - unterIrdisch","description":"In dieser spannenden Folge werfen wir einen Blick hinter die Kulissen des Landschaftsverbands Westfalen-Lippe (LWL) \u2013 und das mit einer besonderen Gespr\u00e4chspartnerin: der neuen Direktorin Sandra Peternek. Im Mittelpunkt steht ein Thema, das Vergangenheit und Zukunft gleicherma\u00dfen ber\u00fchrt: das neue Gesetz zur Bodendenkmalpflege.Was bedeutet dieses Gesetz konkret f\u00fcr den Schutz arch\u00e4ologischer Funde? Welche Verantwortung tr\u00e4gt der LWL dabei \u2013 und wie ver\u00e4ndert sich seine Rolle in einer Zeit, in der Bauprojekte, Klimawandel und Digitalisierung neue Herausforderungen mit sich bringen? Sandra Peternek gibt Einblicke in die vielf\u00e4ltigen Aufgaben des LWL, von der Denkmalpflege bis hin zur kulturellen Vermittlung, und zeigt auf, wie sich die Institution strategisch f\u00fcr die Zukunft aufstellt.Doch es geht nicht nur um Strukturen und Gesetze: Die Folge beleuchtet auch, welche Chancen sich f\u00fcr Studierende er\u00f6ffnen. Ob Praktika, Forschungsprojekte oder der Einstieg in ein spannendes Berufsfeld zwischen Wissenschaft und Gesellschaft \u2013 der LWL bietet vielf\u00e4ltige M\u00f6glichkeiten, aktiv mitzuwirken.Eine Folge f\u00fcr alle, die sich f\u00fcr Geschichte im Boden, kulturelles Erbe und die Zukunft \u00f6ffentlicher Institutionen interessieren \u2013 und f\u00fcr diejenigen, die ihren eigenen Platz darin finden wollen.","robots":{"index":"index","follow":"follow","max-snippet":"max-snippet:-1","max-image-preview":"max-image-preview:large","max-video-preview":"max-video-preview:-1"},"canonical":"https:\/\/unterirdis.ch\/wordpress\/2026\/03\/30\/folge-58-neues-denkmalgesetz-die-zukunft-des-lwl-entdecken\/","og_locale":"de_DE","og_type":"article","og_title":"Folge 58 -Neues Denkmalgesetz &amp; die Zukunft des LWL entdecken - unterIrdisch","og_description":"In dieser spannenden Folge werfen wir einen Blick hinter die Kulissen des Landschaftsverbands Westfalen-Lippe (LWL) \u2013 und das mit einer besonderen Gespr\u00e4chspartnerin: der neuen Direktorin Sandra Peternek. Im Mittelpunkt steht ein Thema, das Vergangenheit und Zukunft gleicherma\u00dfen ber\u00fchrt: das neue Gesetz zur Bodendenkmalpflege.Was bedeutet dieses Gesetz konkret f\u00fcr den Schutz arch\u00e4ologischer Funde? Welche Verantwortung tr\u00e4gt der LWL dabei \u2013 und wie ver\u00e4ndert sich seine Rolle in einer Zeit, in der Bauprojekte, Klimawandel und Digitalisierung neue Herausforderungen mit sich bringen? Sandra Peternek gibt Einblicke in die vielf\u00e4ltigen Aufgaben des LWL, von der Denkmalpflege bis hin zur kulturellen Vermittlung, und zeigt auf, wie sich die Institution strategisch f\u00fcr die Zukunft aufstellt.Doch es geht nicht nur um Strukturen und Gesetze: Die Folge beleuchtet auch, welche Chancen sich f\u00fcr Studierende er\u00f6ffnen. Ob Praktika, Forschungsprojekte oder der Einstieg in ein spannendes Berufsfeld zwischen Wissenschaft und Gesellschaft \u2013 der LWL bietet vielf\u00e4ltige M\u00f6glichkeiten, aktiv mitzuwirken.Eine Folge f\u00fcr alle, die sich f\u00fcr Geschichte im Boden, kulturelles Erbe und die Zukunft \u00f6ffentlicher Institutionen interessieren \u2013 und f\u00fcr diejenigen, die ihren eigenen Platz darin finden wollen.","og_url":"https:\/\/unterirdis.ch\/wordpress\/2026\/03\/30\/folge-58-neues-denkmalgesetz-die-zukunft-des-lwl-entdecken\/","og_site_name":"unterIrdisch","article_published_time":"2026-03-30T18:00:00+00:00","og_image":[{"width":780,"height":975,"url":"https:\/\/unterirdis.ch\/wp-content\/uploads\/2026\/03\/csm_Sandra-Peternek_93af03e201-2.jpg","type":"image\/jpeg"}],"author":"Jacqueline G\u00f6dde","twitter_card":"summary_large_image","twitter_creator":"@unterirdis_ch","twitter_site":"@unterirdis_ch","twitter_misc":{"Verfasst von":"Jacqueline G\u00f6dde","Gesch\u00e4tzte Lesezeit":"2\u00a0Minuten"},"schema":{"@context":"https:\/\/schema.org","@graph":[{"@type":"Article","@id":"https:\/\/unterirdis.ch\/wordpress\/2026\/03\/30\/folge-58-neues-denkmalgesetz-die-zukunft-des-lwl-entdecken\/#article","isPartOf":{"@id":"https:\/\/unterirdis.ch\/wordpress\/2026\/03\/30\/folge-58-neues-denkmalgesetz-die-zukunft-des-lwl-entdecken\/"},"author":{"name":"Jacqueline G\u00f6dde","@id":"https:\/\/unterirdis.ch\/wordpress\/#\/schema\/person\/f90f7cf32df6d985ed2d976880dce7f5"},"headline":"Folge 58 -Neues Denkmalgesetz &amp; die Zukunft des LWL entdecken","datePublished":"2026-03-30T18:00:00+00:00","mainEntityOfPage":{"@id":"https:\/\/unterirdis.ch\/wordpress\/2026\/03\/30\/folge-58-neues-denkmalgesetz-die-zukunft-des-lwl-entdecken\/"},"wordCount":170,"commentCount":0,"publisher":{"@id":"https:\/\/unterirdis.ch\/wordpress\/#organization"},"image":{"@id":"https:\/\/unterirdis.ch\/wordpress\/2026\/03\/30\/folge-58-neues-denkmalgesetz-die-zukunft-des-lwl-entdecken\/#primaryimage"},"thumbnailUrl":"https:\/\/unterirdis.ch\/wp-content\/uploads\/2026\/03\/csm_Sandra-Peternek_93af03e201-2.jpg","articleSection":["unterFreunden","unterUns"],"inLanguage":"de","potentialAction":[{"@type":"CommentAction","name":"Comment","target":["https:\/\/unterirdis.ch\/wordpress\/2026\/03\/30\/folge-58-neues-denkmalgesetz-die-zukunft-des-lwl-entdecken\/#respond"]}]},{"@type":"WebPage","@id":"https:\/\/unterirdis.ch\/wordpress\/2026\/03\/30\/folge-58-neues-denkmalgesetz-die-zukunft-des-lwl-entdecken\/","url":"https:\/\/unterirdis.ch\/wordpress\/2026\/03\/30\/folge-58-neues-denkmalgesetz-die-zukunft-des-lwl-entdecken\/","name":"Folge 58 -Neues Denkmalgesetz &amp; die Zukunft des LWL entdecken - unterIrdisch","isPartOf":{"@id":"https:\/\/unterirdis.ch\/wordpress\/#website"},"primaryImageOfPage":{"@id":"https:\/\/unterirdis.ch\/wordpress\/2026\/03\/30\/folge-58-neues-denkmalgesetz-die-zukunft-des-lwl-entdecken\/#primaryimage"},"image":{"@id":"https:\/\/unterirdis.ch\/wordpress\/2026\/03\/30\/folge-58-neues-denkmalgesetz-die-zukunft-des-lwl-entdecken\/#primaryimage"},"thumbnailUrl":"https:\/\/unterirdis.ch\/wp-content\/uploads\/2026\/03\/csm_Sandra-Peternek_93af03e201-2.jpg","datePublished":"2026-03-30T18:00:00+00:00","description":"In dieser spannenden Folge werfen wir einen Blick hinter die Kulissen des Landschaftsverbands Westfalen-Lippe (LWL) \u2013 und das mit einer besonderen Gespr\u00e4chspartnerin: der neuen Direktorin Sandra Peternek. Im Mittelpunkt steht ein Thema, das Vergangenheit und Zukunft gleicherma\u00dfen ber\u00fchrt: das neue Gesetz zur Bodendenkmalpflege.Was bedeutet dieses Gesetz konkret f\u00fcr den Schutz arch\u00e4ologischer Funde? Welche Verantwortung tr\u00e4gt der LWL dabei \u2013 und wie ver\u00e4ndert sich seine Rolle in einer Zeit, in der Bauprojekte, Klimawandel und Digitalisierung neue Herausforderungen mit sich bringen? Sandra Peternek gibt Einblicke in die vielf\u00e4ltigen Aufgaben des LWL, von der Denkmalpflege bis hin zur kulturellen Vermittlung, und zeigt auf, wie sich die Institution strategisch f\u00fcr die Zukunft aufstellt.Doch es geht nicht nur um Strukturen und Gesetze: Die Folge beleuchtet auch, welche Chancen sich f\u00fcr Studierende er\u00f6ffnen. Ob Praktika, Forschungsprojekte oder der Einstieg in ein spannendes Berufsfeld zwischen Wissenschaft und Gesellschaft \u2013 der LWL bietet vielf\u00e4ltige M\u00f6glichkeiten, aktiv mitzuwirken.Eine Folge f\u00fcr alle, die sich f\u00fcr Geschichte im Boden, kulturelles Erbe und die Zukunft \u00f6ffentlicher Institutionen interessieren \u2013 und f\u00fcr diejenigen, die ihren eigenen Platz darin finden wollen.","breadcrumb":{"@id":"https:\/\/unterirdis.ch\/wordpress\/2026\/03\/30\/folge-58-neues-denkmalgesetz-die-zukunft-des-lwl-entdecken\/#breadcrumb"},"inLanguage":"de","potentialAction":[{"@type":"ReadAction","target":["https:\/\/unterirdis.ch\/wordpress\/2026\/03\/30\/folge-58-neues-denkmalgesetz-die-zukunft-des-lwl-entdecken\/"]}]},{"@type":"ImageObject","inLanguage":"de","@id":"https:\/\/unterirdis.ch\/wordpress\/2026\/03\/30\/folge-58-neues-denkmalgesetz-die-zukunft-des-lwl-entdecken\/#primaryimage","url":"https:\/\/unterirdis.ch\/wp-content\/uploads\/2026\/03\/csm_Sandra-Peternek_93af03e201-2.jpg","contentUrl":"https:\/\/unterirdis.ch\/wp-content\/uploads\/2026\/03\/csm_Sandra-Peternek_93af03e201-2.jpg","width":780,"height":975},{"@type":"BreadcrumbList","@id":"https:\/\/unterirdis.ch\/wordpress\/2026\/03\/30\/folge-58-neues-denkmalgesetz-die-zukunft-des-lwl-entdecken\/#breadcrumb","itemListElement":[{"@type":"ListItem","position":1,"name":"Startseite","item":"https:\/\/unterirdis.ch\/wordpress\/"},{"@type":"ListItem","position":2,"name":"Folge 58 -Neues Denkmalgesetz &amp; die Zukunft des LWL entdecken"}]},{"@type":"WebSite","@id":"https:\/\/unterirdis.ch\/wordpress\/#website","url":"https:\/\/unterirdis.ch\/wordpress\/","name":"unterIrdisch - der Science-Blog aus dem Haus der Arch\u00e4ologien","description":"der Science-Blog aus dem Haus der Arch\u00e4ologien","publisher":{"@id":"https:\/\/unterirdis.ch\/wordpress\/#organization"},"alternateName":"unterIrdisch","potentialAction":[{"@type":"SearchAction","target":{"@type":"EntryPoint","urlTemplate":"https:\/\/unterirdis.ch\/wordpress\/?s={search_term_string}"},"query-input":{"@type":"PropertyValueSpecification","valueRequired":true,"valueName":"search_term_string"}}],"inLanguage":"de"},{"@type":"Organization","@id":"https:\/\/unterirdis.ch\/wordpress\/#organization","name":"unterIrdisch - der Science-Blog aus dem Haus der Arch\u00e4ologien","alternateName":"unterIrdisch","url":"https:\/\/unterirdis.ch\/wordpress\/","logo":{"@type":"ImageObject","inLanguage":"de","@id":"https:\/\/unterirdis.ch\/wordpress\/#\/schema\/logo\/image\/","url":"https:\/\/unterirdis.ch\/wp-content\/uploads\/2022\/03\/logo_3000p-scaled.jpg","contentUrl":"https:\/\/unterirdis.ch\/wp-content\/uploads\/2022\/03\/logo_3000p-scaled.jpg","width":2560,"height":2560,"caption":"unterIrdisch - der Science-Blog aus dem Haus der Arch\u00e4ologien"},"image":{"@id":"https:\/\/unterirdis.ch\/wordpress\/#\/schema\/logo\/image\/"},"sameAs":["https:\/\/x.com\/unterirdis_ch","https:\/\/instagram.com\/unterirdis.ch","https:\/\/www.youtube.com\/channel\/UCWj0o58Zp9pOrkbG3Xh2C4Q"]},{"@type":"Person","@id":"https:\/\/unterirdis.ch\/wordpress\/#\/schema\/person\/f90f7cf32df6d985ed2d976880dce7f5","name":"Jacqueline G\u00f6dde","image":{"@type":"ImageObject","inLanguage":"de","@id":"https:\/\/secure.gravatar.com\/avatar\/a26b920c94178ffd828e6ef244eeb87f2228982e645e40ed4ff0ecf728b05dcd?s=96&d=mm&r=g","url":"https:\/\/secure.gravatar.com\/avatar\/a26b920c94178ffd828e6ef244eeb87f2228982e645e40ed4ff0ecf728b05dcd?s=96&d=mm&r=g","contentUrl":"https:\/\/secure.gravatar.com\/avatar\/a26b920c94178ffd828e6ef244eeb87f2228982e645e40ed4ff0ecf728b05dcd?s=96&d=mm&r=g","caption":"Jacqueline G\u00f6dde"},"url":"https:\/\/unterirdis.ch\/wordpress\/author\/jgoedde\/"}]}},"_links":{"self":[{"href":"https:\/\/unterirdis.ch\/wordpress\/wp-json\/wp\/v2\/posts\/2867","targetHints":{"allow":["GET"]}}],"collection":[{"href":"https:\/\/unterirdis.ch\/wordpress\/wp-json\/wp\/v2\/posts"}],"about":[{"href":"https:\/\/unterirdis.ch\/wordpress\/wp-json\/wp\/v2\/types\/post"}],"author":[{"embeddable":true,"href":"https:\/\/unterirdis.ch\/wordpress\/wp-json\/wp\/v2\/users\/4"}],"replies":[{"embeddable":true,"href":"https:\/\/unterirdis.ch\/wordpress\/wp-json\/wp\/v2\/comments?post=2867"}],"version-history":[{"count":5,"href":"https:\/\/unterirdis.ch\/wordpress\/wp-json\/wp\/v2\/posts\/2867\/revisions"}],"predecessor-version":[{"id":2874,"href":"https:\/\/unterirdis.ch\/wordpress\/wp-json\/wp\/v2\/posts\/2867\/revisions\/2874"}],"wp:featuredmedia":[{"embeddable":true,"href":"https:\/\/unterirdis.ch\/wordpress\/wp-json\/wp\/v2\/media\/2854"}],"wp:attachment":[{"href":"https:\/\/unterirdis.ch\/wordpress\/wp-json\/wp\/v2\/media?parent=2867"}],"wp:term":[{"taxonomy":"category","embeddable":true,"href":"https:\/\/unterirdis.ch\/wordpress\/wp-json\/wp\/v2\/categories?post=2867"},{"taxonomy":"post_tag","embeddable":true,"href":"https:\/\/unterirdis.ch\/wordpress\/wp-json\/wp\/v2\/tags?post=2867"}],"curies":[{"name":"wp","href":"https:\/\/api.w.org\/{rel}","templated":true}]}}