{"id":2713,"date":"2025-04-10T10:23:13","date_gmt":"2025-04-10T08:23:13","guid":{"rendered":"https:\/\/unterirdis.ch\/wordpress\/?p=2713"},"modified":"2025-04-10T10:30:09","modified_gmt":"2025-04-10T08:30:09","slug":"der-letzte-seiner-art","status":"publish","type":"post","link":"https:\/\/unterirdis.ch\/wordpress\/2025\/04\/10\/der-letzte-seiner-art\/","title":{"rendered":"Der letzte seiner Art"},"content":{"rendered":"\t\t<div data-elementor-type=\"wp-post\" data-elementor-id=\"2713\" class=\"elementor elementor-2713\" data-elementor-post-type=\"post\">\n\t\t\t\t\t\t<section class=\"elementor-section elementor-top-section elementor-element elementor-element-139fe1f elementor-section-boxed elementor-section-height-default elementor-section-height-default\" data-id=\"139fe1f\" data-element_type=\"section\" data-e-type=\"section\">\n\t\t\t\t\t\t<div class=\"elementor-container elementor-column-gap-default\">\n\t\t\t\t\t<div class=\"elementor-column elementor-col-100 elementor-top-column elementor-element elementor-element-a591eca\" data-id=\"a591eca\" data-element_type=\"column\" data-e-type=\"column\">\n\t\t\t<div class=\"elementor-widget-wrap elementor-element-populated\">\n\t\t\t\t\t\t<div class=\"elementor-element elementor-element-a090c5a elementor-widget elementor-widget-heading\" data-id=\"a090c5a\" data-element_type=\"widget\" data-e-type=\"widget\" data-widget_type=\"heading.default\">\n\t\t\t\t<div class=\"elementor-widget-container\">\n\t\t\t\t\t<h2 class=\"elementor-heading-title elementor-size-default\">Abschluss eines arch\u00e4ologischen Experimentes im LWL-Freilichtmuseum Hagen<\/h2>\t\t\t\t<\/div>\n\t\t\t\t<\/div>\n\t\t\t\t\t<\/div>\n\t\t<\/div>\n\t\t\t\t\t<\/div>\n\t\t<\/section>\n\t\t\t\t<section class=\"elementor-section elementor-top-section elementor-element elementor-element-21eaaaa elementor-section-boxed elementor-section-height-default elementor-section-height-default\" data-id=\"21eaaaa\" data-element_type=\"section\" data-e-type=\"section\">\n\t\t\t\t\t\t<div class=\"elementor-container elementor-column-gap-default\">\n\t\t\t\t\t<div class=\"elementor-column elementor-col-50 elementor-top-column elementor-element elementor-element-0cbbd11\" data-id=\"0cbbd11\" data-element_type=\"column\" data-e-type=\"column\">\n\t\t\t<div class=\"elementor-widget-wrap elementor-element-populated\">\n\t\t\t\t\t\t<div class=\"elementor-element elementor-element-0f5c50a elementor-widget elementor-widget-text-editor\" data-id=\"0f5c50a\" data-element_type=\"widget\" data-e-type=\"widget\" data-widget_type=\"text-editor.default\">\n\t\t\t\t<div class=\"elementor-widget-container\">\n\t\t\t\t\t\t\t\t\t<p>Nur selten mutet arch\u00e4ologische Forschung wie eine Zeitreise an. Denn zu lange sind die erforschten Ereignisse her oder zu wenig sind die wissenschaftlichen Fakten hierzu konkret. Folglich erlaubt gut begr\u00fcndete wissenschaftliche Skepsis keine unzweifelhafte Rekonstruktion der Vergangenheit. Das Leben, Wirken und Sterben der Menschen der Vor- und Fr\u00fchgeschichte bleibt damit \u00fcberwiegend im Dunkeln. Die experimentelle Arch\u00e4ologie vermag allerdings in seltenen F\u00e4llen kleine konkrete Fenster in die Alltagskultur der Vorzeit zu \u00f6ffnen und kann sogar Facetten der pr\u00e4historischen Vergangenheit erlebbar machen.<\/p><p>Ein solches Fenster \u00f6ffnete sich 2017. Mit einem international beachteten arch\u00e4ologischen Experiment rekonstruierte die LWL-Arch\u00e4ologie f\u00fcr Westfalen (Au\u00dfenstelle Olpe), das Deutsche Bergbau-Museum Bochum (Leibniz-Forschungsmuseum f\u00fcr Georessourcen), die Ruhr-Universit\u00e4t Bochum (Institut f\u00fcr Arch\u00e4ologische Wissenschaften) sowie das Leibniz-Zentrum f\u00fcr Arch\u00e4ologie Mainz (LEIZA) und mit Unterst\u00fctzung des LWL-Freilichtmuseums Hagen sowie des Instituts f\u00fcr Ziegelforschung Essen e.V. einen Verh\u00fcttungsofen der Siegerl\u00e4nder Eisenzeit und betrieb ihn 2017 und 2018 erfolgreich.<\/p>\t\t\t\t\t\t\t\t<\/div>\n\t\t\t\t<\/div>\n\t\t\t\t\t<\/div>\n\t\t<\/div>\n\t\t\t\t<div class=\"elementor-column elementor-col-50 elementor-top-column elementor-element elementor-element-9a6dc5f\" data-id=\"9a6dc5f\" data-element_type=\"column\" data-e-type=\"column\">\n\t\t\t<div class=\"elementor-widget-wrap elementor-element-populated\">\n\t\t\t\t\t\t<div class=\"elementor-element elementor-element-2b48486 elementor-widget elementor-widget-image\" data-id=\"2b48486\" data-element_type=\"widget\" data-e-type=\"widget\" data-widget_type=\"image.default\">\n\t\t\t\t<div class=\"elementor-widget-container\">\n\t\t\t\t\t\t\t\t\t\t\t\t<figure class=\"wp-caption\">\n\t\t\t\t\t\t\t\t\t\t<img fetchpriority=\"high\" decoding=\"async\" width=\"800\" height=\"645\" src=\"https:\/\/unterirdis.ch\/wp-content\/uploads\/2025\/04\/Abb_01-1024x825.jpg\" class=\"attachment-large size-large wp-image-2715\" alt=\"\" srcset=\"https:\/\/unterirdis.ch\/wp-content\/uploads\/2025\/04\/Abb_01-1024x825.jpg 1024w, https:\/\/unterirdis.ch\/wp-content\/uploads\/2025\/04\/Abb_01-300x242.jpg 300w, https:\/\/unterirdis.ch\/wp-content\/uploads\/2025\/04\/Abb_01-768x619.jpg 768w, https:\/\/unterirdis.ch\/wp-content\/uploads\/2025\/04\/Abb_01-1536x1237.jpg 1536w, https:\/\/unterirdis.ch\/wp-content\/uploads\/2025\/04\/Abb_01-2048x1650.jpg 2048w\" sizes=\"(max-width: 800px) 100vw, 800px\" \/>\t\t\t\t\t\t\t\t\t\t\t<figcaption class=\"widget-image-caption wp-caption-text\">Der Experimentofen ist tats\u00e4chlich \u00fcbermannshoch. Derartige \u00d6fen waren typisch im eisenzeitlichen Siegerland und waren die gr\u00f6\u00dften Verh\u00fcttungsanlagen Europas (Foto: LWL-Arch\u00e4ologie f\u00fcr Westfalen\/Manuel Zeiler).<\/figcaption>\n\t\t\t\t\t\t\t\t\t\t<\/figure>\n\t\t\t\t\t\t\t\t\t<\/div>\n\t\t\t\t<\/div>\n\t\t\t\t\t<\/div>\n\t\t<\/div>\n\t\t\t\t\t<\/div>\n\t\t<\/section>\n\t\t\t\t<section class=\"elementor-section elementor-top-section elementor-element elementor-element-608bf6d elementor-section-boxed elementor-section-height-default elementor-section-height-default\" data-id=\"608bf6d\" data-element_type=\"section\" data-e-type=\"section\">\n\t\t\t\t\t\t<div class=\"elementor-container elementor-column-gap-default\">\n\t\t\t\t\t<div class=\"elementor-column elementor-col-100 elementor-top-column elementor-element elementor-element-8bad4bc\" data-id=\"8bad4bc\" data-element_type=\"column\" data-e-type=\"column\">\n\t\t\t<div class=\"elementor-widget-wrap elementor-element-populated\">\n\t\t\t\t\t\t<div class=\"elementor-element elementor-element-d067c5f elementor-widget elementor-widget-text-editor\" data-id=\"d067c5f\" data-element_type=\"widget\" data-e-type=\"widget\" data-widget_type=\"text-editor.default\">\n\t\t\t\t<div class=\"elementor-widget-container\">\n\t\t\t\t\t\t\t\t\t<p>Im Zeitraum zwischen 300 v. Chr. und der Zeitenwende waren die Verh\u00fcttungs\u00f6fen im Siegerland die gr\u00f6\u00dften ihrer Art in Europa. Arch\u00e4ologische Ausgrabungen erbrachten, dass sie auf umfangreiche Produktion hin gebaut waren und in der gesamten Region einheitliche Konstruktionsstandards galten \u2013 das Siegerland war eine einzigartige Eisenproduktionslandschaft der Eisenzeit. Doch wie umfangreich war die Verh\u00fcttung? Konnten die \u00d6fen effektiv betrieben werden und lieferten sie relevante Eisenmengen? Wie gro\u00df war der Brennstoffverbrauch und wie wurden diese gro\u00dfen \u00d6fen \u00fcberhaupt betrieben?<\/p><p>Die umfangreichen arch\u00e4ologischen Experimente vermochten tats\u00e4chlich das \u00fcber 2000 Jahre alte Verh\u00fcttungsverfahren zu rekonstruieren. Sie konnten kl\u00e4ren, dass die eisenzeitlichen H\u00fcttenleute massenhaft Eisen erzeugten und wie die Arbeiten konkret abliefen. Auf dem Blog der LWL-Arch\u00e4ologie wurde hierzu mit 15 Beitr\u00e4gen intensiv berichtet.\u00a0<\/p><p>Nun steht er seit 2018 da und verfiel ganz bewusst: Der Experiment-Verh\u00fcttungsofen wurde nach Abschluss der zweiten Experimentreihe sich selbst \u00fcberlassen, um die Verfallsprozesse zu studieren. Erstaunlich ist seine relativ gute Erhaltung noch im Fr\u00fchjahr 2025 nach fast acht Jahren ohne Wetterschutz. Er ist der einzige gut erhaltene Verh\u00fcttungsofen eisenzeitlicher Siegerl\u00e4nder Bauweise \u2013 der letzte seiner Art!<\/p><p>Der letzte seiner Art hat noch eine wichtige finale Aufgabe: Am Samstag, den 12. April werden Arch\u00e4ologinnen und Arch\u00e4ologen der Forschungskooperation den Ofen samt seinem Umfeld systematisch intensiv ausgraben. Ziel der Ma\u00dfnahme ist, Plana und Profile zu erstellen, die mit Plana und Profilen arch\u00e4ologischer Ausgrabungen an eisenzeitlichen Verh\u00fcttungs\u00f6fen des Siegerlandes verglichen werden k\u00f6nnen. Damit werden wichtige Daten gewonnen, die es uns erlauben werden, Deutungsmodelle zu \u00fcberpr\u00fcfen.<\/p><p>Viele Interessierte haben uns in den letzten Jahren intensiv bekleidet und das Projekt wahrgenommen. Wir laden an dieser Stelle sie zum letzten Mal ein, unsere Arbeiten zu besichtigen und vom letzten seiner Art Abschied zu nehmen! Die arch\u00e4ologischen Ma\u00dfnahmen werden den Experimentofen n\u00e4mlich zerst\u00f6ren m\u00fcssen, damit eine geeignete Dokumentation gelingt.<\/p>\t\t\t\t\t\t\t\t<\/div>\n\t\t\t\t<\/div>\n\t\t\t\t<div class=\"elementor-element elementor-element-72a125d elementor-widget elementor-widget-image\" data-id=\"72a125d\" data-element_type=\"widget\" data-e-type=\"widget\" data-widget_type=\"image.default\">\n\t\t\t\t<div class=\"elementor-widget-container\">\n\t\t\t\t\t\t\t\t\t\t\t\t<figure class=\"wp-caption\">\n\t\t\t\t\t\t\t\t\t\t<img decoding=\"async\" width=\"800\" height=\"534\" src=\"https:\/\/unterirdis.ch\/wp-content\/uploads\/2025\/04\/Titelbild-1024x683.jpg\" class=\"attachment-large size-large wp-image-2716\" alt=\"\" srcset=\"https:\/\/unterirdis.ch\/wp-content\/uploads\/2025\/04\/Titelbild-1024x683.jpg 1024w, https:\/\/unterirdis.ch\/wp-content\/uploads\/2025\/04\/Titelbild-300x200.jpg 300w, https:\/\/unterirdis.ch\/wp-content\/uploads\/2025\/04\/Titelbild-768x512.jpg 768w, https:\/\/unterirdis.ch\/wp-content\/uploads\/2025\/04\/Titelbild-1536x1024.jpg 1536w, https:\/\/unterirdis.ch\/wp-content\/uploads\/2025\/04\/Titelbild-2048x1366.jpg 2048w\" sizes=\"(max-width: 800px) 100vw, 800px\" \/>\t\t\t\t\t\t\t\t\t\t\t<figcaption class=\"widget-image-caption wp-caption-text\">Der letzte seiner Art: Der Verh\u00fctungsofen der arch\u00e4ologischen Experimentreihe 2017-2018 zum Zeitpunkt der ersten Experimentreihe 2017. Er ist im Hag eingebaut und wirkt auf diesem Foto klein und unscheinbar (Foto: Altertumskommission f\u00fcr Westfalen\/Leo Klinke).<\/figcaption>\n\t\t\t\t\t\t\t\t\t\t<\/figure>\n\t\t\t\t\t\t\t\t\t<\/div>\n\t\t\t\t<\/div>\n\t\t\t\t<div class=\"elementor-element elementor-element-baa0a98 elementor-widget elementor-widget-heading\" data-id=\"baa0a98\" data-element_type=\"widget\" data-e-type=\"widget\" data-widget_type=\"heading.default\">\n\t\t\t\t<div class=\"elementor-widget-container\">\n\t\t\t\t\t<h2 class=\"elementor-heading-title elementor-size-default\">Bisherige Berichte auf dem Blog der LWL-Arch\u00e4ologie<\/h2>\t\t\t\t<\/div>\n\t\t\t\t<\/div>\n\t\t\t\t<section class=\"elementor-section elementor-inner-section elementor-element elementor-element-cb74dea elementor-section-boxed elementor-section-height-default elementor-section-height-default\" data-id=\"cb74dea\" data-element_type=\"section\" data-e-type=\"section\">\n\t\t\t\t\t\t<div class=\"elementor-container elementor-column-gap-default\">\n\t\t\t\t\t<div class=\"elementor-column elementor-col-50 elementor-inner-column elementor-element elementor-element-e34e1ff\" data-id=\"e34e1ff\" data-element_type=\"column\" data-e-type=\"column\">\n\t\t\t<div class=\"elementor-widget-wrap elementor-element-populated\">\n\t\t\t\t\t\t<div class=\"elementor-element elementor-element-13a24b3 elementor-widget elementor-widget-text-editor\" data-id=\"13a24b3\" data-element_type=\"widget\" data-e-type=\"widget\" data-widget_type=\"text-editor.default\">\n\t\t\t\t<div class=\"elementor-widget-container\">\n\t\t\t\t\t\t\t\t\t<p><a href=\"https:\/\/www.lwl-archaeologie.de\/de\/blog\/eisenland-siegerland-film-ab\/\">EisenLand-Siegerland<\/a><\/p><p><a href=\"https:\/\/www.lwl-archaeologie.de\/de\/blog\/das-verschollene-rezept\/\">Das verschollene Rezept<\/a><\/p><p><a href=\"https:\/\/www.lwl-archaeologie.de\/de\/blog\/die-kelten-kommen\/\">Die Kelten kommen<\/a><\/p><p><a href=\"https:\/\/www.lwl-archaeologie.de\/de\/blog\/achtung-experiment-teil-12\/\">Achtung Experiment! &#8211; Teil 12<\/a><\/p><p><a href=\"https:\/\/www.lwl-archaeologie.de\/de\/blog\/achtung-experiment-teil-11\/\">Achtung Experiment! &#8211; Teil 11<\/a><\/p><p><a href=\"https:\/\/www.lwl-archaeologie.de\/de\/blog\/ofenexperiment-10\/\">Achtung Experiment! &#8211; Teil 10<\/a><\/p><p><a href=\"https:\/\/www.lwl-archaeologie.de\/de\/blog\/ofenexperiment9\/\">Achtung Experiment! &#8211; Teil 9<\/a><\/p><p><a href=\"https:\/\/www.lwl-archaeologie.de\/de\/blog\/experiment-8\/\">Achtung Experiment! &#8211; Teil 8<\/a><\/p>\t\t\t\t\t\t\t\t<\/div>\n\t\t\t\t<\/div>\n\t\t\t\t\t<\/div>\n\t\t<\/div>\n\t\t\t\t<div class=\"elementor-column elementor-col-50 elementor-inner-column elementor-element elementor-element-23f4414\" data-id=\"23f4414\" data-element_type=\"column\" data-e-type=\"column\">\n\t\t\t<div class=\"elementor-widget-wrap elementor-element-populated\">\n\t\t\t\t\t\t<div class=\"elementor-element elementor-element-dc6879e elementor-widget elementor-widget-text-editor\" data-id=\"dc6879e\" data-element_type=\"widget\" data-e-type=\"widget\" data-widget_type=\"text-editor.default\">\n\t\t\t\t<div class=\"elementor-widget-container\">\n\t\t\t\t\t\t\t\t\t<p><a href=\"https:\/\/www.lwl-archaeologie.de\/de\/blog\/experiment-7\/\">Achtung Experiment! &#8211; Teil 7<\/a><\/p><p><a href=\"https:\/\/www.lwl-archaeologie.de\/de\/blog\/experiment-teil-6\/\">Achtung Experiment! &#8211; Teil 6<\/a><\/p><p><a href=\"https:\/\/www.lwl-archaeologie.de\/de\/blog\/experiment-teil-5\/\">Achtung Experiment! &#8211; Teil 5<\/a><\/p><p><a href=\"https:\/\/www.lwl-archaeologie.de\/de\/blog\/experiment-4\/\">Achtung Experiment! &#8211; Teil 4<\/a><\/p><p><a href=\"https:\/\/www.lwl-archaeologie.de\/de\/blog\/achtung-experiment-3\/\">Achtung Experiment! &#8211; Teil 3<\/a><\/p><p><a href=\"https:\/\/www.lwl-archaeologie.de\/de\/blog\/achtung-experiment-teil-2\/\">Achtung Experiment! &#8211; Teil 2<\/a><\/p><p><a href=\"https:\/\/www.lwl-archaeologie.de\/de\/blog\/experiment-eisenzeit\/\">Achtung Experiment! &#8211; Teil 1<\/a><\/p>\t\t\t\t\t\t\t\t<\/div>\n\t\t\t\t<\/div>\n\t\t\t\t\t<\/div>\n\t\t<\/div>\n\t\t\t\t\t<\/div>\n\t\t<\/section>\n\t\t\t\t\t<\/div>\n\t\t<\/div>\n\t\t\t\t\t<\/div>\n\t\t<\/section>\n\t\t\t\t<\/div>\n\t\t","protected":false},"excerpt":{"rendered":"<p>Abschluss eines arch\u00e4ologischen Experimentes im LWL-Freilichtmuseum Hagen Nur selten mutet arch\u00e4ologische Forschung wie eine Zeitreise an. Denn zu lange sind die erforschten Ereignisse her oder zu wenig sind die wissenschaftlichen [&hellip;]<\/p>\n","protected":false},"author":2,"featured_media":2716,"comment_status":"open","ping_status":"open","sticky":false,"template":"","format":"standard","meta":{"footnotes":""},"categories":[18,17,5],"tags":[],"class_list":["post-2713","post","type-post","status-publish","format-standard","has-post-thumbnail","hentry","category-im-museum","category-deutschland","category-unteruns"],"yoast_head":"<!-- This site is optimized with the Yoast SEO plugin v27.5 - https:\/\/yoast.com\/product\/yoast-seo-wordpress\/ -->\n<title>Der letzte seiner Art - unterIrdisch<\/title>\n<meta name=\"robots\" content=\"index, follow, max-snippet:-1, max-image-preview:large, max-video-preview:-1\" \/>\n<link rel=\"canonical\" href=\"https:\/\/unterirdis.ch\/wordpress\/2025\/04\/10\/der-letzte-seiner-art\/\" \/>\n<meta property=\"og:locale\" content=\"de_DE\" \/>\n<meta property=\"og:type\" content=\"article\" \/>\n<meta property=\"og:title\" content=\"Der letzte seiner Art - unterIrdisch\" \/>\n<meta property=\"og:description\" content=\"Abschluss eines arch\u00e4ologischen Experimentes im LWL-Freilichtmuseum Hagen Nur selten mutet arch\u00e4ologische Forschung wie eine Zeitreise an. Denn zu lange sind die erforschten Ereignisse her oder zu wenig sind die wissenschaftlichen [&hellip;]\" \/>\n<meta property=\"og:url\" content=\"https:\/\/unterirdis.ch\/wordpress\/2025\/04\/10\/der-letzte-seiner-art\/\" \/>\n<meta property=\"og:site_name\" content=\"unterIrdisch\" \/>\n<meta property=\"article:published_time\" content=\"2025-04-10T08:23:13+00:00\" \/>\n<meta property=\"article:modified_time\" content=\"2025-04-10T08:30:09+00:00\" \/>\n<meta property=\"og:image\" content=\"https:\/\/unterirdis.ch\/wp-content\/uploads\/2025\/04\/Titelbild-scaled.jpg\" \/>\n\t<meta property=\"og:image:width\" content=\"2560\" \/>\n\t<meta property=\"og:image:height\" content=\"1707\" \/>\n\t<meta property=\"og:image:type\" content=\"image\/jpeg\" \/>\n<meta name=\"author\" content=\"Pia Patrizia Weber\" \/>\n<meta name=\"twitter:card\" content=\"summary_large_image\" \/>\n<meta name=\"twitter:creator\" content=\"@unterirdis_ch\" \/>\n<meta name=\"twitter:site\" content=\"@unterirdis_ch\" \/>\n<meta name=\"twitter:label1\" content=\"Verfasst von\" \/>\n\t<meta name=\"twitter:data1\" content=\"Pia Patrizia Weber\" \/>\n\t<meta name=\"twitter:label2\" content=\"Gesch\u00e4tzte Lesezeit\" \/>\n\t<meta name=\"twitter:data2\" content=\"4\u00a0Minuten\" \/>\n<script type=\"application\/ld+json\" class=\"yoast-schema-graph\">{\"@context\":\"https:\\\/\\\/schema.org\",\"@graph\":[{\"@type\":\"Article\",\"@id\":\"https:\\\/\\\/unterirdis.ch\\\/wordpress\\\/2025\\\/04\\\/10\\\/der-letzte-seiner-art\\\/#article\",\"isPartOf\":{\"@id\":\"https:\\\/\\\/unterirdis.ch\\\/wordpress\\\/2025\\\/04\\\/10\\\/der-letzte-seiner-art\\\/\"},\"author\":{\"name\":\"Pia Patrizia Weber\",\"@id\":\"https:\\\/\\\/unterirdis.ch\\\/wordpress\\\/#\\\/schema\\\/person\\\/e51321391df8a8104f4f9e7ea953fd72\"},\"headline\":\"Der letzte seiner Art\",\"datePublished\":\"2025-04-10T08:23:13+00:00\",\"dateModified\":\"2025-04-10T08:30:09+00:00\",\"mainEntityOfPage\":{\"@id\":\"https:\\\/\\\/unterirdis.ch\\\/wordpress\\\/2025\\\/04\\\/10\\\/der-letzte-seiner-art\\\/\"},\"wordCount\":619,\"commentCount\":0,\"publisher\":{\"@id\":\"https:\\\/\\\/unterirdis.ch\\\/wordpress\\\/#organization\"},\"image\":{\"@id\":\"https:\\\/\\\/unterirdis.ch\\\/wordpress\\\/2025\\\/04\\\/10\\\/der-letzte-seiner-art\\\/#primaryimage\"},\"thumbnailUrl\":\"https:\\\/\\\/unterirdis.ch\\\/wp-content\\\/uploads\\\/2025\\\/04\\\/Titelbild-scaled.jpg\",\"articleSection\":[\"am Deutschen Bergbau-Museum Bochum\",\"Deutschland\",\"unterUns\"],\"inLanguage\":\"de\",\"potentialAction\":[{\"@type\":\"CommentAction\",\"name\":\"Comment\",\"target\":[\"https:\\\/\\\/unterirdis.ch\\\/wordpress\\\/2025\\\/04\\\/10\\\/der-letzte-seiner-art\\\/#respond\"]}]},{\"@type\":\"WebPage\",\"@id\":\"https:\\\/\\\/unterirdis.ch\\\/wordpress\\\/2025\\\/04\\\/10\\\/der-letzte-seiner-art\\\/\",\"url\":\"https:\\\/\\\/unterirdis.ch\\\/wordpress\\\/2025\\\/04\\\/10\\\/der-letzte-seiner-art\\\/\",\"name\":\"Der letzte seiner Art - unterIrdisch\",\"isPartOf\":{\"@id\":\"https:\\\/\\\/unterirdis.ch\\\/wordpress\\\/#website\"},\"primaryImageOfPage\":{\"@id\":\"https:\\\/\\\/unterirdis.ch\\\/wordpress\\\/2025\\\/04\\\/10\\\/der-letzte-seiner-art\\\/#primaryimage\"},\"image\":{\"@id\":\"https:\\\/\\\/unterirdis.ch\\\/wordpress\\\/2025\\\/04\\\/10\\\/der-letzte-seiner-art\\\/#primaryimage\"},\"thumbnailUrl\":\"https:\\\/\\\/unterirdis.ch\\\/wp-content\\\/uploads\\\/2025\\\/04\\\/Titelbild-scaled.jpg\",\"datePublished\":\"2025-04-10T08:23:13+00:00\",\"dateModified\":\"2025-04-10T08:30:09+00:00\",\"breadcrumb\":{\"@id\":\"https:\\\/\\\/unterirdis.ch\\\/wordpress\\\/2025\\\/04\\\/10\\\/der-letzte-seiner-art\\\/#breadcrumb\"},\"inLanguage\":\"de\",\"potentialAction\":[{\"@type\":\"ReadAction\",\"target\":[\"https:\\\/\\\/unterirdis.ch\\\/wordpress\\\/2025\\\/04\\\/10\\\/der-letzte-seiner-art\\\/\"]}]},{\"@type\":\"ImageObject\",\"inLanguage\":\"de\",\"@id\":\"https:\\\/\\\/unterirdis.ch\\\/wordpress\\\/2025\\\/04\\\/10\\\/der-letzte-seiner-art\\\/#primaryimage\",\"url\":\"https:\\\/\\\/unterirdis.ch\\\/wp-content\\\/uploads\\\/2025\\\/04\\\/Titelbild-scaled.jpg\",\"contentUrl\":\"https:\\\/\\\/unterirdis.ch\\\/wp-content\\\/uploads\\\/2025\\\/04\\\/Titelbild-scaled.jpg\",\"width\":2560,\"height\":1707,\"caption\":\"Der letzte seiner Art: Der Verh\u00fctungsofen der arch\u00e4ologischen Experimentreihe 2017-2018 zum Zeitpunkt der ersten Experimentreihe 2017. Er ist im Hag eingebaut und wirkt auf diesem Foto klein und unscheinbar (Foto: Altertumskommission f\u00fcr Westfalen\\\/Leo Klinke).\"},{\"@type\":\"BreadcrumbList\",\"@id\":\"https:\\\/\\\/unterirdis.ch\\\/wordpress\\\/2025\\\/04\\\/10\\\/der-letzte-seiner-art\\\/#breadcrumb\",\"itemListElement\":[{\"@type\":\"ListItem\",\"position\":1,\"name\":\"Startseite\",\"item\":\"https:\\\/\\\/unterirdis.ch\\\/wordpress\\\/\"},{\"@type\":\"ListItem\",\"position\":2,\"name\":\"Der letzte seiner Art\"}]},{\"@type\":\"WebSite\",\"@id\":\"https:\\\/\\\/unterirdis.ch\\\/wordpress\\\/#website\",\"url\":\"https:\\\/\\\/unterirdis.ch\\\/wordpress\\\/\",\"name\":\"unterIrdisch - der Science-Blog aus dem Haus der Arch\u00e4ologien\",\"description\":\"der Science-Blog aus dem Haus der Arch\u00e4ologien\",\"publisher\":{\"@id\":\"https:\\\/\\\/unterirdis.ch\\\/wordpress\\\/#organization\"},\"alternateName\":\"unterIrdisch\",\"potentialAction\":[{\"@type\":\"SearchAction\",\"target\":{\"@type\":\"EntryPoint\",\"urlTemplate\":\"https:\\\/\\\/unterirdis.ch\\\/wordpress\\\/?s={search_term_string}\"},\"query-input\":{\"@type\":\"PropertyValueSpecification\",\"valueRequired\":true,\"valueName\":\"search_term_string\"}}],\"inLanguage\":\"de\"},{\"@type\":\"Organization\",\"@id\":\"https:\\\/\\\/unterirdis.ch\\\/wordpress\\\/#organization\",\"name\":\"unterIrdisch - der Science-Blog aus dem Haus der Arch\u00e4ologien\",\"alternateName\":\"unterIrdisch\",\"url\":\"https:\\\/\\\/unterirdis.ch\\\/wordpress\\\/\",\"logo\":{\"@type\":\"ImageObject\",\"inLanguage\":\"de\",\"@id\":\"https:\\\/\\\/unterirdis.ch\\\/wordpress\\\/#\\\/schema\\\/logo\\\/image\\\/\",\"url\":\"https:\\\/\\\/unterirdis.ch\\\/wp-content\\\/uploads\\\/2022\\\/03\\\/logo_3000p-scaled.jpg\",\"contentUrl\":\"https:\\\/\\\/unterirdis.ch\\\/wp-content\\\/uploads\\\/2022\\\/03\\\/logo_3000p-scaled.jpg\",\"width\":2560,\"height\":2560,\"caption\":\"unterIrdisch - der Science-Blog aus dem Haus der Arch\u00e4ologien\"},\"image\":{\"@id\":\"https:\\\/\\\/unterirdis.ch\\\/wordpress\\\/#\\\/schema\\\/logo\\\/image\\\/\"},\"sameAs\":[\"https:\\\/\\\/x.com\\\/unterirdis_ch\",\"https:\\\/\\\/instagram.com\\\/unterirdis.ch\",\"https:\\\/\\\/www.youtube.com\\\/channel\\\/UCWj0o58Zp9pOrkbG3Xh2C4Q\"]},{\"@type\":\"Person\",\"@id\":\"https:\\\/\\\/unterirdis.ch\\\/wordpress\\\/#\\\/schema\\\/person\\\/e51321391df8a8104f4f9e7ea953fd72\",\"name\":\"Pia Patrizia Weber\",\"image\":{\"@type\":\"ImageObject\",\"inLanguage\":\"de\",\"@id\":\"https:\\\/\\\/unterirdis.ch\\\/wp-content\\\/uploads\\\/2023\\\/03\\\/cropped-15C21EA0-B159-4A1C-970A-74B06A107D9D-scaled-1-96x96.jpg\",\"url\":\"https:\\\/\\\/unterirdis.ch\\\/wp-content\\\/uploads\\\/2023\\\/03\\\/cropped-15C21EA0-B159-4A1C-970A-74B06A107D9D-scaled-1-96x96.jpg\",\"contentUrl\":\"https:\\\/\\\/unterirdis.ch\\\/wp-content\\\/uploads\\\/2023\\\/03\\\/cropped-15C21EA0-B159-4A1C-970A-74B06A107D9D-scaled-1-96x96.jpg\",\"caption\":\"Pia Patrizia Weber\"},\"description\":\"Pia ist wissenschaftliche Mitarbeiterin am Deutschen Bergbau-Museum Bochum.\",\"url\":\"https:\\\/\\\/unterirdis.ch\\\/wordpress\\\/author\\\/pweber\\\/\"}]}<\/script>\n<!-- \/ Yoast SEO plugin. -->","yoast_head_json":{"title":"Der letzte seiner Art - unterIrdisch","robots":{"index":"index","follow":"follow","max-snippet":"max-snippet:-1","max-image-preview":"max-image-preview:large","max-video-preview":"max-video-preview:-1"},"canonical":"https:\/\/unterirdis.ch\/wordpress\/2025\/04\/10\/der-letzte-seiner-art\/","og_locale":"de_DE","og_type":"article","og_title":"Der letzte seiner Art - unterIrdisch","og_description":"Abschluss eines arch\u00e4ologischen Experimentes im LWL-Freilichtmuseum Hagen Nur selten mutet arch\u00e4ologische Forschung wie eine Zeitreise an. Denn zu lange sind die erforschten Ereignisse her oder zu wenig sind die wissenschaftlichen [&hellip;]","og_url":"https:\/\/unterirdis.ch\/wordpress\/2025\/04\/10\/der-letzte-seiner-art\/","og_site_name":"unterIrdisch","article_published_time":"2025-04-10T08:23:13+00:00","article_modified_time":"2025-04-10T08:30:09+00:00","og_image":[{"width":2560,"height":1707,"url":"https:\/\/unterirdis.ch\/wp-content\/uploads\/2025\/04\/Titelbild-scaled.jpg","type":"image\/jpeg"}],"author":"Pia Patrizia Weber","twitter_card":"summary_large_image","twitter_creator":"@unterirdis_ch","twitter_site":"@unterirdis_ch","twitter_misc":{"Verfasst von":"Pia Patrizia Weber","Gesch\u00e4tzte Lesezeit":"4\u00a0Minuten"},"schema":{"@context":"https:\/\/schema.org","@graph":[{"@type":"Article","@id":"https:\/\/unterirdis.ch\/wordpress\/2025\/04\/10\/der-letzte-seiner-art\/#article","isPartOf":{"@id":"https:\/\/unterirdis.ch\/wordpress\/2025\/04\/10\/der-letzte-seiner-art\/"},"author":{"name":"Pia Patrizia Weber","@id":"https:\/\/unterirdis.ch\/wordpress\/#\/schema\/person\/e51321391df8a8104f4f9e7ea953fd72"},"headline":"Der letzte seiner Art","datePublished":"2025-04-10T08:23:13+00:00","dateModified":"2025-04-10T08:30:09+00:00","mainEntityOfPage":{"@id":"https:\/\/unterirdis.ch\/wordpress\/2025\/04\/10\/der-letzte-seiner-art\/"},"wordCount":619,"commentCount":0,"publisher":{"@id":"https:\/\/unterirdis.ch\/wordpress\/#organization"},"image":{"@id":"https:\/\/unterirdis.ch\/wordpress\/2025\/04\/10\/der-letzte-seiner-art\/#primaryimage"},"thumbnailUrl":"https:\/\/unterirdis.ch\/wp-content\/uploads\/2025\/04\/Titelbild-scaled.jpg","articleSection":["am Deutschen Bergbau-Museum Bochum","Deutschland","unterUns"],"inLanguage":"de","potentialAction":[{"@type":"CommentAction","name":"Comment","target":["https:\/\/unterirdis.ch\/wordpress\/2025\/04\/10\/der-letzte-seiner-art\/#respond"]}]},{"@type":"WebPage","@id":"https:\/\/unterirdis.ch\/wordpress\/2025\/04\/10\/der-letzte-seiner-art\/","url":"https:\/\/unterirdis.ch\/wordpress\/2025\/04\/10\/der-letzte-seiner-art\/","name":"Der letzte seiner Art - unterIrdisch","isPartOf":{"@id":"https:\/\/unterirdis.ch\/wordpress\/#website"},"primaryImageOfPage":{"@id":"https:\/\/unterirdis.ch\/wordpress\/2025\/04\/10\/der-letzte-seiner-art\/#primaryimage"},"image":{"@id":"https:\/\/unterirdis.ch\/wordpress\/2025\/04\/10\/der-letzte-seiner-art\/#primaryimage"},"thumbnailUrl":"https:\/\/unterirdis.ch\/wp-content\/uploads\/2025\/04\/Titelbild-scaled.jpg","datePublished":"2025-04-10T08:23:13+00:00","dateModified":"2025-04-10T08:30:09+00:00","breadcrumb":{"@id":"https:\/\/unterirdis.ch\/wordpress\/2025\/04\/10\/der-letzte-seiner-art\/#breadcrumb"},"inLanguage":"de","potentialAction":[{"@type":"ReadAction","target":["https:\/\/unterirdis.ch\/wordpress\/2025\/04\/10\/der-letzte-seiner-art\/"]}]},{"@type":"ImageObject","inLanguage":"de","@id":"https:\/\/unterirdis.ch\/wordpress\/2025\/04\/10\/der-letzte-seiner-art\/#primaryimage","url":"https:\/\/unterirdis.ch\/wp-content\/uploads\/2025\/04\/Titelbild-scaled.jpg","contentUrl":"https:\/\/unterirdis.ch\/wp-content\/uploads\/2025\/04\/Titelbild-scaled.jpg","width":2560,"height":1707,"caption":"Der letzte seiner Art: Der Verh\u00fctungsofen der arch\u00e4ologischen Experimentreihe 2017-2018 zum Zeitpunkt der ersten Experimentreihe 2017. Er ist im Hag eingebaut und wirkt auf diesem Foto klein und unscheinbar (Foto: Altertumskommission f\u00fcr Westfalen\/Leo Klinke)."},{"@type":"BreadcrumbList","@id":"https:\/\/unterirdis.ch\/wordpress\/2025\/04\/10\/der-letzte-seiner-art\/#breadcrumb","itemListElement":[{"@type":"ListItem","position":1,"name":"Startseite","item":"https:\/\/unterirdis.ch\/wordpress\/"},{"@type":"ListItem","position":2,"name":"Der letzte seiner Art"}]},{"@type":"WebSite","@id":"https:\/\/unterirdis.ch\/wordpress\/#website","url":"https:\/\/unterirdis.ch\/wordpress\/","name":"unterIrdisch - der Science-Blog aus dem Haus der Arch\u00e4ologien","description":"der Science-Blog aus dem Haus der Arch\u00e4ologien","publisher":{"@id":"https:\/\/unterirdis.ch\/wordpress\/#organization"},"alternateName":"unterIrdisch","potentialAction":[{"@type":"SearchAction","target":{"@type":"EntryPoint","urlTemplate":"https:\/\/unterirdis.ch\/wordpress\/?s={search_term_string}"},"query-input":{"@type":"PropertyValueSpecification","valueRequired":true,"valueName":"search_term_string"}}],"inLanguage":"de"},{"@type":"Organization","@id":"https:\/\/unterirdis.ch\/wordpress\/#organization","name":"unterIrdisch - der Science-Blog aus dem Haus der Arch\u00e4ologien","alternateName":"unterIrdisch","url":"https:\/\/unterirdis.ch\/wordpress\/","logo":{"@type":"ImageObject","inLanguage":"de","@id":"https:\/\/unterirdis.ch\/wordpress\/#\/schema\/logo\/image\/","url":"https:\/\/unterirdis.ch\/wp-content\/uploads\/2022\/03\/logo_3000p-scaled.jpg","contentUrl":"https:\/\/unterirdis.ch\/wp-content\/uploads\/2022\/03\/logo_3000p-scaled.jpg","width":2560,"height":2560,"caption":"unterIrdisch - der Science-Blog aus dem Haus der Arch\u00e4ologien"},"image":{"@id":"https:\/\/unterirdis.ch\/wordpress\/#\/schema\/logo\/image\/"},"sameAs":["https:\/\/x.com\/unterirdis_ch","https:\/\/instagram.com\/unterirdis.ch","https:\/\/www.youtube.com\/channel\/UCWj0o58Zp9pOrkbG3Xh2C4Q"]},{"@type":"Person","@id":"https:\/\/unterirdis.ch\/wordpress\/#\/schema\/person\/e51321391df8a8104f4f9e7ea953fd72","name":"Pia Patrizia Weber","image":{"@type":"ImageObject","inLanguage":"de","@id":"https:\/\/unterirdis.ch\/wp-content\/uploads\/2023\/03\/cropped-15C21EA0-B159-4A1C-970A-74B06A107D9D-scaled-1-96x96.jpg","url":"https:\/\/unterirdis.ch\/wp-content\/uploads\/2023\/03\/cropped-15C21EA0-B159-4A1C-970A-74B06A107D9D-scaled-1-96x96.jpg","contentUrl":"https:\/\/unterirdis.ch\/wp-content\/uploads\/2023\/03\/cropped-15C21EA0-B159-4A1C-970A-74B06A107D9D-scaled-1-96x96.jpg","caption":"Pia Patrizia Weber"},"description":"Pia ist wissenschaftliche Mitarbeiterin am Deutschen Bergbau-Museum Bochum.","url":"https:\/\/unterirdis.ch\/wordpress\/author\/pweber\/"}]}},"_links":{"self":[{"href":"https:\/\/unterirdis.ch\/wordpress\/wp-json\/wp\/v2\/posts\/2713","targetHints":{"allow":["GET"]}}],"collection":[{"href":"https:\/\/unterirdis.ch\/wordpress\/wp-json\/wp\/v2\/posts"}],"about":[{"href":"https:\/\/unterirdis.ch\/wordpress\/wp-json\/wp\/v2\/types\/post"}],"author":[{"embeddable":true,"href":"https:\/\/unterirdis.ch\/wordpress\/wp-json\/wp\/v2\/users\/2"}],"replies":[{"embeddable":true,"href":"https:\/\/unterirdis.ch\/wordpress\/wp-json\/wp\/v2\/comments?post=2713"}],"version-history":[{"count":7,"href":"https:\/\/unterirdis.ch\/wordpress\/wp-json\/wp\/v2\/posts\/2713\/revisions"}],"predecessor-version":[{"id":2722,"href":"https:\/\/unterirdis.ch\/wordpress\/wp-json\/wp\/v2\/posts\/2713\/revisions\/2722"}],"wp:featuredmedia":[{"embeddable":true,"href":"https:\/\/unterirdis.ch\/wordpress\/wp-json\/wp\/v2\/media\/2716"}],"wp:attachment":[{"href":"https:\/\/unterirdis.ch\/wordpress\/wp-json\/wp\/v2\/media?parent=2713"}],"wp:term":[{"taxonomy":"category","embeddable":true,"href":"https:\/\/unterirdis.ch\/wordpress\/wp-json\/wp\/v2\/categories?post=2713"},{"taxonomy":"post_tag","embeddable":true,"href":"https:\/\/unterirdis.ch\/wordpress\/wp-json\/wp\/v2\/tags?post=2713"}],"curies":[{"name":"wp","href":"https:\/\/api.w.org\/{rel}","templated":true}]}}