{"id":2436,"date":"2024-08-02T10:00:00","date_gmt":"2024-08-02T08:00:00","guid":{"rendered":"https:\/\/unterirdis.ch\/wordpress\/?p=2436"},"modified":"2025-04-04T08:35:06","modified_gmt":"2025-04-04T06:35:06","slug":"folge-43-archaeologie-in-der-sandkiste","status":"publish","type":"post","link":"https:\/\/unterirdis.ch\/wordpress\/2024\/08\/02\/folge-43-archaeologie-in-der-sandkiste\/","title":{"rendered":"Folge 43 &#8211; Arch\u00e4ologie in der Sandkiste"},"content":{"rendered":"\t\t<div data-elementor-type=\"wp-post\" data-elementor-id=\"2436\" class=\"elementor elementor-2436\" data-elementor-post-type=\"post\">\n\t\t\t\t\t\t<section class=\"elementor-section elementor-top-section elementor-element elementor-element-5a4b239 elementor-section-boxed elementor-section-height-default elementor-section-height-default\" data-id=\"5a4b239\" data-element_type=\"section\" data-e-type=\"section\">\n\t\t\t\t\t\t<div class=\"elementor-container elementor-column-gap-default\">\n\t\t\t\t\t<div class=\"elementor-column elementor-col-50 elementor-top-column elementor-element elementor-element-574e041\" data-id=\"574e041\" data-element_type=\"column\" data-e-type=\"column\">\n\t\t\t<div class=\"elementor-widget-wrap elementor-element-populated\">\n\t\t\t\t\t\t<div class=\"elementor-element elementor-element-7793f81 elementor-widget elementor-widget-text-editor\" data-id=\"7793f81\" data-element_type=\"widget\" data-e-type=\"widget\" data-widget_type=\"text-editor.default\">\n\t\t\t\t<div class=\"elementor-widget-container\">\n\t\t\t\t\t\t\t\t\tWir bleiben bei der dArV-Tagung und begr\u00fc\u00dfen heute Katja Lembke vom &#8222;Nieders\u00e4chsischen Landesmuseum Hannover&#8220; in unserem Podcast. Sie forscht seit 20 Jahren in der \u00e4gyptischen Nekropole von Tuna el-Gebel und wer als Kind im Sandkasten gespielt hat, erinnert sich sicher wie schwierig es ist, dort tiefe L\u00f6cher zu graben. Nicht nur vom herabrieselnden Sand und \u00fcber die weiteren Schwierigkeiten einer Grabung in der W\u00fcste sprechen wir, sondern auch \u00fcber die Vorteile einer Arch\u00e4ologie in der Sandkiste. \nGleichsam sprechen wir \u00fcber die bisherigen Grabungsergebnisse und die Entwicklung der unter dem Sand vergrabenen Nekropole.\n<iframe style=\"width: 100%; min-width: 275px; min-height: 525px; max-width: 475px; max-height: 800px; border: 0; overflow: hidden;\" src=\"https:\/\/www.podcaster.de\/webplayer\/?id=show~e2k8ju~unterirdisch~pod-9bc359f5037f2dd2628710411f&amp;v=1722519362\"><\/iframe>\t\t\t\t\t\t\t\t<\/div>\n\t\t\t\t<\/div>\n\t\t\t\t\t<\/div>\n\t\t<\/div>\n\t\t\t\t<div class=\"elementor-column elementor-col-50 elementor-top-column elementor-element elementor-element-ee8eb8d\" data-id=\"ee8eb8d\" data-element_type=\"column\" data-e-type=\"column\">\n\t\t\t<div class=\"elementor-widget-wrap elementor-element-populated\">\n\t\t\t\t\t\t<div class=\"elementor-element elementor-element-7d490b0 elementor-widget elementor-widget-image\" data-id=\"7d490b0\" data-element_type=\"widget\" data-e-type=\"widget\" data-widget_type=\"image.default\">\n\t\t\t\t<div class=\"elementor-widget-container\">\n\t\t\t\t\t\t\t\t\t\t\t\t<figure class=\"wp-caption\">\n\t\t\t\t\t\t\t\t\t\t<img fetchpriority=\"high\" decoding=\"async\" width=\"1348\" height=\"1740\" src=\"https:\/\/unterirdis.ch\/wp-content\/uploads\/2024\/08\/Portrait-Katja-Lembke-scaled-e1722519760542.jpg\" class=\"attachment-full size-full wp-image-2439\" alt=\"\" srcset=\"https:\/\/unterirdis.ch\/wp-content\/uploads\/2024\/08\/Portrait-Katja-Lembke-scaled-e1722519760542.jpg 1348w, https:\/\/unterirdis.ch\/wp-content\/uploads\/2024\/08\/Portrait-Katja-Lembke-scaled-e1722519760542-232x300.jpg 232w, https:\/\/unterirdis.ch\/wp-content\/uploads\/2024\/08\/Portrait-Katja-Lembke-scaled-e1722519760542-793x1024.jpg 793w, https:\/\/unterirdis.ch\/wp-content\/uploads\/2024\/08\/Portrait-Katja-Lembke-scaled-e1722519760542-768x991.jpg 768w, https:\/\/unterirdis.ch\/wp-content\/uploads\/2024\/08\/Portrait-Katja-Lembke-scaled-e1722519760542-1190x1536.jpg 1190w\" sizes=\"(max-width: 1348px) 100vw, 1348px\" \/>\t\t\t\t\t\t\t\t\t\t\t<figcaption class=\"widget-image-caption wp-caption-text\">Katja Lembke (Foto: Kerstin Schmidt\/\u00a9 Nds. Landesmuseum Hannover)<\/figcaption>\n\t\t\t\t\t\t\t\t\t\t<\/figure>\n\t\t\t\t\t\t\t\t\t<\/div>\n\t\t\t\t<\/div>\n\t\t\t\t\t<\/div>\n\t\t<\/div>\n\t\t\t\t\t<\/div>\n\t\t<\/section>\n\t\t\t\t<\/div>\n\t\t","protected":false},"excerpt":{"rendered":"<p>Wir bleiben bei der dArV-Tagung und begr\u00fc\u00dfen heute Katja Lembke vom &#8222;Nieders\u00e4chsischen Landesmuseum Hannover&#8220; in unserem Podcast. Sie forscht seit 20 Jahren in der \u00e4gyptischen Nekropole von Tuna el-Gebel und [&hellip;]<\/p>\n","protected":false},"author":3,"featured_media":2437,"comment_status":"open","ping_status":"open","sticky":false,"template":"","format":"standard","meta":{"footnotes":""},"categories":[12],"tags":[177,169,172,84,45,108],"class_list":["post-2436","post","type-post","status-publish","format-standard","has-post-thumbnail","hentry","category-unterfreunden","tag-aegypten","tag-darv","tag-darv-tagung","tag-forschung","tag-podcast","tag-wisskomm"],"yoast_head":"<!-- This site is optimized with the Yoast SEO plugin v27.5 - https:\/\/yoast.com\/product\/yoast-seo-wordpress\/ -->\n<title>Folge 43 - Arch\u00e4ologie in der Sandkiste - unterIrdisch<\/title>\n<meta name=\"description\" content=\"Gewisserma\u00dfen eine Arch\u00e4ologie in der Sandkiste praktiziert unser heutiger Gast Katja Lembke in der Nekropole von Tuna el-Gebel (\u00c4gypten).\" \/>\n<meta name=\"robots\" content=\"index, follow, max-snippet:-1, max-image-preview:large, max-video-preview:-1\" \/>\n<link rel=\"canonical\" href=\"https:\/\/unterirdis.ch\/wordpress\/2024\/08\/02\/folge-43-archaeologie-in-der-sandkiste\/\" \/>\n<meta property=\"og:locale\" content=\"de_DE\" \/>\n<meta property=\"og:type\" content=\"article\" \/>\n<meta property=\"og:title\" content=\"Folge 43 - Arch\u00e4ologie in der Sandkiste - unterIrdisch\" \/>\n<meta property=\"og:description\" content=\"Gewisserma\u00dfen eine Arch\u00e4ologie in der Sandkiste praktiziert unser heutiger Gast Katja Lembke in der Nekropole von Tuna el-Gebel (\u00c4gypten).\" \/>\n<meta property=\"og:url\" content=\"https:\/\/unterirdis.ch\/wordpress\/2024\/08\/02\/folge-43-archaeologie-in-der-sandkiste\/\" \/>\n<meta property=\"og:site_name\" content=\"unterIrdisch\" \/>\n<meta property=\"article:published_time\" content=\"2024-08-02T08:00:00+00:00\" \/>\n<meta property=\"article:modified_time\" content=\"2025-04-04T06:35:06+00:00\" \/>\n<meta property=\"og:image\" content=\"https:\/\/unterirdis.ch\/wp-content\/uploads\/2024\/08\/Portrait-Katja-Lembke-Titelbild-scaled.jpg\" \/>\n\t<meta property=\"og:image:width\" content=\"2560\" \/>\n\t<meta property=\"og:image:height\" content=\"1280\" \/>\n\t<meta property=\"og:image:type\" content=\"image\/jpeg\" \/>\n<meta name=\"author\" content=\"Dominic Bachmann\" \/>\n<meta name=\"twitter:card\" content=\"summary_large_image\" \/>\n<meta name=\"twitter:creator\" content=\"@unterirdis_ch\" \/>\n<meta name=\"twitter:site\" content=\"@unterirdis_ch\" \/>\n<meta name=\"twitter:label1\" content=\"Verfasst von\" \/>\n\t<meta name=\"twitter:data1\" content=\"Dominic Bachmann\" \/>\n\t<meta name=\"twitter:label2\" content=\"Gesch\u00e4tzte Lesezeit\" \/>\n\t<meta name=\"twitter:data2\" content=\"1\u00a0Minute\" \/>\n<script type=\"application\/ld+json\" class=\"yoast-schema-graph\">{\"@context\":\"https:\\\/\\\/schema.org\",\"@graph\":[{\"@type\":\"Article\",\"@id\":\"https:\\\/\\\/unterirdis.ch\\\/wordpress\\\/2024\\\/08\\\/02\\\/folge-43-archaeologie-in-der-sandkiste\\\/#article\",\"isPartOf\":{\"@id\":\"https:\\\/\\\/unterirdis.ch\\\/wordpress\\\/2024\\\/08\\\/02\\\/folge-43-archaeologie-in-der-sandkiste\\\/\"},\"author\":{\"name\":\"Dominic Bachmann\",\"@id\":\"https:\\\/\\\/unterirdis.ch\\\/wordpress\\\/#\\\/schema\\\/person\\\/50e7ff29f34fcda3f64338fd095708c9\"},\"headline\":\"Folge 43 &#8211; Arch\u00e4ologie in der Sandkiste\",\"datePublished\":\"2024-08-02T08:00:00+00:00\",\"dateModified\":\"2025-04-04T06:35:06+00:00\",\"mainEntityOfPage\":{\"@id\":\"https:\\\/\\\/unterirdis.ch\\\/wordpress\\\/2024\\\/08\\\/02\\\/folge-43-archaeologie-in-der-sandkiste\\\/\"},\"wordCount\":111,\"commentCount\":0,\"publisher\":{\"@id\":\"https:\\\/\\\/unterirdis.ch\\\/wordpress\\\/#organization\"},\"image\":{\"@id\":\"https:\\\/\\\/unterirdis.ch\\\/wordpress\\\/2024\\\/08\\\/02\\\/folge-43-archaeologie-in-der-sandkiste\\\/#primaryimage\"},\"thumbnailUrl\":\"https:\\\/\\\/unterirdis.ch\\\/wp-content\\\/uploads\\\/2024\\\/08\\\/Portrait-Katja-Lembke-Titelbild-scaled.jpg\",\"keywords\":[\"\u00c4gypten\",\"dArV\",\"dArV-Tagung\",\"Forschung\",\"Podcast\",\"Wisskomm\"],\"articleSection\":[\"unterFreunden\"],\"inLanguage\":\"de\",\"potentialAction\":[{\"@type\":\"CommentAction\",\"name\":\"Comment\",\"target\":[\"https:\\\/\\\/unterirdis.ch\\\/wordpress\\\/2024\\\/08\\\/02\\\/folge-43-archaeologie-in-der-sandkiste\\\/#respond\"]}]},{\"@type\":\"WebPage\",\"@id\":\"https:\\\/\\\/unterirdis.ch\\\/wordpress\\\/2024\\\/08\\\/02\\\/folge-43-archaeologie-in-der-sandkiste\\\/\",\"url\":\"https:\\\/\\\/unterirdis.ch\\\/wordpress\\\/2024\\\/08\\\/02\\\/folge-43-archaeologie-in-der-sandkiste\\\/\",\"name\":\"Folge 43 - Arch\u00e4ologie in der Sandkiste - unterIrdisch\",\"isPartOf\":{\"@id\":\"https:\\\/\\\/unterirdis.ch\\\/wordpress\\\/#website\"},\"primaryImageOfPage\":{\"@id\":\"https:\\\/\\\/unterirdis.ch\\\/wordpress\\\/2024\\\/08\\\/02\\\/folge-43-archaeologie-in-der-sandkiste\\\/#primaryimage\"},\"image\":{\"@id\":\"https:\\\/\\\/unterirdis.ch\\\/wordpress\\\/2024\\\/08\\\/02\\\/folge-43-archaeologie-in-der-sandkiste\\\/#primaryimage\"},\"thumbnailUrl\":\"https:\\\/\\\/unterirdis.ch\\\/wp-content\\\/uploads\\\/2024\\\/08\\\/Portrait-Katja-Lembke-Titelbild-scaled.jpg\",\"datePublished\":\"2024-08-02T08:00:00+00:00\",\"dateModified\":\"2025-04-04T06:35:06+00:00\",\"description\":\"Gewisserma\u00dfen eine Arch\u00e4ologie in der Sandkiste praktiziert unser heutiger Gast Katja Lembke in der Nekropole von Tuna el-Gebel (\u00c4gypten).\",\"breadcrumb\":{\"@id\":\"https:\\\/\\\/unterirdis.ch\\\/wordpress\\\/2024\\\/08\\\/02\\\/folge-43-archaeologie-in-der-sandkiste\\\/#breadcrumb\"},\"inLanguage\":\"de\",\"potentialAction\":[{\"@type\":\"ReadAction\",\"target\":[\"https:\\\/\\\/unterirdis.ch\\\/wordpress\\\/2024\\\/08\\\/02\\\/folge-43-archaeologie-in-der-sandkiste\\\/\"]}]},{\"@type\":\"ImageObject\",\"inLanguage\":\"de\",\"@id\":\"https:\\\/\\\/unterirdis.ch\\\/wordpress\\\/2024\\\/08\\\/02\\\/folge-43-archaeologie-in-der-sandkiste\\\/#primaryimage\",\"url\":\"https:\\\/\\\/unterirdis.ch\\\/wp-content\\\/uploads\\\/2024\\\/08\\\/Portrait-Katja-Lembke-Titelbild-scaled.jpg\",\"contentUrl\":\"https:\\\/\\\/unterirdis.ch\\\/wp-content\\\/uploads\\\/2024\\\/08\\\/Portrait-Katja-Lembke-Titelbild-scaled.jpg\",\"width\":2560,\"height\":1280,\"caption\":\"Katja Lembke (Foto: Kerstin Schmidt\\\/\u00a9 Nds. Landesmuseum Hannover)\"},{\"@type\":\"BreadcrumbList\",\"@id\":\"https:\\\/\\\/unterirdis.ch\\\/wordpress\\\/2024\\\/08\\\/02\\\/folge-43-archaeologie-in-der-sandkiste\\\/#breadcrumb\",\"itemListElement\":[{\"@type\":\"ListItem\",\"position\":1,\"name\":\"Startseite\",\"item\":\"https:\\\/\\\/unterirdis.ch\\\/wordpress\\\/\"},{\"@type\":\"ListItem\",\"position\":2,\"name\":\"Folge 43 &#8211; Arch\u00e4ologie in der Sandkiste\"}]},{\"@type\":\"WebSite\",\"@id\":\"https:\\\/\\\/unterirdis.ch\\\/wordpress\\\/#website\",\"url\":\"https:\\\/\\\/unterirdis.ch\\\/wordpress\\\/\",\"name\":\"unterIrdisch - der Science-Blog aus dem Haus der Arch\u00e4ologien\",\"description\":\"der Science-Blog aus dem Haus der Arch\u00e4ologien\",\"publisher\":{\"@id\":\"https:\\\/\\\/unterirdis.ch\\\/wordpress\\\/#organization\"},\"alternateName\":\"unterIrdisch\",\"potentialAction\":[{\"@type\":\"SearchAction\",\"target\":{\"@type\":\"EntryPoint\",\"urlTemplate\":\"https:\\\/\\\/unterirdis.ch\\\/wordpress\\\/?s={search_term_string}\"},\"query-input\":{\"@type\":\"PropertyValueSpecification\",\"valueRequired\":true,\"valueName\":\"search_term_string\"}}],\"inLanguage\":\"de\"},{\"@type\":\"Organization\",\"@id\":\"https:\\\/\\\/unterirdis.ch\\\/wordpress\\\/#organization\",\"name\":\"unterIrdisch - der Science-Blog aus dem Haus der Arch\u00e4ologien\",\"alternateName\":\"unterIrdisch\",\"url\":\"https:\\\/\\\/unterirdis.ch\\\/wordpress\\\/\",\"logo\":{\"@type\":\"ImageObject\",\"inLanguage\":\"de\",\"@id\":\"https:\\\/\\\/unterirdis.ch\\\/wordpress\\\/#\\\/schema\\\/logo\\\/image\\\/\",\"url\":\"https:\\\/\\\/unterirdis.ch\\\/wp-content\\\/uploads\\\/2022\\\/03\\\/logo_3000p-scaled.jpg\",\"contentUrl\":\"https:\\\/\\\/unterirdis.ch\\\/wp-content\\\/uploads\\\/2022\\\/03\\\/logo_3000p-scaled.jpg\",\"width\":2560,\"height\":2560,\"caption\":\"unterIrdisch - der Science-Blog aus dem Haus der Arch\u00e4ologien\"},\"image\":{\"@id\":\"https:\\\/\\\/unterirdis.ch\\\/wordpress\\\/#\\\/schema\\\/logo\\\/image\\\/\"},\"sameAs\":[\"https:\\\/\\\/x.com\\\/unterirdis_ch\",\"https:\\\/\\\/instagram.com\\\/unterirdis.ch\",\"https:\\\/\\\/www.youtube.com\\\/channel\\\/UCWj0o58Zp9pOrkbG3Xh2C4Q\"]},{\"@type\":\"Person\",\"@id\":\"https:\\\/\\\/unterirdis.ch\\\/wordpress\\\/#\\\/schema\\\/person\\\/50e7ff29f34fcda3f64338fd095708c9\",\"name\":\"Dominic Bachmann\",\"image\":{\"@type\":\"ImageObject\",\"inLanguage\":\"de\",\"@id\":\"https:\\\/\\\/unterirdis.ch\\\/wp-content\\\/uploads\\\/2024\\\/07\\\/cropped-P1320573-e1755606392802-96x96.jpg\",\"url\":\"https:\\\/\\\/unterirdis.ch\\\/wp-content\\\/uploads\\\/2024\\\/07\\\/cropped-P1320573-e1755606392802-96x96.jpg\",\"contentUrl\":\"https:\\\/\\\/unterirdis.ch\\\/wp-content\\\/uploads\\\/2024\\\/07\\\/cropped-P1320573-e1755606392802-96x96.jpg\",\"caption\":\"Dominic Bachmann\"},\"description\":\"Dominic war wissenschaftlicher Mitarbeiter an der Ruhr-Universit\u00e4t Bochum.\",\"url\":\"https:\\\/\\\/unterirdis.ch\\\/wordpress\\\/author\\\/dbachmann\\\/\"}]}<\/script>\n<!-- \/ Yoast SEO plugin. -->","yoast_head_json":{"title":"Folge 43 - Arch\u00e4ologie in der Sandkiste - unterIrdisch","description":"Gewisserma\u00dfen eine Arch\u00e4ologie in der Sandkiste praktiziert unser heutiger Gast Katja Lembke in der Nekropole von Tuna el-Gebel (\u00c4gypten).","robots":{"index":"index","follow":"follow","max-snippet":"max-snippet:-1","max-image-preview":"max-image-preview:large","max-video-preview":"max-video-preview:-1"},"canonical":"https:\/\/unterirdis.ch\/wordpress\/2024\/08\/02\/folge-43-archaeologie-in-der-sandkiste\/","og_locale":"de_DE","og_type":"article","og_title":"Folge 43 - Arch\u00e4ologie in der Sandkiste - unterIrdisch","og_description":"Gewisserma\u00dfen eine Arch\u00e4ologie in der Sandkiste praktiziert unser heutiger Gast Katja Lembke in der Nekropole von Tuna el-Gebel (\u00c4gypten).","og_url":"https:\/\/unterirdis.ch\/wordpress\/2024\/08\/02\/folge-43-archaeologie-in-der-sandkiste\/","og_site_name":"unterIrdisch","article_published_time":"2024-08-02T08:00:00+00:00","article_modified_time":"2025-04-04T06:35:06+00:00","og_image":[{"width":2560,"height":1280,"url":"https:\/\/unterirdis.ch\/wp-content\/uploads\/2024\/08\/Portrait-Katja-Lembke-Titelbild-scaled.jpg","type":"image\/jpeg"}],"author":"Dominic Bachmann","twitter_card":"summary_large_image","twitter_creator":"@unterirdis_ch","twitter_site":"@unterirdis_ch","twitter_misc":{"Verfasst von":"Dominic Bachmann","Gesch\u00e4tzte Lesezeit":"1\u00a0Minute"},"schema":{"@context":"https:\/\/schema.org","@graph":[{"@type":"Article","@id":"https:\/\/unterirdis.ch\/wordpress\/2024\/08\/02\/folge-43-archaeologie-in-der-sandkiste\/#article","isPartOf":{"@id":"https:\/\/unterirdis.ch\/wordpress\/2024\/08\/02\/folge-43-archaeologie-in-der-sandkiste\/"},"author":{"name":"Dominic Bachmann","@id":"https:\/\/unterirdis.ch\/wordpress\/#\/schema\/person\/50e7ff29f34fcda3f64338fd095708c9"},"headline":"Folge 43 &#8211; Arch\u00e4ologie in der Sandkiste","datePublished":"2024-08-02T08:00:00+00:00","dateModified":"2025-04-04T06:35:06+00:00","mainEntityOfPage":{"@id":"https:\/\/unterirdis.ch\/wordpress\/2024\/08\/02\/folge-43-archaeologie-in-der-sandkiste\/"},"wordCount":111,"commentCount":0,"publisher":{"@id":"https:\/\/unterirdis.ch\/wordpress\/#organization"},"image":{"@id":"https:\/\/unterirdis.ch\/wordpress\/2024\/08\/02\/folge-43-archaeologie-in-der-sandkiste\/#primaryimage"},"thumbnailUrl":"https:\/\/unterirdis.ch\/wp-content\/uploads\/2024\/08\/Portrait-Katja-Lembke-Titelbild-scaled.jpg","keywords":["\u00c4gypten","dArV","dArV-Tagung","Forschung","Podcast","Wisskomm"],"articleSection":["unterFreunden"],"inLanguage":"de","potentialAction":[{"@type":"CommentAction","name":"Comment","target":["https:\/\/unterirdis.ch\/wordpress\/2024\/08\/02\/folge-43-archaeologie-in-der-sandkiste\/#respond"]}]},{"@type":"WebPage","@id":"https:\/\/unterirdis.ch\/wordpress\/2024\/08\/02\/folge-43-archaeologie-in-der-sandkiste\/","url":"https:\/\/unterirdis.ch\/wordpress\/2024\/08\/02\/folge-43-archaeologie-in-der-sandkiste\/","name":"Folge 43 - Arch\u00e4ologie in der Sandkiste - unterIrdisch","isPartOf":{"@id":"https:\/\/unterirdis.ch\/wordpress\/#website"},"primaryImageOfPage":{"@id":"https:\/\/unterirdis.ch\/wordpress\/2024\/08\/02\/folge-43-archaeologie-in-der-sandkiste\/#primaryimage"},"image":{"@id":"https:\/\/unterirdis.ch\/wordpress\/2024\/08\/02\/folge-43-archaeologie-in-der-sandkiste\/#primaryimage"},"thumbnailUrl":"https:\/\/unterirdis.ch\/wp-content\/uploads\/2024\/08\/Portrait-Katja-Lembke-Titelbild-scaled.jpg","datePublished":"2024-08-02T08:00:00+00:00","dateModified":"2025-04-04T06:35:06+00:00","description":"Gewisserma\u00dfen eine Arch\u00e4ologie in der Sandkiste praktiziert unser heutiger Gast Katja Lembke in der Nekropole von Tuna el-Gebel (\u00c4gypten).","breadcrumb":{"@id":"https:\/\/unterirdis.ch\/wordpress\/2024\/08\/02\/folge-43-archaeologie-in-der-sandkiste\/#breadcrumb"},"inLanguage":"de","potentialAction":[{"@type":"ReadAction","target":["https:\/\/unterirdis.ch\/wordpress\/2024\/08\/02\/folge-43-archaeologie-in-der-sandkiste\/"]}]},{"@type":"ImageObject","inLanguage":"de","@id":"https:\/\/unterirdis.ch\/wordpress\/2024\/08\/02\/folge-43-archaeologie-in-der-sandkiste\/#primaryimage","url":"https:\/\/unterirdis.ch\/wp-content\/uploads\/2024\/08\/Portrait-Katja-Lembke-Titelbild-scaled.jpg","contentUrl":"https:\/\/unterirdis.ch\/wp-content\/uploads\/2024\/08\/Portrait-Katja-Lembke-Titelbild-scaled.jpg","width":2560,"height":1280,"caption":"Katja Lembke (Foto: Kerstin Schmidt\/\u00a9 Nds. Landesmuseum Hannover)"},{"@type":"BreadcrumbList","@id":"https:\/\/unterirdis.ch\/wordpress\/2024\/08\/02\/folge-43-archaeologie-in-der-sandkiste\/#breadcrumb","itemListElement":[{"@type":"ListItem","position":1,"name":"Startseite","item":"https:\/\/unterirdis.ch\/wordpress\/"},{"@type":"ListItem","position":2,"name":"Folge 43 &#8211; Arch\u00e4ologie in der Sandkiste"}]},{"@type":"WebSite","@id":"https:\/\/unterirdis.ch\/wordpress\/#website","url":"https:\/\/unterirdis.ch\/wordpress\/","name":"unterIrdisch - der Science-Blog aus dem Haus der Arch\u00e4ologien","description":"der Science-Blog aus dem Haus der Arch\u00e4ologien","publisher":{"@id":"https:\/\/unterirdis.ch\/wordpress\/#organization"},"alternateName":"unterIrdisch","potentialAction":[{"@type":"SearchAction","target":{"@type":"EntryPoint","urlTemplate":"https:\/\/unterirdis.ch\/wordpress\/?s={search_term_string}"},"query-input":{"@type":"PropertyValueSpecification","valueRequired":true,"valueName":"search_term_string"}}],"inLanguage":"de"},{"@type":"Organization","@id":"https:\/\/unterirdis.ch\/wordpress\/#organization","name":"unterIrdisch - der Science-Blog aus dem Haus der Arch\u00e4ologien","alternateName":"unterIrdisch","url":"https:\/\/unterirdis.ch\/wordpress\/","logo":{"@type":"ImageObject","inLanguage":"de","@id":"https:\/\/unterirdis.ch\/wordpress\/#\/schema\/logo\/image\/","url":"https:\/\/unterirdis.ch\/wp-content\/uploads\/2022\/03\/logo_3000p-scaled.jpg","contentUrl":"https:\/\/unterirdis.ch\/wp-content\/uploads\/2022\/03\/logo_3000p-scaled.jpg","width":2560,"height":2560,"caption":"unterIrdisch - der Science-Blog aus dem Haus der Arch\u00e4ologien"},"image":{"@id":"https:\/\/unterirdis.ch\/wordpress\/#\/schema\/logo\/image\/"},"sameAs":["https:\/\/x.com\/unterirdis_ch","https:\/\/instagram.com\/unterirdis.ch","https:\/\/www.youtube.com\/channel\/UCWj0o58Zp9pOrkbG3Xh2C4Q"]},{"@type":"Person","@id":"https:\/\/unterirdis.ch\/wordpress\/#\/schema\/person\/50e7ff29f34fcda3f64338fd095708c9","name":"Dominic Bachmann","image":{"@type":"ImageObject","inLanguage":"de","@id":"https:\/\/unterirdis.ch\/wp-content\/uploads\/2024\/07\/cropped-P1320573-e1755606392802-96x96.jpg","url":"https:\/\/unterirdis.ch\/wp-content\/uploads\/2024\/07\/cropped-P1320573-e1755606392802-96x96.jpg","contentUrl":"https:\/\/unterirdis.ch\/wp-content\/uploads\/2024\/07\/cropped-P1320573-e1755606392802-96x96.jpg","caption":"Dominic Bachmann"},"description":"Dominic war wissenschaftlicher Mitarbeiter an der Ruhr-Universit\u00e4t Bochum.","url":"https:\/\/unterirdis.ch\/wordpress\/author\/dbachmann\/"}]}},"_links":{"self":[{"href":"https:\/\/unterirdis.ch\/wordpress\/wp-json\/wp\/v2\/posts\/2436","targetHints":{"allow":["GET"]}}],"collection":[{"href":"https:\/\/unterirdis.ch\/wordpress\/wp-json\/wp\/v2\/posts"}],"about":[{"href":"https:\/\/unterirdis.ch\/wordpress\/wp-json\/wp\/v2\/types\/post"}],"author":[{"embeddable":true,"href":"https:\/\/unterirdis.ch\/wordpress\/wp-json\/wp\/v2\/users\/3"}],"replies":[{"embeddable":true,"href":"https:\/\/unterirdis.ch\/wordpress\/wp-json\/wp\/v2\/comments?post=2436"}],"version-history":[{"count":1,"href":"https:\/\/unterirdis.ch\/wordpress\/wp-json\/wp\/v2\/posts\/2436\/revisions"}],"predecessor-version":[{"id":2682,"href":"https:\/\/unterirdis.ch\/wordpress\/wp-json\/wp\/v2\/posts\/2436\/revisions\/2682"}],"wp:featuredmedia":[{"embeddable":true,"href":"https:\/\/unterirdis.ch\/wordpress\/wp-json\/wp\/v2\/media\/2437"}],"wp:attachment":[{"href":"https:\/\/unterirdis.ch\/wordpress\/wp-json\/wp\/v2\/media?parent=2436"}],"wp:term":[{"taxonomy":"category","embeddable":true,"href":"https:\/\/unterirdis.ch\/wordpress\/wp-json\/wp\/v2\/categories?post=2436"},{"taxonomy":"post_tag","embeddable":true,"href":"https:\/\/unterirdis.ch\/wordpress\/wp-json\/wp\/v2\/tags?post=2436"}],"curies":[{"name":"wp","href":"https:\/\/api.w.org\/{rel}","templated":true}]}}