{"id":2167,"date":"2024-04-04T10:04:53","date_gmt":"2024-04-04T08:04:53","guid":{"rendered":"https:\/\/unterirdis.ch\/wordpress\/?p=2167"},"modified":"2024-04-04T10:04:54","modified_gmt":"2024-04-04T08:04:54","slug":"sabine-klein-zu-gast-bei-getty","status":"publish","type":"post","link":"https:\/\/unterirdis.ch\/wordpress\/2024\/04\/04\/sabine-klein-zu-gast-bei-getty\/","title":{"rendered":"Sabine Klein als Getty Scholar in Los Angeles!"},"content":{"rendered":"\t\t<div data-elementor-type=\"wp-post\" data-elementor-id=\"2167\" class=\"elementor elementor-2167\" data-elementor-post-type=\"post\">\n\t\t\t\t\t\t<section class=\"elementor-section elementor-top-section elementor-element elementor-element-5729184 elementor-section-boxed elementor-section-height-default elementor-section-height-default\" data-id=\"5729184\" data-element_type=\"section\" data-e-type=\"section\">\n\t\t\t\t\t\t<div class=\"elementor-container elementor-column-gap-default\">\n\t\t\t\t\t<div class=\"elementor-column elementor-col-100 elementor-top-column elementor-element elementor-element-ce703b1\" data-id=\"ce703b1\" data-element_type=\"column\" data-e-type=\"column\">\n\t\t\t<div class=\"elementor-widget-wrap elementor-element-populated\">\n\t\t\t\t\t\t<div class=\"elementor-element elementor-element-10aaaa4 elementor-widget elementor-widget-text-editor\" data-id=\"10aaaa4\" data-element_type=\"widget\" data-e-type=\"widget\" data-widget_type=\"text-editor.default\">\n\t\t\t\t<div class=\"elementor-widget-container\">\n\t\t\t\t\t\t\t\t\t<p>Wenn man die Worte &#8222;Computer&#8220; und &#8222;Kunst&#8220; nebeneinander sieht, werden manche Leute immer noch stutzig.<\/p><p>Angesichts der vielen, vielen \u00c4ngste der Gegenwart rund um Dinge wie ChatGPT und Deepfakes ist das vielleicht verst\u00e4ndlich, aber die Beziehung zwischen Kunst und Technologie hat eine viel l\u00e4ngere Geschichte. Diese Beziehung steht im Mittelpunkt des diesj\u00e4hrigen Getty Scholars Program, das Forscher aus verschiedenen Bereichen zusammenbringt, die sich ein Jahr lang mit einem einzigen Thema besch\u00e4ftigen.<\/p><p>Sabine Klein, Professorin f\u00fcr Arch\u00e4ometrie und Leiterin des Forschungsbereichs Arch\u00e4ometallurgie am Deutschen Bergbau-Museum Bochum war dabei!\u00a0<\/p><p>Den ganzen Bericht findet ihr hier:\u00a0<\/p>\t\t\t\t\t\t\t\t<\/div>\n\t\t\t\t<\/div>\n\t\t\t\t\t<\/div>\n\t\t<\/div>\n\t\t\t\t\t<\/div>\n\t\t<\/section>\n\t\t\t\t<section class=\"elementor-section elementor-top-section elementor-element elementor-element-0522779 elementor-section-boxed elementor-section-height-default elementor-section-height-default\" data-id=\"0522779\" data-element_type=\"section\" data-e-type=\"section\">\n\t\t\t\t\t\t<div class=\"elementor-container elementor-column-gap-default\">\n\t\t\t\t\t<div class=\"elementor-column elementor-col-100 elementor-top-column elementor-element elementor-element-ee93741\" data-id=\"ee93741\" data-element_type=\"column\" data-e-type=\"column\">\n\t\t\t<div class=\"elementor-widget-wrap elementor-element-populated\">\n\t\t\t\t\t\t<div class=\"elementor-element elementor-element-c1fbb2f elementor-align-center elementor-widget elementor-widget-button\" data-id=\"c1fbb2f\" data-element_type=\"widget\" data-e-type=\"widget\" data-widget_type=\"button.default\">\n\t\t\t\t<div class=\"elementor-widget-container\">\n\t\t\t\t\t\t\t\t\t<div class=\"elementor-button-wrapper\">\n\t\t\t\t\t<a class=\"elementor-button elementor-button-link elementor-size-sm\" href=\"https:\/\/www.getty.edu\/news\/ghost-in-the-machine\/\">\n\t\t\t\t\t\t<span class=\"elementor-button-content-wrapper\">\n\t\t\t\t\t\t\t\t\t<span class=\"elementor-button-text\">Zum Bericht<\/span>\n\t\t\t\t\t<\/span>\n\t\t\t\t\t<\/a>\n\t\t\t\t<\/div>\n\t\t\t\t\t\t\t\t<\/div>\n\t\t\t\t<\/div>\n\t\t\t\t\t<\/div>\n\t\t<\/div>\n\t\t\t\t\t<\/div>\n\t\t<\/section>\n\t\t\t\t<\/div>\n\t\t","protected":false},"excerpt":{"rendered":"<p>Wenn man die Worte &#8222;Computer&#8220; und &#8222;Kunst&#8220; nebeneinander sieht, werden manche Leute immer noch stutzig. Angesichts der vielen, vielen \u00c4ngste der Gegenwart rund um Dinge wie ChatGPT und Deepfakes ist [&hellip;]<\/p>\n","protected":false},"author":2,"featured_media":1847,"comment_status":"open","ping_status":"open","sticky":false,"template":"","format":"standard","meta":{"footnotes":""},"categories":[18,6],"tags":[],"class_list":["post-2167","post","type-post","status-publish","format-standard","has-post-thumbnail","hentry","category-im-museum","category-unterwegs"],"yoast_head":"<!-- This site is optimized with the Yoast SEO plugin v27.5 - https:\/\/yoast.com\/product\/yoast-seo-wordpress\/ -->\n<title>Sabine Klein als Getty Scholar in Los Angeles! - unterIrdisch<\/title>\n<meta name=\"robots\" content=\"index, follow, max-snippet:-1, max-image-preview:large, max-video-preview:-1\" \/>\n<link rel=\"canonical\" href=\"https:\/\/unterirdis.ch\/wordpress\/2024\/04\/04\/sabine-klein-zu-gast-bei-getty\/\" \/>\n<meta property=\"og:locale\" content=\"de_DE\" \/>\n<meta property=\"og:type\" content=\"article\" \/>\n<meta property=\"og:title\" content=\"Sabine Klein als Getty Scholar in Los Angeles! - unterIrdisch\" \/>\n<meta property=\"og:description\" content=\"Wenn man die Worte &#8222;Computer&#8220; und &#8222;Kunst&#8220; nebeneinander sieht, werden manche Leute immer noch stutzig. Angesichts der vielen, vielen \u00c4ngste der Gegenwart rund um Dinge wie ChatGPT und Deepfakes ist [&hellip;]\" \/>\n<meta property=\"og:url\" content=\"https:\/\/unterirdis.ch\/wordpress\/2024\/04\/04\/sabine-klein-zu-gast-bei-getty\/\" \/>\n<meta property=\"og:site_name\" content=\"unterIrdisch\" \/>\n<meta property=\"article:published_time\" content=\"2024-04-04T08:04:53+00:00\" \/>\n<meta property=\"article:modified_time\" content=\"2024-04-04T08:04:54+00:00\" \/>\n<meta property=\"og:image\" content=\"https:\/\/unterirdis.ch\/wp-content\/uploads\/2023\/06\/Sabine-Wald-Quadrat.jpg\" \/>\n\t<meta property=\"og:image:width\" content=\"2472\" \/>\n\t<meta property=\"og:image:height\" content=\"2472\" \/>\n\t<meta property=\"og:image:type\" content=\"image\/jpeg\" \/>\n<meta name=\"author\" content=\"Pia Patrizia Weber\" \/>\n<meta name=\"twitter:card\" content=\"summary_large_image\" \/>\n<meta name=\"twitter:creator\" content=\"@unterirdis_ch\" \/>\n<meta name=\"twitter:site\" content=\"@unterirdis_ch\" \/>\n<meta name=\"twitter:label1\" content=\"Verfasst von\" \/>\n\t<meta name=\"twitter:data1\" content=\"Pia Patrizia Weber\" \/>\n\t<meta name=\"twitter:label2\" content=\"Gesch\u00e4tzte Lesezeit\" \/>\n\t<meta name=\"twitter:data2\" content=\"1\u00a0Minute\" \/>\n<script type=\"application\/ld+json\" class=\"yoast-schema-graph\">{\"@context\":\"https:\\\/\\\/schema.org\",\"@graph\":[{\"@type\":\"Article\",\"@id\":\"https:\\\/\\\/unterirdis.ch\\\/wordpress\\\/2024\\\/04\\\/04\\\/sabine-klein-zu-gast-bei-getty\\\/#article\",\"isPartOf\":{\"@id\":\"https:\\\/\\\/unterirdis.ch\\\/wordpress\\\/2024\\\/04\\\/04\\\/sabine-klein-zu-gast-bei-getty\\\/\"},\"author\":{\"name\":\"Pia Patrizia Weber\",\"@id\":\"https:\\\/\\\/unterirdis.ch\\\/wordpress\\\/#\\\/schema\\\/person\\\/e51321391df8a8104f4f9e7ea953fd72\"},\"headline\":\"Sabine Klein als Getty Scholar in Los Angeles!\",\"datePublished\":\"2024-04-04T08:04:53+00:00\",\"dateModified\":\"2024-04-04T08:04:54+00:00\",\"mainEntityOfPage\":{\"@id\":\"https:\\\/\\\/unterirdis.ch\\\/wordpress\\\/2024\\\/04\\\/04\\\/sabine-klein-zu-gast-bei-getty\\\/\"},\"wordCount\":110,\"commentCount\":0,\"publisher\":{\"@id\":\"https:\\\/\\\/unterirdis.ch\\\/wordpress\\\/#organization\"},\"image\":{\"@id\":\"https:\\\/\\\/unterirdis.ch\\\/wordpress\\\/2024\\\/04\\\/04\\\/sabine-klein-zu-gast-bei-getty\\\/#primaryimage\"},\"thumbnailUrl\":\"https:\\\/\\\/unterirdis.ch\\\/wp-content\\\/uploads\\\/2023\\\/06\\\/Sabine-Wald-Quadrat.jpg\",\"articleSection\":[\"am Deutschen Bergbau-Museum Bochum\",\"unterWegs\"],\"inLanguage\":\"de\",\"potentialAction\":[{\"@type\":\"CommentAction\",\"name\":\"Comment\",\"target\":[\"https:\\\/\\\/unterirdis.ch\\\/wordpress\\\/2024\\\/04\\\/04\\\/sabine-klein-zu-gast-bei-getty\\\/#respond\"]}]},{\"@type\":\"WebPage\",\"@id\":\"https:\\\/\\\/unterirdis.ch\\\/wordpress\\\/2024\\\/04\\\/04\\\/sabine-klein-zu-gast-bei-getty\\\/\",\"url\":\"https:\\\/\\\/unterirdis.ch\\\/wordpress\\\/2024\\\/04\\\/04\\\/sabine-klein-zu-gast-bei-getty\\\/\",\"name\":\"Sabine Klein als Getty Scholar in Los Angeles! - unterIrdisch\",\"isPartOf\":{\"@id\":\"https:\\\/\\\/unterirdis.ch\\\/wordpress\\\/#website\"},\"primaryImageOfPage\":{\"@id\":\"https:\\\/\\\/unterirdis.ch\\\/wordpress\\\/2024\\\/04\\\/04\\\/sabine-klein-zu-gast-bei-getty\\\/#primaryimage\"},\"image\":{\"@id\":\"https:\\\/\\\/unterirdis.ch\\\/wordpress\\\/2024\\\/04\\\/04\\\/sabine-klein-zu-gast-bei-getty\\\/#primaryimage\"},\"thumbnailUrl\":\"https:\\\/\\\/unterirdis.ch\\\/wp-content\\\/uploads\\\/2023\\\/06\\\/Sabine-Wald-Quadrat.jpg\",\"datePublished\":\"2024-04-04T08:04:53+00:00\",\"dateModified\":\"2024-04-04T08:04:54+00:00\",\"breadcrumb\":{\"@id\":\"https:\\\/\\\/unterirdis.ch\\\/wordpress\\\/2024\\\/04\\\/04\\\/sabine-klein-zu-gast-bei-getty\\\/#breadcrumb\"},\"inLanguage\":\"de\",\"potentialAction\":[{\"@type\":\"ReadAction\",\"target\":[\"https:\\\/\\\/unterirdis.ch\\\/wordpress\\\/2024\\\/04\\\/04\\\/sabine-klein-zu-gast-bei-getty\\\/\"]}]},{\"@type\":\"ImageObject\",\"inLanguage\":\"de\",\"@id\":\"https:\\\/\\\/unterirdis.ch\\\/wordpress\\\/2024\\\/04\\\/04\\\/sabine-klein-zu-gast-bei-getty\\\/#primaryimage\",\"url\":\"https:\\\/\\\/unterirdis.ch\\\/wp-content\\\/uploads\\\/2023\\\/06\\\/Sabine-Wald-Quadrat.jpg\",\"contentUrl\":\"https:\\\/\\\/unterirdis.ch\\\/wp-content\\\/uploads\\\/2023\\\/06\\\/Sabine-Wald-Quadrat.jpg\",\"width\":2472,\"height\":2472,\"caption\":\"Sabine Klein im Portr\u00e4t.\"},{\"@type\":\"BreadcrumbList\",\"@id\":\"https:\\\/\\\/unterirdis.ch\\\/wordpress\\\/2024\\\/04\\\/04\\\/sabine-klein-zu-gast-bei-getty\\\/#breadcrumb\",\"itemListElement\":[{\"@type\":\"ListItem\",\"position\":1,\"name\":\"Startseite\",\"item\":\"https:\\\/\\\/unterirdis.ch\\\/wordpress\\\/\"},{\"@type\":\"ListItem\",\"position\":2,\"name\":\"Sabine Klein als Getty Scholar in Los Angeles!\"}]},{\"@type\":\"WebSite\",\"@id\":\"https:\\\/\\\/unterirdis.ch\\\/wordpress\\\/#website\",\"url\":\"https:\\\/\\\/unterirdis.ch\\\/wordpress\\\/\",\"name\":\"unterIrdisch - der Science-Blog aus dem Haus der Arch\u00e4ologien\",\"description\":\"der Science-Blog aus dem Haus der Arch\u00e4ologien\",\"publisher\":{\"@id\":\"https:\\\/\\\/unterirdis.ch\\\/wordpress\\\/#organization\"},\"alternateName\":\"unterIrdisch\",\"potentialAction\":[{\"@type\":\"SearchAction\",\"target\":{\"@type\":\"EntryPoint\",\"urlTemplate\":\"https:\\\/\\\/unterirdis.ch\\\/wordpress\\\/?s={search_term_string}\"},\"query-input\":{\"@type\":\"PropertyValueSpecification\",\"valueRequired\":true,\"valueName\":\"search_term_string\"}}],\"inLanguage\":\"de\"},{\"@type\":\"Organization\",\"@id\":\"https:\\\/\\\/unterirdis.ch\\\/wordpress\\\/#organization\",\"name\":\"unterIrdisch - der Science-Blog aus dem Haus der Arch\u00e4ologien\",\"alternateName\":\"unterIrdisch\",\"url\":\"https:\\\/\\\/unterirdis.ch\\\/wordpress\\\/\",\"logo\":{\"@type\":\"ImageObject\",\"inLanguage\":\"de\",\"@id\":\"https:\\\/\\\/unterirdis.ch\\\/wordpress\\\/#\\\/schema\\\/logo\\\/image\\\/\",\"url\":\"https:\\\/\\\/unterirdis.ch\\\/wp-content\\\/uploads\\\/2022\\\/03\\\/logo_3000p-scaled.jpg\",\"contentUrl\":\"https:\\\/\\\/unterirdis.ch\\\/wp-content\\\/uploads\\\/2022\\\/03\\\/logo_3000p-scaled.jpg\",\"width\":2560,\"height\":2560,\"caption\":\"unterIrdisch - der Science-Blog aus dem Haus der Arch\u00e4ologien\"},\"image\":{\"@id\":\"https:\\\/\\\/unterirdis.ch\\\/wordpress\\\/#\\\/schema\\\/logo\\\/image\\\/\"},\"sameAs\":[\"https:\\\/\\\/x.com\\\/unterirdis_ch\",\"https:\\\/\\\/instagram.com\\\/unterirdis.ch\",\"https:\\\/\\\/www.youtube.com\\\/channel\\\/UCWj0o58Zp9pOrkbG3Xh2C4Q\"]},{\"@type\":\"Person\",\"@id\":\"https:\\\/\\\/unterirdis.ch\\\/wordpress\\\/#\\\/schema\\\/person\\\/e51321391df8a8104f4f9e7ea953fd72\",\"name\":\"Pia Patrizia Weber\",\"image\":{\"@type\":\"ImageObject\",\"inLanguage\":\"de\",\"@id\":\"https:\\\/\\\/unterirdis.ch\\\/wp-content\\\/uploads\\\/2023\\\/03\\\/cropped-15C21EA0-B159-4A1C-970A-74B06A107D9D-scaled-1-96x96.jpg\",\"url\":\"https:\\\/\\\/unterirdis.ch\\\/wp-content\\\/uploads\\\/2023\\\/03\\\/cropped-15C21EA0-B159-4A1C-970A-74B06A107D9D-scaled-1-96x96.jpg\",\"contentUrl\":\"https:\\\/\\\/unterirdis.ch\\\/wp-content\\\/uploads\\\/2023\\\/03\\\/cropped-15C21EA0-B159-4A1C-970A-74B06A107D9D-scaled-1-96x96.jpg\",\"caption\":\"Pia Patrizia Weber\"},\"description\":\"Pia ist wissenschaftliche Mitarbeiterin am Deutschen Bergbau-Museum Bochum.\",\"url\":\"https:\\\/\\\/unterirdis.ch\\\/wordpress\\\/author\\\/pweber\\\/\"}]}<\/script>\n<!-- \/ Yoast SEO plugin. -->","yoast_head_json":{"title":"Sabine Klein als Getty Scholar in Los Angeles! - unterIrdisch","robots":{"index":"index","follow":"follow","max-snippet":"max-snippet:-1","max-image-preview":"max-image-preview:large","max-video-preview":"max-video-preview:-1"},"canonical":"https:\/\/unterirdis.ch\/wordpress\/2024\/04\/04\/sabine-klein-zu-gast-bei-getty\/","og_locale":"de_DE","og_type":"article","og_title":"Sabine Klein als Getty Scholar in Los Angeles! - unterIrdisch","og_description":"Wenn man die Worte &#8222;Computer&#8220; und &#8222;Kunst&#8220; nebeneinander sieht, werden manche Leute immer noch stutzig. Angesichts der vielen, vielen \u00c4ngste der Gegenwart rund um Dinge wie ChatGPT und Deepfakes ist [&hellip;]","og_url":"https:\/\/unterirdis.ch\/wordpress\/2024\/04\/04\/sabine-klein-zu-gast-bei-getty\/","og_site_name":"unterIrdisch","article_published_time":"2024-04-04T08:04:53+00:00","article_modified_time":"2024-04-04T08:04:54+00:00","og_image":[{"width":2472,"height":2472,"url":"https:\/\/unterirdis.ch\/wp-content\/uploads\/2023\/06\/Sabine-Wald-Quadrat.jpg","type":"image\/jpeg"}],"author":"Pia Patrizia Weber","twitter_card":"summary_large_image","twitter_creator":"@unterirdis_ch","twitter_site":"@unterirdis_ch","twitter_misc":{"Verfasst von":"Pia Patrizia Weber","Gesch\u00e4tzte Lesezeit":"1\u00a0Minute"},"schema":{"@context":"https:\/\/schema.org","@graph":[{"@type":"Article","@id":"https:\/\/unterirdis.ch\/wordpress\/2024\/04\/04\/sabine-klein-zu-gast-bei-getty\/#article","isPartOf":{"@id":"https:\/\/unterirdis.ch\/wordpress\/2024\/04\/04\/sabine-klein-zu-gast-bei-getty\/"},"author":{"name":"Pia Patrizia Weber","@id":"https:\/\/unterirdis.ch\/wordpress\/#\/schema\/person\/e51321391df8a8104f4f9e7ea953fd72"},"headline":"Sabine Klein als Getty Scholar in Los Angeles!","datePublished":"2024-04-04T08:04:53+00:00","dateModified":"2024-04-04T08:04:54+00:00","mainEntityOfPage":{"@id":"https:\/\/unterirdis.ch\/wordpress\/2024\/04\/04\/sabine-klein-zu-gast-bei-getty\/"},"wordCount":110,"commentCount":0,"publisher":{"@id":"https:\/\/unterirdis.ch\/wordpress\/#organization"},"image":{"@id":"https:\/\/unterirdis.ch\/wordpress\/2024\/04\/04\/sabine-klein-zu-gast-bei-getty\/#primaryimage"},"thumbnailUrl":"https:\/\/unterirdis.ch\/wp-content\/uploads\/2023\/06\/Sabine-Wald-Quadrat.jpg","articleSection":["am Deutschen Bergbau-Museum Bochum","unterWegs"],"inLanguage":"de","potentialAction":[{"@type":"CommentAction","name":"Comment","target":["https:\/\/unterirdis.ch\/wordpress\/2024\/04\/04\/sabine-klein-zu-gast-bei-getty\/#respond"]}]},{"@type":"WebPage","@id":"https:\/\/unterirdis.ch\/wordpress\/2024\/04\/04\/sabine-klein-zu-gast-bei-getty\/","url":"https:\/\/unterirdis.ch\/wordpress\/2024\/04\/04\/sabine-klein-zu-gast-bei-getty\/","name":"Sabine Klein als Getty Scholar in Los Angeles! - unterIrdisch","isPartOf":{"@id":"https:\/\/unterirdis.ch\/wordpress\/#website"},"primaryImageOfPage":{"@id":"https:\/\/unterirdis.ch\/wordpress\/2024\/04\/04\/sabine-klein-zu-gast-bei-getty\/#primaryimage"},"image":{"@id":"https:\/\/unterirdis.ch\/wordpress\/2024\/04\/04\/sabine-klein-zu-gast-bei-getty\/#primaryimage"},"thumbnailUrl":"https:\/\/unterirdis.ch\/wp-content\/uploads\/2023\/06\/Sabine-Wald-Quadrat.jpg","datePublished":"2024-04-04T08:04:53+00:00","dateModified":"2024-04-04T08:04:54+00:00","breadcrumb":{"@id":"https:\/\/unterirdis.ch\/wordpress\/2024\/04\/04\/sabine-klein-zu-gast-bei-getty\/#breadcrumb"},"inLanguage":"de","potentialAction":[{"@type":"ReadAction","target":["https:\/\/unterirdis.ch\/wordpress\/2024\/04\/04\/sabine-klein-zu-gast-bei-getty\/"]}]},{"@type":"ImageObject","inLanguage":"de","@id":"https:\/\/unterirdis.ch\/wordpress\/2024\/04\/04\/sabine-klein-zu-gast-bei-getty\/#primaryimage","url":"https:\/\/unterirdis.ch\/wp-content\/uploads\/2023\/06\/Sabine-Wald-Quadrat.jpg","contentUrl":"https:\/\/unterirdis.ch\/wp-content\/uploads\/2023\/06\/Sabine-Wald-Quadrat.jpg","width":2472,"height":2472,"caption":"Sabine Klein im Portr\u00e4t."},{"@type":"BreadcrumbList","@id":"https:\/\/unterirdis.ch\/wordpress\/2024\/04\/04\/sabine-klein-zu-gast-bei-getty\/#breadcrumb","itemListElement":[{"@type":"ListItem","position":1,"name":"Startseite","item":"https:\/\/unterirdis.ch\/wordpress\/"},{"@type":"ListItem","position":2,"name":"Sabine Klein als Getty Scholar in Los Angeles!"}]},{"@type":"WebSite","@id":"https:\/\/unterirdis.ch\/wordpress\/#website","url":"https:\/\/unterirdis.ch\/wordpress\/","name":"unterIrdisch - der Science-Blog aus dem Haus der Arch\u00e4ologien","description":"der Science-Blog aus dem Haus der Arch\u00e4ologien","publisher":{"@id":"https:\/\/unterirdis.ch\/wordpress\/#organization"},"alternateName":"unterIrdisch","potentialAction":[{"@type":"SearchAction","target":{"@type":"EntryPoint","urlTemplate":"https:\/\/unterirdis.ch\/wordpress\/?s={search_term_string}"},"query-input":{"@type":"PropertyValueSpecification","valueRequired":true,"valueName":"search_term_string"}}],"inLanguage":"de"},{"@type":"Organization","@id":"https:\/\/unterirdis.ch\/wordpress\/#organization","name":"unterIrdisch - der Science-Blog aus dem Haus der Arch\u00e4ologien","alternateName":"unterIrdisch","url":"https:\/\/unterirdis.ch\/wordpress\/","logo":{"@type":"ImageObject","inLanguage":"de","@id":"https:\/\/unterirdis.ch\/wordpress\/#\/schema\/logo\/image\/","url":"https:\/\/unterirdis.ch\/wp-content\/uploads\/2022\/03\/logo_3000p-scaled.jpg","contentUrl":"https:\/\/unterirdis.ch\/wp-content\/uploads\/2022\/03\/logo_3000p-scaled.jpg","width":2560,"height":2560,"caption":"unterIrdisch - der Science-Blog aus dem Haus der Arch\u00e4ologien"},"image":{"@id":"https:\/\/unterirdis.ch\/wordpress\/#\/schema\/logo\/image\/"},"sameAs":["https:\/\/x.com\/unterirdis_ch","https:\/\/instagram.com\/unterirdis.ch","https:\/\/www.youtube.com\/channel\/UCWj0o58Zp9pOrkbG3Xh2C4Q"]},{"@type":"Person","@id":"https:\/\/unterirdis.ch\/wordpress\/#\/schema\/person\/e51321391df8a8104f4f9e7ea953fd72","name":"Pia Patrizia Weber","image":{"@type":"ImageObject","inLanguage":"de","@id":"https:\/\/unterirdis.ch\/wp-content\/uploads\/2023\/03\/cropped-15C21EA0-B159-4A1C-970A-74B06A107D9D-scaled-1-96x96.jpg","url":"https:\/\/unterirdis.ch\/wp-content\/uploads\/2023\/03\/cropped-15C21EA0-B159-4A1C-970A-74B06A107D9D-scaled-1-96x96.jpg","contentUrl":"https:\/\/unterirdis.ch\/wp-content\/uploads\/2023\/03\/cropped-15C21EA0-B159-4A1C-970A-74B06A107D9D-scaled-1-96x96.jpg","caption":"Pia Patrizia Weber"},"description":"Pia ist wissenschaftliche Mitarbeiterin am Deutschen Bergbau-Museum Bochum.","url":"https:\/\/unterirdis.ch\/wordpress\/author\/pweber\/"}]}},"_links":{"self":[{"href":"https:\/\/unterirdis.ch\/wordpress\/wp-json\/wp\/v2\/posts\/2167","targetHints":{"allow":["GET"]}}],"collection":[{"href":"https:\/\/unterirdis.ch\/wordpress\/wp-json\/wp\/v2\/posts"}],"about":[{"href":"https:\/\/unterirdis.ch\/wordpress\/wp-json\/wp\/v2\/types\/post"}],"author":[{"embeddable":true,"href":"https:\/\/unterirdis.ch\/wordpress\/wp-json\/wp\/v2\/users\/2"}],"replies":[{"embeddable":true,"href":"https:\/\/unterirdis.ch\/wordpress\/wp-json\/wp\/v2\/comments?post=2167"}],"version-history":[{"count":0,"href":"https:\/\/unterirdis.ch\/wordpress\/wp-json\/wp\/v2\/posts\/2167\/revisions"}],"wp:featuredmedia":[{"embeddable":true,"href":"https:\/\/unterirdis.ch\/wordpress\/wp-json\/wp\/v2\/media\/1847"}],"wp:attachment":[{"href":"https:\/\/unterirdis.ch\/wordpress\/wp-json\/wp\/v2\/media?parent=2167"}],"wp:term":[{"taxonomy":"category","embeddable":true,"href":"https:\/\/unterirdis.ch\/wordpress\/wp-json\/wp\/v2\/categories?post=2167"},{"taxonomy":"post_tag","embeddable":true,"href":"https:\/\/unterirdis.ch\/wordpress\/wp-json\/wp\/v2\/tags?post=2167"}],"curies":[{"name":"wp","href":"https:\/\/api.w.org\/{rel}","templated":true}]}}