{"id":2152,"date":"2024-02-19T14:05:31","date_gmt":"2024-02-19T13:05:31","guid":{"rendered":"https:\/\/unterirdis.ch\/wordpress\/?p=2152"},"modified":"2024-02-19T14:22:03","modified_gmt":"2024-02-19T13:22:03","slug":"im-schatten-der-sima-mit-loewenkopf","status":"publish","type":"post","link":"https:\/\/unterirdis.ch\/wordpress\/2024\/02\/19\/im-schatten-der-sima-mit-loewenkopf\/","title":{"rendered":"Im Schatten der Sima mit L\u00f6wenkopf"},"content":{"rendered":"\t\t<div data-elementor-type=\"wp-post\" data-elementor-id=\"2152\" class=\"elementor elementor-2152\" data-elementor-post-type=\"post\">\n\t\t\t\t\t\t<section class=\"elementor-section elementor-top-section elementor-element elementor-element-d758a68 elementor-section-boxed elementor-section-height-default elementor-section-height-default\" data-id=\"d758a68\" data-element_type=\"section\" data-e-type=\"section\">\n\t\t\t\t\t\t<div class=\"elementor-container elementor-column-gap-default\">\n\t\t\t\t\t<div class=\"elementor-column elementor-col-50 elementor-top-column elementor-element elementor-element-6cff7e4\" data-id=\"6cff7e4\" data-element_type=\"column\" data-e-type=\"column\">\n\t\t\t<div class=\"elementor-widget-wrap elementor-element-populated\">\n\t\t\t\t\t\t<div class=\"elementor-element elementor-element-cdb1f78 elementor-widget elementor-widget-text-editor\" data-id=\"cdb1f78\" data-element_type=\"widget\" data-e-type=\"widget\" data-widget_type=\"text-editor.default\">\n\t\t\t\t<div class=\"elementor-widget-container\">\n\t\t\t\t\t\t\t\t\t<p data-pm-slice=\"1 1 []\">Im letzten Sommer konnte das Haus der Arch\u00e4ologien einige aufsehenerregende Funde machen, so haben die meisten sicherlich schon von der in Selinunt gefundenen Sima mit L\u00f6wenkopf gelesen oder geh\u00f6rt. Spektakul\u00e4re Funde sind es auch, die der Arch\u00e4ologie in der medialen \u00d6ffentlichkeit viel Aufmerksamkeit bringen. Eine Bodenverf\u00e4rbung ist eben auf den ersten Blick deutlich weniger attraktiv als ein ca. 400 kg schwerer Marmorblock mit teilweise ausgearbeitetem L\u00f6wenkopf, auch wenn erstere uns manchmal deutlich mehr Informationen liefert. Dementsprechend nehmen auch wir den Kopf als Aufh\u00e4nger f\u00fcr diese Folge. Projekt und Grabungsleiter Prof. Dr. Jon Albers und Dr. Axel Mi\u00df erz\u00e4hlen, wie es zur Auffindung des L\u00f6wenkopfes kam. Wieso der Fundort ebenso Fragen aufwirft, wie der Zustand der Sima. Und am Ende gehen die beiden auch auf die weiteren Ergebnisse der Grabungen im Bereich des Osthafens von Selinunt ein.<\/p>\t\t\t\t\t\t\t\t<\/div>\n\t\t\t\t<\/div>\n\t\t\t\t\t<\/div>\n\t\t<\/div>\n\t\t\t\t<div class=\"elementor-column elementor-col-50 elementor-top-column elementor-element elementor-element-b61d3d0\" data-id=\"b61d3d0\" data-element_type=\"column\" data-e-type=\"column\">\n\t\t\t<div class=\"elementor-widget-wrap elementor-element-populated\">\n\t\t\t\t\t\t<div class=\"elementor-element elementor-element-9101a55 elementor-widget elementor-widget-text-editor\" data-id=\"9101a55\" data-element_type=\"widget\" data-e-type=\"widget\" data-widget_type=\"text-editor.default\">\n\t\t\t\t<div class=\"elementor-widget-container\">\n\t\t\t\t\t\t\t\t\t<iframe style=\"width: 100%; min-width: 275px; min-height: 525px; max-width: 475px; max-height: 525px; border: 0; overflow: hidden;\" src=\"https:\/\/www.podcaster.de\/simpleplayer\/?id=show~e2k8ju~unterirdisch~pod-82f282636d42a63832db7c8804&amp;v=1708346691\"><\/iframe>\t\t\t\t\t\t\t\t<\/div>\n\t\t\t\t<\/div>\n\t\t\t\t\t<\/div>\n\t\t<\/div>\n\t\t\t\t\t<\/div>\n\t\t<\/section>\n\t\t\t\t<section class=\"elementor-section elementor-top-section elementor-element elementor-element-a8cc2e5 elementor-section-boxed elementor-section-height-default elementor-section-height-default\" data-id=\"a8cc2e5\" data-element_type=\"section\" data-e-type=\"section\">\n\t\t\t\t\t\t<div class=\"elementor-container elementor-column-gap-default\">\n\t\t\t\t\t<div class=\"elementor-column elementor-col-100 elementor-top-column elementor-element elementor-element-d7072b1\" data-id=\"d7072b1\" data-element_type=\"column\" data-e-type=\"column\">\n\t\t\t<div class=\"elementor-widget-wrap elementor-element-populated\">\n\t\t\t\t\t\t<div class=\"elementor-element elementor-element-1e0ce65 elementor-widget elementor-widget-image\" data-id=\"1e0ce65\" data-element_type=\"widget\" data-e-type=\"widget\" data-widget_type=\"image.default\">\n\t\t\t\t<div class=\"elementor-widget-container\">\n\t\t\t\t\t\t\t\t\t\t\t\t<figure class=\"wp-caption\">\n\t\t\t\t\t\t\t\t\t\t<img decoding=\"async\" src=\"https:\/\/unterirdis.ch\/wp-content\/uploads\/2024\/02\/230817_S6_PL7_1-scaled.jpg\" title=\"Selinunt Schnitt 6\" alt=\"Zu sehen ist ein Grabungsschnitt, dessen Befund eine antike Stra\u00dfe zeigt. An der rechten Seite verl\u00e4uft zudem ein Mauerfundament parallel zur Stra\u00dfe. Hier wurde 2023 die 400kg schwere Sima mit L\u00f6wenkopf gefunden.\" loading=\"lazy\" \/>\t\t\t\t\t\t\t\t\t\t\t<figcaption class=\"widget-image-caption wp-caption-text\">Die im Podcast erw\u00e4hnte Stra\u00dfe, auf der die Sima mit L\u00f6wenkopf lag. (Foto: Selinuntprojekt Ruhr-Universit\u00e4t Bochum, Axel Mi\u00df)<\/figcaption>\n\t\t\t\t\t\t\t\t\t\t<\/figure>\n\t\t\t\t\t\t\t\t\t<\/div>\n\t\t\t\t<\/div>\n\t\t\t\t\t<\/div>\n\t\t<\/div>\n\t\t\t\t\t<\/div>\n\t\t<\/section>\n\t\t\t\t<\/div>\n\t\t","protected":false},"excerpt":{"rendered":"<p>Im letzten Sommer konnte das Haus der Arch\u00e4ologien einige aufsehenerregende Funde machen, so haben die meisten sicherlich schon von der in Selinunt gefundenen Sima mit L\u00f6wenkopf gelesen oder geh\u00f6rt. Spektakul\u00e4re [&hellip;]<\/p>\n","protected":false},"author":3,"featured_media":2164,"comment_status":"closed","ping_status":"closed","sticky":false,"template":"","format":"standard","meta":{"footnotes":""},"categories":[19,12,5],"tags":[159,84,45,56,160,108],"class_list":["post-2152","post","type-post","status-publish","format-standard","has-post-thumbnail","hentry","category-an-der-ruhr-universitaet-bochum","category-unterfreunden","category-unteruns","tag-dai","tag-forschung","tag-podcast","tag-ruhr-universitaet-bochum","tag-selinunt","tag-wisskomm"],"yoast_head":"<!-- This site is optimized with the Yoast SEO plugin v27.5 - https:\/\/yoast.com\/product\/yoast-seo-wordpress\/ -->\n<title>Im Schatten der Sima mit L\u00f6wenkopf - unterIrdisch<\/title>\n<meta name=\"description\" content=\"Im Sommer 2023 fanden Prof. Dr. John Albers und Dr. Axel Mi\u00df nicht nur eine Sima mit L\u00f6wenkopf, beide Berichten von der Grabung in Selinunt.\" \/>\n<meta name=\"robots\" content=\"index, follow, max-snippet:-1, max-image-preview:large, max-video-preview:-1\" \/>\n<link rel=\"canonical\" href=\"https:\/\/unterirdis.ch\/wordpress\/2024\/02\/19\/im-schatten-der-sima-mit-loewenkopf\/\" \/>\n<meta property=\"og:locale\" content=\"de_DE\" \/>\n<meta property=\"og:type\" content=\"article\" \/>\n<meta property=\"og:title\" content=\"Im Schatten der Sima mit L\u00f6wenkopf - unterIrdisch\" \/>\n<meta property=\"og:description\" content=\"Im Sommer 2023 fanden Prof. Dr. John Albers und Dr. Axel Mi\u00df nicht nur eine Sima mit L\u00f6wenkopf, beide Berichten von der Grabung in Selinunt.\" \/>\n<meta property=\"og:url\" content=\"https:\/\/unterirdis.ch\/wordpress\/2024\/02\/19\/im-schatten-der-sima-mit-loewenkopf\/\" \/>\n<meta property=\"og:site_name\" content=\"unterIrdisch\" \/>\n<meta property=\"article:published_time\" content=\"2024-02-19T13:05:31+00:00\" \/>\n<meta property=\"article:modified_time\" content=\"2024-02-19T13:22:03+00:00\" \/>\n<meta property=\"og:image\" content=\"https:\/\/unterirdis.ch\/wp-content\/uploads\/2024\/02\/LKW_Detail_047-scaled.jpg\" \/>\n\t<meta property=\"og:image:width\" content=\"2345\" \/>\n\t<meta property=\"og:image:height\" content=\"2560\" \/>\n\t<meta property=\"og:image:type\" content=\"image\/jpeg\" \/>\n<meta name=\"author\" content=\"Dominic Bachmann\" \/>\n<meta name=\"twitter:card\" content=\"summary_large_image\" \/>\n<meta name=\"twitter:creator\" content=\"@unterirdis_ch\" \/>\n<meta name=\"twitter:site\" content=\"@unterirdis_ch\" \/>\n<meta name=\"twitter:label1\" content=\"Verfasst von\" \/>\n\t<meta name=\"twitter:data1\" content=\"Dominic Bachmann\" \/>\n\t<meta name=\"twitter:label2\" content=\"Gesch\u00e4tzte Lesezeit\" \/>\n\t<meta name=\"twitter:data2\" content=\"2\u00a0Minuten\" \/>\n<script type=\"application\/ld+json\" class=\"yoast-schema-graph\">{\"@context\":\"https:\\\/\\\/schema.org\",\"@graph\":[{\"@type\":\"Article\",\"@id\":\"https:\\\/\\\/unterirdis.ch\\\/wordpress\\\/2024\\\/02\\\/19\\\/im-schatten-der-sima-mit-loewenkopf\\\/#article\",\"isPartOf\":{\"@id\":\"https:\\\/\\\/unterirdis.ch\\\/wordpress\\\/2024\\\/02\\\/19\\\/im-schatten-der-sima-mit-loewenkopf\\\/\"},\"author\":{\"name\":\"Dominic Bachmann\",\"@id\":\"https:\\\/\\\/unterirdis.ch\\\/wordpress\\\/#\\\/schema\\\/person\\\/50e7ff29f34fcda3f64338fd095708c9\"},\"headline\":\"Im Schatten der Sima mit L\u00f6wenkopf\",\"datePublished\":\"2024-02-19T13:05:31+00:00\",\"dateModified\":\"2024-02-19T13:22:03+00:00\",\"mainEntityOfPage\":{\"@id\":\"https:\\\/\\\/unterirdis.ch\\\/wordpress\\\/2024\\\/02\\\/19\\\/im-schatten-der-sima-mit-loewenkopf\\\/\"},\"wordCount\":175,\"publisher\":{\"@id\":\"https:\\\/\\\/unterirdis.ch\\\/wordpress\\\/#organization\"},\"image\":{\"@id\":\"https:\\\/\\\/unterirdis.ch\\\/wordpress\\\/2024\\\/02\\\/19\\\/im-schatten-der-sima-mit-loewenkopf\\\/#primaryimage\"},\"thumbnailUrl\":\"https:\\\/\\\/unterirdis.ch\\\/wp-content\\\/uploads\\\/2024\\\/02\\\/LKW_Detail_047-scaled.jpg\",\"keywords\":[\"DAI\",\"Forschung\",\"Podcast\",\"Ruhr-Universit\u00e4t Bochum\",\"Selinunt\",\"Wisskomm\"],\"articleSection\":[\"an der Ruhr-Universit\u00e4t Bochum\",\"unterFreunden\",\"unterUns\"],\"inLanguage\":\"de\"},{\"@type\":\"WebPage\",\"@id\":\"https:\\\/\\\/unterirdis.ch\\\/wordpress\\\/2024\\\/02\\\/19\\\/im-schatten-der-sima-mit-loewenkopf\\\/\",\"url\":\"https:\\\/\\\/unterirdis.ch\\\/wordpress\\\/2024\\\/02\\\/19\\\/im-schatten-der-sima-mit-loewenkopf\\\/\",\"name\":\"Im Schatten der Sima mit L\u00f6wenkopf - unterIrdisch\",\"isPartOf\":{\"@id\":\"https:\\\/\\\/unterirdis.ch\\\/wordpress\\\/#website\"},\"primaryImageOfPage\":{\"@id\":\"https:\\\/\\\/unterirdis.ch\\\/wordpress\\\/2024\\\/02\\\/19\\\/im-schatten-der-sima-mit-loewenkopf\\\/#primaryimage\"},\"image\":{\"@id\":\"https:\\\/\\\/unterirdis.ch\\\/wordpress\\\/2024\\\/02\\\/19\\\/im-schatten-der-sima-mit-loewenkopf\\\/#primaryimage\"},\"thumbnailUrl\":\"https:\\\/\\\/unterirdis.ch\\\/wp-content\\\/uploads\\\/2024\\\/02\\\/LKW_Detail_047-scaled.jpg\",\"datePublished\":\"2024-02-19T13:05:31+00:00\",\"dateModified\":\"2024-02-19T13:22:03+00:00\",\"description\":\"Im Sommer 2023 fanden Prof. Dr. John Albers und Dr. Axel Mi\u00df nicht nur eine Sima mit L\u00f6wenkopf, beide Berichten von der Grabung in Selinunt.\",\"breadcrumb\":{\"@id\":\"https:\\\/\\\/unterirdis.ch\\\/wordpress\\\/2024\\\/02\\\/19\\\/im-schatten-der-sima-mit-loewenkopf\\\/#breadcrumb\"},\"inLanguage\":\"de\",\"potentialAction\":[{\"@type\":\"ReadAction\",\"target\":[\"https:\\\/\\\/unterirdis.ch\\\/wordpress\\\/2024\\\/02\\\/19\\\/im-schatten-der-sima-mit-loewenkopf\\\/\"]}]},{\"@type\":\"ImageObject\",\"inLanguage\":\"de\",\"@id\":\"https:\\\/\\\/unterirdis.ch\\\/wordpress\\\/2024\\\/02\\\/19\\\/im-schatten-der-sima-mit-loewenkopf\\\/#primaryimage\",\"url\":\"https:\\\/\\\/unterirdis.ch\\\/wp-content\\\/uploads\\\/2024\\\/02\\\/LKW_Detail_047-scaled.jpg\",\"contentUrl\":\"https:\\\/\\\/unterirdis.ch\\\/wp-content\\\/uploads\\\/2024\\\/02\\\/LKW_Detail_047-scaled.jpg\",\"width\":2345,\"height\":2560,\"caption\":\"L\u00f6wenkopf Detail (Foto: Selinuntprojekt Ruhr-Universit\u00e4t Bochum, Marc Klau\u00df\\\/Leah Schiebel)\"},{\"@type\":\"BreadcrumbList\",\"@id\":\"https:\\\/\\\/unterirdis.ch\\\/wordpress\\\/2024\\\/02\\\/19\\\/im-schatten-der-sima-mit-loewenkopf\\\/#breadcrumb\",\"itemListElement\":[{\"@type\":\"ListItem\",\"position\":1,\"name\":\"Startseite\",\"item\":\"https:\\\/\\\/unterirdis.ch\\\/wordpress\\\/\"},{\"@type\":\"ListItem\",\"position\":2,\"name\":\"Im Schatten der Sima mit L\u00f6wenkopf\"}]},{\"@type\":\"WebSite\",\"@id\":\"https:\\\/\\\/unterirdis.ch\\\/wordpress\\\/#website\",\"url\":\"https:\\\/\\\/unterirdis.ch\\\/wordpress\\\/\",\"name\":\"unterIrdisch - der Science-Blog aus dem Haus der Arch\u00e4ologien\",\"description\":\"der Science-Blog aus dem Haus der Arch\u00e4ologien\",\"publisher\":{\"@id\":\"https:\\\/\\\/unterirdis.ch\\\/wordpress\\\/#organization\"},\"alternateName\":\"unterIrdisch\",\"potentialAction\":[{\"@type\":\"SearchAction\",\"target\":{\"@type\":\"EntryPoint\",\"urlTemplate\":\"https:\\\/\\\/unterirdis.ch\\\/wordpress\\\/?s={search_term_string}\"},\"query-input\":{\"@type\":\"PropertyValueSpecification\",\"valueRequired\":true,\"valueName\":\"search_term_string\"}}],\"inLanguage\":\"de\"},{\"@type\":\"Organization\",\"@id\":\"https:\\\/\\\/unterirdis.ch\\\/wordpress\\\/#organization\",\"name\":\"unterIrdisch - der Science-Blog aus dem Haus der Arch\u00e4ologien\",\"alternateName\":\"unterIrdisch\",\"url\":\"https:\\\/\\\/unterirdis.ch\\\/wordpress\\\/\",\"logo\":{\"@type\":\"ImageObject\",\"inLanguage\":\"de\",\"@id\":\"https:\\\/\\\/unterirdis.ch\\\/wordpress\\\/#\\\/schema\\\/logo\\\/image\\\/\",\"url\":\"https:\\\/\\\/unterirdis.ch\\\/wp-content\\\/uploads\\\/2022\\\/03\\\/logo_3000p-scaled.jpg\",\"contentUrl\":\"https:\\\/\\\/unterirdis.ch\\\/wp-content\\\/uploads\\\/2022\\\/03\\\/logo_3000p-scaled.jpg\",\"width\":2560,\"height\":2560,\"caption\":\"unterIrdisch - der Science-Blog aus dem Haus der Arch\u00e4ologien\"},\"image\":{\"@id\":\"https:\\\/\\\/unterirdis.ch\\\/wordpress\\\/#\\\/schema\\\/logo\\\/image\\\/\"},\"sameAs\":[\"https:\\\/\\\/x.com\\\/unterirdis_ch\",\"https:\\\/\\\/instagram.com\\\/unterirdis.ch\",\"https:\\\/\\\/www.youtube.com\\\/channel\\\/UCWj0o58Zp9pOrkbG3Xh2C4Q\"]},{\"@type\":\"Person\",\"@id\":\"https:\\\/\\\/unterirdis.ch\\\/wordpress\\\/#\\\/schema\\\/person\\\/50e7ff29f34fcda3f64338fd095708c9\",\"name\":\"Dominic Bachmann\",\"image\":{\"@type\":\"ImageObject\",\"inLanguage\":\"de\",\"@id\":\"https:\\\/\\\/unterirdis.ch\\\/wp-content\\\/uploads\\\/2024\\\/07\\\/cropped-P1320573-e1755606392802-96x96.jpg\",\"url\":\"https:\\\/\\\/unterirdis.ch\\\/wp-content\\\/uploads\\\/2024\\\/07\\\/cropped-P1320573-e1755606392802-96x96.jpg\",\"contentUrl\":\"https:\\\/\\\/unterirdis.ch\\\/wp-content\\\/uploads\\\/2024\\\/07\\\/cropped-P1320573-e1755606392802-96x96.jpg\",\"caption\":\"Dominic Bachmann\"},\"description\":\"Dominic war wissenschaftlicher Mitarbeiter an der Ruhr-Universit\u00e4t Bochum.\",\"url\":\"https:\\\/\\\/unterirdis.ch\\\/wordpress\\\/author\\\/dbachmann\\\/\"}]}<\/script>\n<!-- \/ Yoast SEO plugin. -->","yoast_head_json":{"title":"Im Schatten der Sima mit L\u00f6wenkopf - unterIrdisch","description":"Im Sommer 2023 fanden Prof. Dr. John Albers und Dr. Axel Mi\u00df nicht nur eine Sima mit L\u00f6wenkopf, beide Berichten von der Grabung in Selinunt.","robots":{"index":"index","follow":"follow","max-snippet":"max-snippet:-1","max-image-preview":"max-image-preview:large","max-video-preview":"max-video-preview:-1"},"canonical":"https:\/\/unterirdis.ch\/wordpress\/2024\/02\/19\/im-schatten-der-sima-mit-loewenkopf\/","og_locale":"de_DE","og_type":"article","og_title":"Im Schatten der Sima mit L\u00f6wenkopf - unterIrdisch","og_description":"Im Sommer 2023 fanden Prof. Dr. John Albers und Dr. Axel Mi\u00df nicht nur eine Sima mit L\u00f6wenkopf, beide Berichten von der Grabung in Selinunt.","og_url":"https:\/\/unterirdis.ch\/wordpress\/2024\/02\/19\/im-schatten-der-sima-mit-loewenkopf\/","og_site_name":"unterIrdisch","article_published_time":"2024-02-19T13:05:31+00:00","article_modified_time":"2024-02-19T13:22:03+00:00","og_image":[{"width":2345,"height":2560,"url":"https:\/\/unterirdis.ch\/wp-content\/uploads\/2024\/02\/LKW_Detail_047-scaled.jpg","type":"image\/jpeg"}],"author":"Dominic Bachmann","twitter_card":"summary_large_image","twitter_creator":"@unterirdis_ch","twitter_site":"@unterirdis_ch","twitter_misc":{"Verfasst von":"Dominic Bachmann","Gesch\u00e4tzte Lesezeit":"2\u00a0Minuten"},"schema":{"@context":"https:\/\/schema.org","@graph":[{"@type":"Article","@id":"https:\/\/unterirdis.ch\/wordpress\/2024\/02\/19\/im-schatten-der-sima-mit-loewenkopf\/#article","isPartOf":{"@id":"https:\/\/unterirdis.ch\/wordpress\/2024\/02\/19\/im-schatten-der-sima-mit-loewenkopf\/"},"author":{"name":"Dominic Bachmann","@id":"https:\/\/unterirdis.ch\/wordpress\/#\/schema\/person\/50e7ff29f34fcda3f64338fd095708c9"},"headline":"Im Schatten der Sima mit L\u00f6wenkopf","datePublished":"2024-02-19T13:05:31+00:00","dateModified":"2024-02-19T13:22:03+00:00","mainEntityOfPage":{"@id":"https:\/\/unterirdis.ch\/wordpress\/2024\/02\/19\/im-schatten-der-sima-mit-loewenkopf\/"},"wordCount":175,"publisher":{"@id":"https:\/\/unterirdis.ch\/wordpress\/#organization"},"image":{"@id":"https:\/\/unterirdis.ch\/wordpress\/2024\/02\/19\/im-schatten-der-sima-mit-loewenkopf\/#primaryimage"},"thumbnailUrl":"https:\/\/unterirdis.ch\/wp-content\/uploads\/2024\/02\/LKW_Detail_047-scaled.jpg","keywords":["DAI","Forschung","Podcast","Ruhr-Universit\u00e4t Bochum","Selinunt","Wisskomm"],"articleSection":["an der Ruhr-Universit\u00e4t Bochum","unterFreunden","unterUns"],"inLanguage":"de"},{"@type":"WebPage","@id":"https:\/\/unterirdis.ch\/wordpress\/2024\/02\/19\/im-schatten-der-sima-mit-loewenkopf\/","url":"https:\/\/unterirdis.ch\/wordpress\/2024\/02\/19\/im-schatten-der-sima-mit-loewenkopf\/","name":"Im Schatten der Sima mit L\u00f6wenkopf - unterIrdisch","isPartOf":{"@id":"https:\/\/unterirdis.ch\/wordpress\/#website"},"primaryImageOfPage":{"@id":"https:\/\/unterirdis.ch\/wordpress\/2024\/02\/19\/im-schatten-der-sima-mit-loewenkopf\/#primaryimage"},"image":{"@id":"https:\/\/unterirdis.ch\/wordpress\/2024\/02\/19\/im-schatten-der-sima-mit-loewenkopf\/#primaryimage"},"thumbnailUrl":"https:\/\/unterirdis.ch\/wp-content\/uploads\/2024\/02\/LKW_Detail_047-scaled.jpg","datePublished":"2024-02-19T13:05:31+00:00","dateModified":"2024-02-19T13:22:03+00:00","description":"Im Sommer 2023 fanden Prof. Dr. John Albers und Dr. Axel Mi\u00df nicht nur eine Sima mit L\u00f6wenkopf, beide Berichten von der Grabung in Selinunt.","breadcrumb":{"@id":"https:\/\/unterirdis.ch\/wordpress\/2024\/02\/19\/im-schatten-der-sima-mit-loewenkopf\/#breadcrumb"},"inLanguage":"de","potentialAction":[{"@type":"ReadAction","target":["https:\/\/unterirdis.ch\/wordpress\/2024\/02\/19\/im-schatten-der-sima-mit-loewenkopf\/"]}]},{"@type":"ImageObject","inLanguage":"de","@id":"https:\/\/unterirdis.ch\/wordpress\/2024\/02\/19\/im-schatten-der-sima-mit-loewenkopf\/#primaryimage","url":"https:\/\/unterirdis.ch\/wp-content\/uploads\/2024\/02\/LKW_Detail_047-scaled.jpg","contentUrl":"https:\/\/unterirdis.ch\/wp-content\/uploads\/2024\/02\/LKW_Detail_047-scaled.jpg","width":2345,"height":2560,"caption":"L\u00f6wenkopf Detail (Foto: Selinuntprojekt Ruhr-Universit\u00e4t Bochum, Marc Klau\u00df\/Leah Schiebel)"},{"@type":"BreadcrumbList","@id":"https:\/\/unterirdis.ch\/wordpress\/2024\/02\/19\/im-schatten-der-sima-mit-loewenkopf\/#breadcrumb","itemListElement":[{"@type":"ListItem","position":1,"name":"Startseite","item":"https:\/\/unterirdis.ch\/wordpress\/"},{"@type":"ListItem","position":2,"name":"Im Schatten der Sima mit L\u00f6wenkopf"}]},{"@type":"WebSite","@id":"https:\/\/unterirdis.ch\/wordpress\/#website","url":"https:\/\/unterirdis.ch\/wordpress\/","name":"unterIrdisch - der Science-Blog aus dem Haus der Arch\u00e4ologien","description":"der Science-Blog aus dem Haus der Arch\u00e4ologien","publisher":{"@id":"https:\/\/unterirdis.ch\/wordpress\/#organization"},"alternateName":"unterIrdisch","potentialAction":[{"@type":"SearchAction","target":{"@type":"EntryPoint","urlTemplate":"https:\/\/unterirdis.ch\/wordpress\/?s={search_term_string}"},"query-input":{"@type":"PropertyValueSpecification","valueRequired":true,"valueName":"search_term_string"}}],"inLanguage":"de"},{"@type":"Organization","@id":"https:\/\/unterirdis.ch\/wordpress\/#organization","name":"unterIrdisch - der Science-Blog aus dem Haus der Arch\u00e4ologien","alternateName":"unterIrdisch","url":"https:\/\/unterirdis.ch\/wordpress\/","logo":{"@type":"ImageObject","inLanguage":"de","@id":"https:\/\/unterirdis.ch\/wordpress\/#\/schema\/logo\/image\/","url":"https:\/\/unterirdis.ch\/wp-content\/uploads\/2022\/03\/logo_3000p-scaled.jpg","contentUrl":"https:\/\/unterirdis.ch\/wp-content\/uploads\/2022\/03\/logo_3000p-scaled.jpg","width":2560,"height":2560,"caption":"unterIrdisch - der Science-Blog aus dem Haus der Arch\u00e4ologien"},"image":{"@id":"https:\/\/unterirdis.ch\/wordpress\/#\/schema\/logo\/image\/"},"sameAs":["https:\/\/x.com\/unterirdis_ch","https:\/\/instagram.com\/unterirdis.ch","https:\/\/www.youtube.com\/channel\/UCWj0o58Zp9pOrkbG3Xh2C4Q"]},{"@type":"Person","@id":"https:\/\/unterirdis.ch\/wordpress\/#\/schema\/person\/50e7ff29f34fcda3f64338fd095708c9","name":"Dominic Bachmann","image":{"@type":"ImageObject","inLanguage":"de","@id":"https:\/\/unterirdis.ch\/wp-content\/uploads\/2024\/07\/cropped-P1320573-e1755606392802-96x96.jpg","url":"https:\/\/unterirdis.ch\/wp-content\/uploads\/2024\/07\/cropped-P1320573-e1755606392802-96x96.jpg","contentUrl":"https:\/\/unterirdis.ch\/wp-content\/uploads\/2024\/07\/cropped-P1320573-e1755606392802-96x96.jpg","caption":"Dominic Bachmann"},"description":"Dominic war wissenschaftlicher Mitarbeiter an der Ruhr-Universit\u00e4t Bochum.","url":"https:\/\/unterirdis.ch\/wordpress\/author\/dbachmann\/"}]}},"_links":{"self":[{"href":"https:\/\/unterirdis.ch\/wordpress\/wp-json\/wp\/v2\/posts\/2152","targetHints":{"allow":["GET"]}}],"collection":[{"href":"https:\/\/unterirdis.ch\/wordpress\/wp-json\/wp\/v2\/posts"}],"about":[{"href":"https:\/\/unterirdis.ch\/wordpress\/wp-json\/wp\/v2\/types\/post"}],"author":[{"embeddable":true,"href":"https:\/\/unterirdis.ch\/wordpress\/wp-json\/wp\/v2\/users\/3"}],"replies":[{"embeddable":true,"href":"https:\/\/unterirdis.ch\/wordpress\/wp-json\/wp\/v2\/comments?post=2152"}],"version-history":[{"count":0,"href":"https:\/\/unterirdis.ch\/wordpress\/wp-json\/wp\/v2\/posts\/2152\/revisions"}],"wp:featuredmedia":[{"embeddable":true,"href":"https:\/\/unterirdis.ch\/wordpress\/wp-json\/wp\/v2\/media\/2164"}],"wp:attachment":[{"href":"https:\/\/unterirdis.ch\/wordpress\/wp-json\/wp\/v2\/media?parent=2152"}],"wp:term":[{"taxonomy":"category","embeddable":true,"href":"https:\/\/unterirdis.ch\/wordpress\/wp-json\/wp\/v2\/categories?post=2152"},{"taxonomy":"post_tag","embeddable":true,"href":"https:\/\/unterirdis.ch\/wordpress\/wp-json\/wp\/v2\/tags?post=2152"}],"curies":[{"name":"wp","href":"https:\/\/api.w.org\/{rel}","templated":true}]}}