{"id":2077,"date":"2024-01-29T07:40:44","date_gmt":"2024-01-29T06:40:44","guid":{"rendered":"https:\/\/unterirdis.ch\/wordpress\/?p=2077"},"modified":"2024-01-29T08:07:04","modified_gmt":"2024-01-29T07:07:04","slug":"der-wissenschaftliche-nachwuchs-des-dbm-auf-exkursion","status":"publish","type":"post","link":"https:\/\/unterirdis.ch\/wordpress\/2024\/01\/29\/der-wissenschaftliche-nachwuchs-des-dbm-auf-exkursion\/","title":{"rendered":"Der Wissenschaftliche Nachwuchs des DBM auf Exkursion"},"content":{"rendered":"\t\t<div data-elementor-type=\"wp-post\" data-elementor-id=\"2077\" class=\"elementor elementor-2077\" data-elementor-post-type=\"post\">\n\t\t\t\t\t\t<section class=\"elementor-section elementor-top-section elementor-element elementor-element-87e6e67 elementor-section-boxed elementor-section-height-default elementor-section-height-default\" data-id=\"87e6e67\" data-element_type=\"section\" data-e-type=\"section\">\n\t\t\t\t\t\t<div class=\"elementor-container elementor-column-gap-default\">\n\t\t\t\t\t<div class=\"elementor-column elementor-col-100 elementor-top-column elementor-element elementor-element-abcf6c5\" data-id=\"abcf6c5\" data-element_type=\"column\" data-e-type=\"column\">\n\t\t\t<div class=\"elementor-widget-wrap elementor-element-populated\">\n\t\t\t\t\t\t<div class=\"elementor-element elementor-element-062d5df elementor-widget elementor-widget-text-editor\" data-id=\"062d5df\" data-element_type=\"widget\" data-e-type=\"widget\" data-widget_type=\"text-editor.default\">\n\t\t\t\t<div class=\"elementor-widget-container\">\n\t\t\t\t\t\t\t\t\t<p>Der wissenschaftliche Nachwuchs des Deutschen Bergbau-Museums Bochum (DBM) begab sich im Dezember 2023 auf eine Exkursion nach Nordhausen. An vier Tagen besuchten wir moderne Bergwerke, ein Denkmal und eine Kunstausstellung.<\/p>\t\t\t\t\t\t\t\t<\/div>\n\t\t\t\t<\/div>\n\t\t\t\t\t<\/div>\n\t\t<\/div>\n\t\t\t\t\t<\/div>\n\t\t<\/section>\n\t\t\t\t<section class=\"elementor-section elementor-top-section elementor-element elementor-element-10edf08 elementor-section-boxed elementor-section-height-default elementor-section-height-default\" data-id=\"10edf08\" data-element_type=\"section\" data-e-type=\"section\">\n\t\t\t\t\t\t<div class=\"elementor-container elementor-column-gap-default\">\n\t\t\t\t\t<div class=\"elementor-column elementor-col-50 elementor-top-column elementor-element elementor-element-2f27127\" data-id=\"2f27127\" data-element_type=\"column\" data-e-type=\"column\">\n\t\t\t<div class=\"elementor-widget-wrap elementor-element-populated\">\n\t\t\t\t\t\t<div class=\"elementor-element elementor-element-b3c7174 elementor-widget elementor-widget-heading\" data-id=\"b3c7174\" data-element_type=\"widget\" data-e-type=\"widget\" data-widget_type=\"heading.default\">\n\t\t\t\t<div class=\"elementor-widget-container\">\n\t\t\t\t\t<h2 class=\"elementor-heading-title elementor-size-default\">Tag 1<\/h2>\t\t\t\t<\/div>\n\t\t\t\t<\/div>\n\t\t\t\t<div class=\"elementor-element elementor-element-b3cb101 elementor-widget elementor-widget-text-editor\" data-id=\"b3cb101\" data-element_type=\"widget\" data-e-type=\"widget\" data-widget_type=\"text-editor.default\">\n\t\t\t\t<div class=\"elementor-widget-container\">\n\t\t\t\t\t\t\t\t\t<p>Zu Beginn der Exkursion besuchten wir die Goldausstellung in den R\u00e4umlichkeiten der Nordh\u00e4user Traditionsbrennerei. Gold zieht die Menschheit seit Jahrtausenden magisch an \u2013 und auch wir waren angetan. Schon die Inka schufen aus dem sch\u00f6nsten aller Edelmetalle sagenhafte Sch\u00e4tze. Ob als Schmuck oder Zahlungsmittel, ob in Kunst oder Kirche &#8211; ohne Gold w\u00e4re die Welt nicht denkbar. Die diesj\u00e4hrige Sonderausstellung gab uns einen kleinen Einblick in die kulturgeschichtliche Entwicklung des Goldes. In den historischen R\u00e4umen dreht sich alles um Schmuck, um das Sch\u00fcrfen des Metalls, um Gold als Wertanlage und nat\u00fcrlich um Blattgolddekorationen. Nicht zuletzt erhielten wir einen erg\u00e4nzenden Blick auf das \u201ewei\u00dfe Gold\u201c, dem Porzellan, das uns bis heute begleitet und uns den Alltag vergoldet.<\/p>\t\t\t\t\t\t\t\t<\/div>\n\t\t\t\t<\/div>\n\t\t\t\t\t<\/div>\n\t\t<\/div>\n\t\t\t\t<div class=\"elementor-column elementor-col-50 elementor-top-column elementor-element elementor-element-37b8785\" data-id=\"37b8785\" data-element_type=\"column\" data-e-type=\"column\">\n\t\t\t<div class=\"elementor-widget-wrap elementor-element-populated\">\n\t\t\t\t\t\t<div class=\"elementor-element elementor-element-02abc30 elementor-widget elementor-widget-image\" data-id=\"02abc30\" data-element_type=\"widget\" data-e-type=\"widget\" data-widget_type=\"image.default\">\n\t\t\t\t<div class=\"elementor-widget-container\">\n\t\t\t\t\t\t\t\t\t\t\t\t<figure class=\"wp-caption\">\n\t\t\t\t\t\t\t\t\t\t<img fetchpriority=\"high\" decoding=\"async\" width=\"225\" height=\"300\" src=\"https:\/\/unterirdis.ch\/wp-content\/uploads\/2024\/01\/Besuch-Goldausstellung-Nordhausen-225x300.webp\" class=\"attachment-medium size-medium wp-image-2085\" alt=\"\" srcset=\"https:\/\/unterirdis.ch\/wp-content\/uploads\/2024\/01\/Besuch-Goldausstellung-Nordhausen-225x300.webp 225w, https:\/\/unterirdis.ch\/wp-content\/uploads\/2024\/01\/Besuch-Goldausstellung-Nordhausen-768x1024.webp 768w, https:\/\/unterirdis.ch\/wp-content\/uploads\/2024\/01\/Besuch-Goldausstellung-Nordhausen-1152x1536.webp 1152w, https:\/\/unterirdis.ch\/wp-content\/uploads\/2024\/01\/Besuch-Goldausstellung-Nordhausen-1536x2048.webp 1536w, https:\/\/unterirdis.ch\/wp-content\/uploads\/2024\/01\/Besuch-Goldausstellung-Nordhausen-scaled.webp 1920w\" sizes=\"(max-width: 225px) 100vw, 225px\" \/>\t\t\t\t\t\t\t\t\t\t\t<figcaption class=\"widget-image-caption wp-caption-text\">Besuch Goldausstellung Nordhausen<\/figcaption>\n\t\t\t\t\t\t\t\t\t\t<\/figure>\n\t\t\t\t\t\t\t\t\t<\/div>\n\t\t\t\t<\/div>\n\t\t\t\t\t<\/div>\n\t\t<\/div>\n\t\t\t\t\t<\/div>\n\t\t<\/section>\n\t\t\t\t<section class=\"elementor-section elementor-top-section elementor-element elementor-element-3f9de42 elementor-section-boxed elementor-section-height-default elementor-section-height-default\" data-id=\"3f9de42\" data-element_type=\"section\" data-e-type=\"section\">\n\t\t\t\t\t\t<div class=\"elementor-container elementor-column-gap-default\">\n\t\t\t\t\t<div class=\"elementor-column elementor-col-100 elementor-top-column elementor-element elementor-element-754263a\" data-id=\"754263a\" data-element_type=\"column\" data-e-type=\"column\">\n\t\t\t<div class=\"elementor-widget-wrap elementor-element-populated\">\n\t\t\t\t\t\t<div class=\"elementor-element elementor-element-5908de3 elementor-widget elementor-widget-heading\" data-id=\"5908de3\" data-element_type=\"widget\" data-e-type=\"widget\" data-widget_type=\"heading.default\">\n\t\t\t\t<div class=\"elementor-widget-container\">\n\t\t\t\t\t<h2 class=\"elementor-heading-title elementor-size-default\">Tag 2<\/h2>\t\t\t\t<\/div>\n\t\t\t\t<\/div>\n\t\t\t\t<div class=\"elementor-element elementor-element-71cec34 elementor-widget elementor-widget-text-editor\" data-id=\"71cec34\" data-element_type=\"widget\" data-e-type=\"widget\" data-widget_type=\"text-editor.default\">\n\t\t\t\t<div class=\"elementor-widget-container\">\n\t\t\t\t\t\t\t\t\t<p>Am zweiten Tag besuchten wir die KZ-Gedenkst\u00e4tte Mittelbau-Dora. Dieser europ\u00e4ische Lern- und Ged\u00e4chtnisort zeigte uns die schlimmste Form des Bergbaus: Das Leiden und Sterben Tausender KZ-H\u00e4ftlinge bei der Arbeit unter unmenschlichen Bedingungen unter Tage. Exemplarisch wird hier die Geschichte der KZ-Zwangsarbeit und der Untertageverlagerung von R\u00fcstungsfertigungen im Zweiten Weltkrieg vermittelt. W\u00e4hrend unseres Aufenthalts besuchten wir die Ausstellung, die das vielgestaltige Beziehungsgeflecht zwischen den Lagern und ihrem gesellschaftlichen Umfeld aufzeigt und damit zur kritischen Auseinandersetzung mit dem Thema der T\u00e4terschaft und der Verantwortung von Mitt\u00e4tern und Zuschauern beitr\u00e4gt. Dazu z\u00e4hlt auch die Frage nach den Beweggr\u00fcnden, die Verantwortliche in Bau- und R\u00fcstungskonzernen, aber auch kleine Handwerker veranlasste, KZ-H\u00e4ftlinge als Zwangsarbeiter auszubeuten. Auch die Verantwortung von Technikern, Ingenieuren und Managern, die KZ-H\u00e4ftlinge im Mittelwerk V2-Raketen montieren lie\u00dfen, wird in der Ausstellung hinterfragt. Insgesamt regte der Besuch der Gedenkst\u00e4tte zur Diskussion aktueller und vergangener gesellschaftlicher und politischer Entwicklungen sowie um die Ethik von Wissenschaft und Technik an. So bedr\u00fcckend und furchtbar die Geschichte dieses Ortes ist, ist es gerade in dieser Zeit, in der Rassismus salonf\u00e4hig ist und die Diskriminierung von Menschen zunimmt, wichtig, sich an die Grausamkeiten des Nationalsozialismus zu erinnern und entschieden gegen rechtsextremes Gedankengut vorzugehen.<\/p>\t\t\t\t\t\t\t\t<\/div>\n\t\t\t\t<\/div>\n\t\t\t\t\t<\/div>\n\t\t<\/div>\n\t\t\t\t\t<\/div>\n\t\t<\/section>\n\t\t\t\t<section class=\"elementor-section elementor-top-section elementor-element elementor-element-92b38e0 elementor-section-boxed elementor-section-height-default elementor-section-height-default\" data-id=\"92b38e0\" data-element_type=\"section\" data-e-type=\"section\">\n\t\t\t\t\t\t<div class=\"elementor-container elementor-column-gap-default\">\n\t\t\t\t\t<div class=\"elementor-column elementor-col-100 elementor-top-column elementor-element elementor-element-b2cbb8a\" data-id=\"b2cbb8a\" data-element_type=\"column\" data-e-type=\"column\">\n\t\t\t<div class=\"elementor-widget-wrap elementor-element-populated\">\n\t\t\t\t\t\t<div class=\"elementor-element elementor-element-a5accad elementor-arrows-position-inside elementor-pagination-position-outside elementor-widget elementor-widget-image-carousel\" data-id=\"a5accad\" data-element_type=\"widget\" data-e-type=\"widget\" data-settings=\"{&quot;slides_to_show&quot;:&quot;1&quot;,&quot;navigation&quot;:&quot;both&quot;,&quot;autoplay&quot;:&quot;yes&quot;,&quot;pause_on_hover&quot;:&quot;yes&quot;,&quot;pause_on_interaction&quot;:&quot;yes&quot;,&quot;autoplay_speed&quot;:5000,&quot;infinite&quot;:&quot;yes&quot;,&quot;effect&quot;:&quot;slide&quot;,&quot;speed&quot;:500}\" data-widget_type=\"image-carousel.default\">\n\t\t\t\t<div class=\"elementor-widget-container\">\n\t\t\t\t\t\t\t<div class=\"elementor-image-carousel-wrapper swiper\" role=\"region\" aria-roledescription=\"carousel\" aria-label=\"Bild Karussell\" dir=\"ltr\">\n\t\t\t<div class=\"elementor-image-carousel swiper-wrapper\" aria-live=\"off\">\n\t\t\t\t\t\t\t\t<div class=\"swiper-slide\" role=\"group\" aria-roledescription=\"slide\" aria-label=\"1 von 3\"><figure class=\"swiper-slide-inner\"><img decoding=\"async\" class=\"swiper-slide-image\" src=\"https:\/\/unterirdis.ch\/wp-content\/uploads\/2024\/01\/V2-Produktion-im-Kohnstein-KZ-Mittelbau-Dora_1-768x576.webp\" alt=\"V2 Produktion im Kohnstein; KZ-Mittelbau Dora\" \/><figcaption class=\"elementor-image-carousel-caption\">V2 Produktion im Kohnstein; KZ-Mittelbau Dora<\/figcaption><\/figure><\/div><div class=\"swiper-slide\" role=\"group\" aria-roledescription=\"slide\" aria-label=\"2 von 3\"><figure class=\"swiper-slide-inner\"><img decoding=\"async\" class=\"swiper-slide-image\" src=\"https:\/\/unterirdis.ch\/wp-content\/uploads\/2024\/01\/V2-Produktion-im-Kohnstein-KZ-Mittelbau-Dora_2-768x576.webp\" alt=\"V2 Produktion im Kohnstein; KZ-Mittelbau Dora\" \/><figcaption class=\"elementor-image-carousel-caption\">V2 Produktion im Kohnstein; KZ-Mittelbau Dora<\/figcaption><\/figure><\/div><div class=\"swiper-slide\" role=\"group\" aria-roledescription=\"slide\" aria-label=\"3 von 3\"><figure class=\"swiper-slide-inner\"><img decoding=\"async\" class=\"swiper-slide-image\" src=\"https:\/\/unterirdis.ch\/wp-content\/uploads\/2024\/01\/V2-Produktion-im-Kohnstein-KZ-Mittelbau-Dora_3-768x576.webp\" alt=\"V2 Produktion im Kohnstein; KZ-Mittelbau Dora\" \/><figcaption class=\"elementor-image-carousel-caption\">V2 Produktion im Kohnstein; KZ-Mittelbau Dora<\/figcaption><\/figure><\/div>\t\t\t<\/div>\n\t\t\t\t\t\t\t\t\t\t\t\t<div class=\"elementor-swiper-button elementor-swiper-button-prev\" role=\"button\" tabindex=\"0\">\n\t\t\t\t\t\t<svg aria-hidden=\"true\" class=\"e-font-icon-svg e-eicon-chevron-left\" viewBox=\"0 0 1000 1000\" xmlns=\"http:\/\/www.w3.org\/2000\/svg\"><path d=\"M646 125C629 125 613 133 604 142L308 442C296 454 292 471 292 487 292 504 296 521 308 533L604 854C617 867 629 875 646 875 663 875 679 871 692 858 704 846 713 829 713 812 713 796 708 779 692 767L438 487 692 225C700 217 708 204 708 187 708 171 704 154 692 142 675 129 663 125 646 125Z\"><\/path><\/svg>\t\t\t\t\t<\/div>\n\t\t\t\t\t<div class=\"elementor-swiper-button elementor-swiper-button-next\" role=\"button\" tabindex=\"0\">\n\t\t\t\t\t\t<svg aria-hidden=\"true\" class=\"e-font-icon-svg e-eicon-chevron-right\" viewBox=\"0 0 1000 1000\" xmlns=\"http:\/\/www.w3.org\/2000\/svg\"><path d=\"M696 533C708 521 713 504 713 487 713 471 708 454 696 446L400 146C388 133 375 125 354 125 338 125 325 129 313 142 300 154 292 171 292 187 292 204 296 221 308 233L563 492 304 771C292 783 288 800 288 817 288 833 296 850 308 863 321 871 338 875 354 875 371 875 388 867 400 854L696 533Z\"><\/path><\/svg>\t\t\t\t\t<\/div>\n\t\t\t\t\n\t\t\t\t\t\t\t\t\t<div class=\"swiper-pagination\"><\/div>\n\t\t\t\t\t\t\t\t\t<\/div>\n\t\t\t\t\t\t<\/div>\n\t\t\t\t<\/div>\n\t\t\t\t\t<\/div>\n\t\t<\/div>\n\t\t\t\t\t<\/div>\n\t\t<\/section>\n\t\t\t\t<section class=\"elementor-section elementor-top-section elementor-element elementor-element-d14e265 elementor-section-boxed elementor-section-height-default elementor-section-height-default\" data-id=\"d14e265\" data-element_type=\"section\" data-e-type=\"section\">\n\t\t\t\t\t\t<div class=\"elementor-container elementor-column-gap-default\">\n\t\t\t\t\t<div class=\"elementor-column elementor-col-50 elementor-top-column elementor-element elementor-element-8dd586d\" data-id=\"8dd586d\" data-element_type=\"column\" data-e-type=\"column\">\n\t\t\t<div class=\"elementor-widget-wrap elementor-element-populated\">\n\t\t\t\t\t\t<div class=\"elementor-element elementor-element-70c96c6 elementor-widget elementor-widget-heading\" data-id=\"70c96c6\" data-element_type=\"widget\" data-e-type=\"widget\" data-widget_type=\"heading.default\">\n\t\t\t\t<div class=\"elementor-widget-container\">\n\t\t\t\t\t<h2 class=\"elementor-heading-title elementor-size-default\">Tag 3<\/h2>\t\t\t\t<\/div>\n\t\t\t\t<\/div>\n\t\t\t\t<div class=\"elementor-element elementor-element-002019b elementor-widget elementor-widget-text-editor\" data-id=\"002019b\" data-element_type=\"widget\" data-e-type=\"widget\" data-widget_type=\"text-editor.default\">\n\t\t\t\t<div class=\"elementor-widget-container\">\n\t\t\t\t\t\t\t\t\t<p>Auf Spannung und Abenteuer trafen wir am n\u00e4chsten Tag bei der Befahrung der \u00e4ltesten befahrbaren Kaligrube der Welt in Sonderhausen. Das war f\u00fcr uns als Montanarch\u00e4olog:innen besonders spannend, denn viele von uns sind selbst in der Salzarch\u00e4ologie t\u00e4tig. Wir fuhren mit einem F\u00f6rderkorb mit etwa 4 m\/s in 670 m Tiefe in das Bergwerk ein. Das ist circa vier Mal so schnell wie ein Aufzug. W\u00e4hrend der faszinierenden \u201eReise zum Salz\u201c erlebten wir in einem geheimnisvollen unterirdischen Labyrinth nicht nur imposante Abbau- und F\u00f6rdertechnik, sondern auch die Ausstellungen zur Heeresmunitionsanstalt und zur Lagerung von Kultursch\u00e4tzen w\u00e4hrend der NS Zeit. Das hat uns verdeutlicht, wie Bergwerke nach- und nebengenutzt werden. Unter Tage fuhren wir im offenen Lkw zu verschiedenen Abbauorten und besichtigten am Abbauort diverse Anlagen und Maschinen. Die Tunnelrutsche war f\u00fcr viele ein weiteres Highlight.\u00a0Der beeindruckende Festsaal sowie der neu errichtete Konzertsaal rundeten die F\u00fchrung ab \u2013 sie w\u00e4ren sicher sehr geeignete R\u00e4umlichkeiten f\u00fcr zuk\u00fcnftige Veranstaltungen des DBM.<\/p><p>\u00a0<\/p>\t\t\t\t\t\t\t\t<\/div>\n\t\t\t\t<\/div>\n\t\t\t\t\t<\/div>\n\t\t<\/div>\n\t\t\t\t<div class=\"elementor-column elementor-col-50 elementor-top-column elementor-element elementor-element-4489f56\" data-id=\"4489f56\" data-element_type=\"column\" data-e-type=\"column\">\n\t\t\t<div class=\"elementor-widget-wrap elementor-element-populated\">\n\t\t\t\t\t\t<div class=\"elementor-element elementor-element-95a1521 elementor-widget elementor-widget-image\" data-id=\"95a1521\" data-element_type=\"widget\" data-e-type=\"widget\" data-widget_type=\"image.default\">\n\t\t\t\t<div class=\"elementor-widget-container\">\n\t\t\t\t\t\t\t\t\t\t\t\t<figure class=\"wp-caption\">\n\t\t\t\t\t\t\t\t\t\t<img decoding=\"async\" width=\"300\" height=\"225\" src=\"https:\/\/unterirdis.ch\/wp-content\/uploads\/2024\/01\/Erlabnisberkwerk-Sondershausen-300x225.webp\" class=\"attachment-medium size-medium wp-image-2086\" alt=\"\" srcset=\"https:\/\/unterirdis.ch\/wp-content\/uploads\/2024\/01\/Erlabnisberkwerk-Sondershausen-300x225.webp 300w, https:\/\/unterirdis.ch\/wp-content\/uploads\/2024\/01\/Erlabnisberkwerk-Sondershausen-1024x768.webp 1024w, https:\/\/unterirdis.ch\/wp-content\/uploads\/2024\/01\/Erlabnisberkwerk-Sondershausen-768x576.webp 768w, https:\/\/unterirdis.ch\/wp-content\/uploads\/2024\/01\/Erlabnisberkwerk-Sondershausen-1536x1152.webp 1536w, https:\/\/unterirdis.ch\/wp-content\/uploads\/2024\/01\/Erlabnisberkwerk-Sondershausen-2048x1536.webp 2048w\" sizes=\"(max-width: 300px) 100vw, 300px\" \/>\t\t\t\t\t\t\t\t\t\t\t<figcaption class=\"widget-image-caption wp-caption-text\">Erlebnisbergwerk Sondershausen<\/figcaption>\n\t\t\t\t\t\t\t\t\t\t<\/figure>\n\t\t\t\t\t\t\t\t\t<\/div>\n\t\t\t\t<\/div>\n\t\t\t\t\t<\/div>\n\t\t<\/div>\n\t\t\t\t\t<\/div>\n\t\t<\/section>\n\t\t\t\t<section class=\"elementor-section elementor-top-section elementor-element elementor-element-c59c0df elementor-section-boxed elementor-section-height-default elementor-section-height-default\" data-id=\"c59c0df\" data-element_type=\"section\" data-e-type=\"section\">\n\t\t\t\t\t\t<div class=\"elementor-container elementor-column-gap-default\">\n\t\t\t\t\t<div class=\"elementor-column elementor-col-50 elementor-top-column elementor-element elementor-element-d8cde14\" data-id=\"d8cde14\" data-element_type=\"column\" data-e-type=\"column\">\n\t\t\t<div class=\"elementor-widget-wrap elementor-element-populated\">\n\t\t\t\t\t\t<div class=\"elementor-element elementor-element-1aa66f6 elementor-widget elementor-widget-image\" data-id=\"1aa66f6\" data-element_type=\"widget\" data-e-type=\"widget\" data-widget_type=\"image.default\">\n\t\t\t\t<div class=\"elementor-widget-container\">\n\t\t\t\t\t\t\t\t\t\t\t\t<figure class=\"wp-caption\">\n\t\t\t\t\t\t\t\t\t\t<img decoding=\"async\" width=\"300\" height=\"225\" src=\"https:\/\/unterirdis.ch\/wp-content\/uploads\/2024\/01\/Pannoramamuseum-Bad-Frankenhausen-300x225.webp\" class=\"attachment-medium size-medium wp-image-2080\" alt=\"\" srcset=\"https:\/\/unterirdis.ch\/wp-content\/uploads\/2024\/01\/Pannoramamuseum-Bad-Frankenhausen-300x225.webp 300w, https:\/\/unterirdis.ch\/wp-content\/uploads\/2024\/01\/Pannoramamuseum-Bad-Frankenhausen-1024x768.webp 1024w, https:\/\/unterirdis.ch\/wp-content\/uploads\/2024\/01\/Pannoramamuseum-Bad-Frankenhausen-768x576.webp 768w, https:\/\/unterirdis.ch\/wp-content\/uploads\/2024\/01\/Pannoramamuseum-Bad-Frankenhausen-1536x1152.webp 1536w, https:\/\/unterirdis.ch\/wp-content\/uploads\/2024\/01\/Pannoramamuseum-Bad-Frankenhausen-2048x1536.webp 2048w\" sizes=\"(max-width: 300px) 100vw, 300px\" \/>\t\t\t\t\t\t\t\t\t\t\t<figcaption class=\"widget-image-caption wp-caption-text\">Pannoramamuseum Bad Frankenhausen<\/figcaption>\n\t\t\t\t\t\t\t\t\t\t<\/figure>\n\t\t\t\t\t\t\t\t\t<\/div>\n\t\t\t\t<\/div>\n\t\t\t\t\t<\/div>\n\t\t<\/div>\n\t\t\t\t<div class=\"elementor-column elementor-col-50 elementor-top-column elementor-element elementor-element-8d86e8f\" data-id=\"8d86e8f\" data-element_type=\"column\" data-e-type=\"column\">\n\t\t\t<div class=\"elementor-widget-wrap elementor-element-populated\">\n\t\t\t\t\t\t<div class=\"elementor-element elementor-element-fbf552b elementor-widget elementor-widget-text-editor\" data-id=\"fbf552b\" data-element_type=\"widget\" data-e-type=\"widget\" data-widget_type=\"text-editor.default\">\n\t\t\t\t<div class=\"elementor-widget-container\">\n\t\t\t\t\t\t\t\t\t<p>Bei dem Besuch des Panoramamuseums in Bad Frankenhausen, der \u201eDie Sixtina des Nordens\u201c, pr\u00e4sentierte sich uns das Monumentalgem\u00e4lde \u201eFr\u00fchb\u00fcrgerliche Revolution in Deutschland\u201c von Werner T\u00fcbke. Wir erlebten dort einen Bilddom der Superlative &#8211; 14 Meter hoch und 123 m im Umfang. Wir betraten eine Welt, die uns vollkommen mit Malerei umschloss. Es wirken dort \u00fcber 3.000 Figuren und 75 Schl\u00fcsselszenen mit Bezug zur Renaissance und dem Bauernkrieg auf uns ein. Ein beeindruckendes und unvergessliches Erlebnis!<\/p>\t\t\t\t\t\t\t\t<\/div>\n\t\t\t\t<\/div>\n\t\t\t\t\t<\/div>\n\t\t<\/div>\n\t\t\t\t\t<\/div>\n\t\t<\/section>\n\t\t\t\t<section class=\"elementor-section elementor-top-section elementor-element elementor-element-698e077 elementor-section-boxed elementor-section-height-default elementor-section-height-default\" data-id=\"698e077\" data-element_type=\"section\" data-e-type=\"section\">\n\t\t\t\t\t\t<div class=\"elementor-container elementor-column-gap-default\">\n\t\t\t\t\t<div class=\"elementor-column elementor-col-50 elementor-top-column elementor-element elementor-element-c7b0329\" data-id=\"c7b0329\" data-element_type=\"column\" data-e-type=\"column\">\n\t\t\t<div class=\"elementor-widget-wrap elementor-element-populated\">\n\t\t\t\t\t\t<div class=\"elementor-element elementor-element-43efcfa elementor-widget elementor-widget-heading\" data-id=\"43efcfa\" data-element_type=\"widget\" data-e-type=\"widget\" data-widget_type=\"heading.default\">\n\t\t\t\t<div class=\"elementor-widget-container\">\n\t\t\t\t\t<h2 class=\"elementor-heading-title elementor-size-default\">Tag 4<\/h2>\t\t\t\t<\/div>\n\t\t\t\t<\/div>\n\t\t\t\t<div class=\"elementor-element elementor-element-dec1705 elementor-widget__width-initial elementor-widget elementor-widget-text-editor\" data-id=\"dec1705\" data-element_type=\"widget\" data-e-type=\"widget\" data-widget_type=\"text-editor.default\">\n\t\t\t\t<div class=\"elementor-widget-container\">\n\t\t\t\t\t\t\t\t\t<p>An unserem vierten und letzten Tag besuchten wir das Kaiser-Wilhelm-Denkmals am Kyffh\u00e4user. Heiko Kolbe, Leiter der Anlage, f\u00fchrte uns \u00fcber das Gel\u00e4nde des Kyffh\u00e4users. In diesem Zusammenhang besuchten wir die Ruinen der ehemaligen Reichsburg Kyffhausen, danach das Museum und den Turm sowie die R\u00e4umlichkeiten des Kaiser-Wilhelm-Denkmals mit seinem atemberaubenden Ausblick. Anschlie\u00dfend gab es eine Vorstellungsrunde bei Kaffee und Keksen. Dort erhielt Herr Kolbe einen Einblick in die Dissertationsprojekte der Teilnehmenden und in die Arbeitsweise des DBM. Wir erhielten im Gegenzug eine ausf\u00fchrliche Beschreibung des bedeutenden kulturhistorischen des Denkmals. Dar\u00fcber hinaus erhielten wir Informationen \u00fcber die Denkmalpflege w\u00e4hrend der DDR-Zeit und \u00fcber die dortige Museumsarbeit.<\/p><p>Die Exkursion hat uns zum Nachdenken angeregt und wir durften viele interessante Orte sehen. Nat\u00fcrlich kamen auch Spa\u00df und geselliges Miteinander nicht zu kurz.<\/p><p>\u00a0<\/p>\t\t\t\t\t\t\t\t<\/div>\n\t\t\t\t<\/div>\n\t\t\t\t\t<\/div>\n\t\t<\/div>\n\t\t\t\t<div class=\"elementor-column elementor-col-50 elementor-top-column elementor-element elementor-element-3645872\" data-id=\"3645872\" data-element_type=\"column\" data-e-type=\"column\">\n\t\t\t<div class=\"elementor-widget-wrap elementor-element-populated\">\n\t\t\t\t\t\t<div class=\"elementor-element elementor-element-e1d5922 elementor-widget elementor-widget-image\" data-id=\"e1d5922\" data-element_type=\"widget\" data-e-type=\"widget\" data-widget_type=\"image.default\">\n\t\t\t\t<div class=\"elementor-widget-container\">\n\t\t\t\t\t\t\t\t\t\t\t\t<figure class=\"wp-caption\">\n\t\t\t\t\t\t\t\t\t\t<img loading=\"lazy\" decoding=\"async\" width=\"225\" height=\"300\" src=\"https:\/\/unterirdis.ch\/wp-content\/uploads\/2024\/01\/Kyffhaeuser-225x300.webp\" class=\"attachment-medium size-medium wp-image-2090\" alt=\"\" srcset=\"https:\/\/unterirdis.ch\/wp-content\/uploads\/2024\/01\/Kyffhaeuser-225x300.webp 225w, https:\/\/unterirdis.ch\/wp-content\/uploads\/2024\/01\/Kyffhaeuser-768x1024.webp 768w, https:\/\/unterirdis.ch\/wp-content\/uploads\/2024\/01\/Kyffhaeuser-1152x1536.webp 1152w, https:\/\/unterirdis.ch\/wp-content\/uploads\/2024\/01\/Kyffhaeuser-1536x2048.webp 1536w, https:\/\/unterirdis.ch\/wp-content\/uploads\/2024\/01\/Kyffhaeuser-scaled.webp 1920w\" sizes=\"(max-width: 225px) 100vw, 225px\" \/>\t\t\t\t\t\t\t\t\t\t\t<figcaption class=\"widget-image-caption wp-caption-text\">Kyffh\u00e4user<\/figcaption>\n\t\t\t\t\t\t\t\t\t\t<\/figure>\n\t\t\t\t\t\t\t\t\t<\/div>\n\t\t\t\t<\/div>\n\t\t\t\t\t<\/div>\n\t\t<\/div>\n\t\t\t\t\t<\/div>\n\t\t<\/section>\n\t\t\t\t<section class=\"elementor-section elementor-top-section elementor-element elementor-element-69d97b8 elementor-section-boxed elementor-section-height-default elementor-section-height-default\" data-id=\"69d97b8\" data-element_type=\"section\" data-e-type=\"section\">\n\t\t\t\t\t\t<div class=\"elementor-container elementor-column-gap-default\">\n\t\t\t\t\t<div class=\"elementor-column elementor-col-100 elementor-top-column elementor-element elementor-element-3e9d045\" data-id=\"3e9d045\" data-element_type=\"column\" data-e-type=\"column\">\n\t\t\t<div class=\"elementor-widget-wrap elementor-element-populated\">\n\t\t\t\t\t\t<div class=\"elementor-element elementor-element-0f09c2e elementor-arrows-position-inside elementor-pagination-position-outside elementor-widget elementor-widget-image-carousel\" data-id=\"0f09c2e\" data-element_type=\"widget\" data-e-type=\"widget\" data-settings=\"{&quot;slides_to_show&quot;:&quot;1&quot;,&quot;navigation&quot;:&quot;both&quot;,&quot;autoplay&quot;:&quot;yes&quot;,&quot;pause_on_hover&quot;:&quot;yes&quot;,&quot;pause_on_interaction&quot;:&quot;yes&quot;,&quot;autoplay_speed&quot;:5000,&quot;infinite&quot;:&quot;yes&quot;,&quot;effect&quot;:&quot;slide&quot;,&quot;speed&quot;:500}\" data-widget_type=\"image-carousel.default\">\n\t\t\t\t<div class=\"elementor-widget-container\">\n\t\t\t\t\t\t\t<div class=\"elementor-image-carousel-wrapper swiper\" role=\"region\" aria-roledescription=\"carousel\" aria-label=\"Bild Karussell\" dir=\"ltr\">\n\t\t\t<div class=\"elementor-image-carousel swiper-wrapper\" aria-live=\"off\">\n\t\t\t\t\t\t\t\t<div class=\"swiper-slide\" role=\"group\" aria-roledescription=\"slide\" aria-label=\"1 von 9\"><figure class=\"swiper-slide-inner\"><img decoding=\"async\" class=\"swiper-slide-image\" src=\"https:\/\/unterirdis.ch\/wp-content\/uploads\/2024\/01\/Erlebnisbergwerk-Sondershausen_3-1024x768.webp\" alt=\"Erlebnisbergwerk Sondershausen\" \/><figcaption class=\"elementor-image-carousel-caption\">Erlebnisbergwerk Sondershausen<\/figcaption><\/figure><\/div><div class=\"swiper-slide\" role=\"group\" aria-roledescription=\"slide\" aria-label=\"2 von 9\"><figure class=\"swiper-slide-inner\"><img decoding=\"async\" class=\"swiper-slide-image\" src=\"https:\/\/unterirdis.ch\/wp-content\/uploads\/2024\/01\/Erlebnisbergwerk-Sondershausen_2-1024x768.webp\" alt=\"Erlebnisbergwerk Sondershausen\" \/><figcaption class=\"elementor-image-carousel-caption\">Erlebnisbergwerk Sondershausen<\/figcaption><\/figure><\/div><div class=\"swiper-slide\" role=\"group\" aria-roledescription=\"slide\" aria-label=\"3 von 9\"><figure class=\"swiper-slide-inner\"><img decoding=\"async\" class=\"swiper-slide-image\" src=\"https:\/\/unterirdis.ch\/wp-content\/uploads\/2024\/01\/Erlebnisbergwer-Sondershausen-1-1024x768.webp\" alt=\"Erlebnisbergwerk Sondershausen\" \/><figcaption class=\"elementor-image-carousel-caption\">Erlebnisbergwerk Sondershausen<\/figcaption><\/figure><\/div><div class=\"swiper-slide\" role=\"group\" aria-roledescription=\"slide\" aria-label=\"4 von 9\"><figure class=\"swiper-slide-inner\"><img decoding=\"async\" class=\"swiper-slide-image\" src=\"https:\/\/unterirdis.ch\/wp-content\/uploads\/2024\/01\/Erlabnisberkwerk-Sondershausen-1024x768.webp\" alt=\"Erlebnisbergwerk Sondershausen\" \/><figcaption class=\"elementor-image-carousel-caption\">Erlebnisbergwerk Sondershausen<\/figcaption><\/figure><\/div><div class=\"swiper-slide\" role=\"group\" aria-roledescription=\"slide\" aria-label=\"5 von 9\"><figure class=\"swiper-slide-inner\"><img decoding=\"async\" class=\"swiper-slide-image\" src=\"https:\/\/unterirdis.ch\/wp-content\/uploads\/2024\/01\/Kyffhaeuser_1-1024x768.webp\" alt=\"Gruppenbild vor dem Kyffh\u00e4user\" \/><figcaption class=\"elementor-image-carousel-caption\">Gruppenbild vor dem Kyffh\u00e4user <\/figcaption><\/figure><\/div><div class=\"swiper-slide\" role=\"group\" aria-roledescription=\"slide\" aria-label=\"6 von 9\"><figure class=\"swiper-slide-inner\"><img decoding=\"async\" class=\"swiper-slide-image\" src=\"https:\/\/unterirdis.ch\/wp-content\/uploads\/2024\/01\/V2-Produktion-im-Kohnstein-KZ-Mittelbau-Dora_3-1024x768.webp\" alt=\"V2 Produktion im Kohnstein; KZ-Mittelbau Dora\" \/><figcaption class=\"elementor-image-carousel-caption\">V2 Produktion im Kohnstein; KZ-Mittelbau Dora<\/figcaption><\/figure><\/div><div class=\"swiper-slide\" role=\"group\" aria-roledescription=\"slide\" aria-label=\"7 von 9\"><figure class=\"swiper-slide-inner\"><img decoding=\"async\" class=\"swiper-slide-image\" src=\"https:\/\/unterirdis.ch\/wp-content\/uploads\/2024\/01\/V2-Produktion-im-Kohnstein-KZ-Mittelbau-Dora_2-1024x768.webp\" alt=\"V2 Produktion im Kohnstein; KZ-Mittelbau Dora\" \/><figcaption class=\"elementor-image-carousel-caption\">V2 Produktion im Kohnstein; KZ-Mittelbau Dora<\/figcaption><\/figure><\/div><div class=\"swiper-slide\" role=\"group\" aria-roledescription=\"slide\" aria-label=\"8 von 9\"><figure class=\"swiper-slide-inner\"><img decoding=\"async\" class=\"swiper-slide-image\" src=\"https:\/\/unterirdis.ch\/wp-content\/uploads\/2024\/01\/V2-Produktion-im-Kohnstein-KZ-Mittelbau-Dora_1-1024x768.webp\" alt=\"V2 Produktion im Kohnstein; KZ-Mittelbau Dora\" \/><figcaption class=\"elementor-image-carousel-caption\">V2 Produktion im Kohnstein; KZ-Mittelbau Dora<\/figcaption><\/figure><\/div><div class=\"swiper-slide\" role=\"group\" aria-roledescription=\"slide\" aria-label=\"9 von 9\"><figure class=\"swiper-slide-inner\"><img decoding=\"async\" class=\"swiper-slide-image\" src=\"https:\/\/unterirdis.ch\/wp-content\/uploads\/2024\/01\/Pannoramamuseum-Bad-Frankenhausen-1024x768.webp\" alt=\"Pannoramamuseum Bad Frankenhausen\" \/><figcaption class=\"elementor-image-carousel-caption\">Pannoramamuseum Bad Frankenhausen<\/figcaption><\/figure><\/div>\t\t\t<\/div>\n\t\t\t\t\t\t\t\t\t\t\t\t<div class=\"elementor-swiper-button elementor-swiper-button-prev\" role=\"button\" tabindex=\"0\">\n\t\t\t\t\t\t<svg aria-hidden=\"true\" class=\"e-font-icon-svg e-eicon-chevron-left\" viewBox=\"0 0 1000 1000\" xmlns=\"http:\/\/www.w3.org\/2000\/svg\"><path d=\"M646 125C629 125 613 133 604 142L308 442C296 454 292 471 292 487 292 504 296 521 308 533L604 854C617 867 629 875 646 875 663 875 679 871 692 858 704 846 713 829 713 812 713 796 708 779 692 767L438 487 692 225C700 217 708 204 708 187 708 171 704 154 692 142 675 129 663 125 646 125Z\"><\/path><\/svg>\t\t\t\t\t<\/div>\n\t\t\t\t\t<div class=\"elementor-swiper-button elementor-swiper-button-next\" role=\"button\" tabindex=\"0\">\n\t\t\t\t\t\t<svg aria-hidden=\"true\" class=\"e-font-icon-svg e-eicon-chevron-right\" viewBox=\"0 0 1000 1000\" xmlns=\"http:\/\/www.w3.org\/2000\/svg\"><path d=\"M696 533C708 521 713 504 713 487 713 471 708 454 696 446L400 146C388 133 375 125 354 125 338 125 325 129 313 142 300 154 292 171 292 187 292 204 296 221 308 233L563 492 304 771C292 783 288 800 288 817 288 833 296 850 308 863 321 871 338 875 354 875 371 875 388 867 400 854L696 533Z\"><\/path><\/svg>\t\t\t\t\t<\/div>\n\t\t\t\t\n\t\t\t\t\t\t\t\t\t<div class=\"swiper-pagination\"><\/div>\n\t\t\t\t\t\t\t\t\t<\/div>\n\t\t\t\t\t\t<\/div>\n\t\t\t\t<\/div>\n\t\t\t\t\t<\/div>\n\t\t<\/div>\n\t\t\t\t\t<\/div>\n\t\t<\/section>\n\t\t\t\t<section class=\"elementor-section elementor-top-section elementor-element elementor-element-7317b6f elementor-section-boxed elementor-section-height-default elementor-section-height-default\" data-id=\"7317b6f\" data-element_type=\"section\" data-e-type=\"section\">\n\t\t\t\t\t\t<div class=\"elementor-container elementor-column-gap-default\">\n\t\t\t\t\t<div class=\"elementor-column elementor-col-100 elementor-top-column elementor-element elementor-element-9004294\" data-id=\"9004294\" data-element_type=\"column\" data-e-type=\"column\">\n\t\t\t<div class=\"elementor-widget-wrap elementor-element-populated\">\n\t\t\t\t\t\t<div class=\"elementor-element elementor-element-5122bfd elementor-widget elementor-widget-spacer\" data-id=\"5122bfd\" data-element_type=\"widget\" data-e-type=\"widget\" data-widget_type=\"spacer.default\">\n\t\t\t\t<div class=\"elementor-widget-container\">\n\t\t\t\t\t\t\t<div class=\"elementor-spacer\">\n\t\t\t<div class=\"elementor-spacer-inner\"><\/div>\n\t\t<\/div>\n\t\t\t\t\t\t<\/div>\n\t\t\t\t<\/div>\n\t\t\t\t<div class=\"elementor-element elementor-element-54d6609 elementor-widget-divider--separator-type-pattern elementor-widget-divider--no-spacing elementor-widget-divider--view-line elementor-widget elementor-widget-divider\" data-id=\"54d6609\" data-element_type=\"widget\" data-e-type=\"widget\" data-widget_type=\"divider.default\">\n\t\t\t\t<div class=\"elementor-widget-container\">\n\t\t\t\t\t\t\t<div class=\"elementor-divider\" style=\"--divider-pattern-url: url(&quot;data:image\/svg+xml,%3Csvg xmlns=&#039;http:\/\/www.w3.org\/2000\/svg&#039; preserveAspectRatio=&#039;xMidYMid meet&#039; overflow=&#039;visible&#039; height=&#039;100%&#039; viewBox=&#039;0 0 126 26&#039; fill=&#039;black&#039; stroke=&#039;none&#039;%3E%3Cpath d=&#039;M3,10.2c2.6,0,2.6,2,2.6,3.2S4.4,16.5,3,16.5s-3-1.4-3-3.2S0.4,10.2,3,10.2z M18.8,10.2c1.7,0,3.2,1.4,3.2,3.2s-1.4,3.2-3.2,3.2c-1.7,0-3.2-1.4-3.2-3.2S17,10.2,18.8,10.2z M34.6,10.2c1.5,0,2.6,1.4,2.6,3.2s-0.5,3.2-1.9,3.2c-1.5,0-3.4-1.4-3.4-3.2S33.1,10.2,34.6,10.2z M50.5,10.2c1.7,0,3.2,1.4,3.2,3.2s-1.4,3.2-3.2,3.2c-1.7,0-3.3-0.9-3.3-2.6S48.7,10.2,50.5,10.2z M66.2,10.2c1.5,0,3.4,1.4,3.4,3.2s-1.9,3.2-3.4,3.2c-1.5,0-2.6-0.4-2.6-2.1S64.8,10.2,66.2,10.2z M82.2,10.2c1.7,0.8,2.6,1.4,2.6,3.2s-0.1,3.2-1.6,3.2c-1.5,0-3.7-1.4-3.7-3.2S80.5,9.4,82.2,10.2zM98.6,10.2c1.5,0,2.6,0.4,2.6,2.1s-1.2,4.2-2.6,4.2c-1.5,0-3.7-0.4-3.7-2.1S97.1,10.2,98.6,10.2z M113.4,10.2c1.2,0,2.2,0.9,2.2,3.2s-0.1,3.2-1.3,3.2s-3.1-1.4-3.1-3.2S112.2,10.2,113.4,10.2z&#039;\/%3E%3C\/svg%3E&quot;);\">\n\t\t\t<span class=\"elementor-divider-separator\">\n\t\t\t\t\t\t<\/span>\n\t\t<\/div>\n\t\t\t\t\t\t<\/div>\n\t\t\t\t<\/div>\n\t\t\t\t<div class=\"elementor-element elementor-element-3b7e24b elementor-widget elementor-widget-author-box\" data-id=\"3b7e24b\" data-element_type=\"widget\" data-e-type=\"widget\" data-widget_type=\"author-box.default\">\n\t\t\t\t<div class=\"elementor-widget-container\">\n\t\t\t\t\t\t\t<div class=\"elementor-author-box\">\n\t\t\t\t\t\t\t<div  class=\"elementor-author-box__avatar\">\n\t\t\t\t\t<img decoding=\"async\" src=\"https:\/\/unterirdis.ch\/wp-content\/plugins\/elementor\/assets\/images\/placeholder.png\" alt=\"Bild von Ingolf L\u00f6ffler\" loading=\"lazy\">\n\t\t\t\t<\/div>\n\t\t\t\n\t\t\t<div class=\"elementor-author-box__text\">\n\t\t\t\t\t\t\t\t\t<div >\n\t\t\t\t\t\t<h4 class=\"elementor-author-box__name\">\n\t\t\t\t\t\t\tIngolf L\u00f6ffler\t\t\t\t\t\t<\/h4>\n\t\t\t\t\t<\/div>\n\t\t\t\t\n\t\t\t\t\t\t\t\t\t<div class=\"elementor-author-box__bio\">\n\t\t\t\t\t\t<p>ist wissenschaftlicher Mitarbeiter des DBM und organisierte die Exkursion. <\/p>\n\t\t\t\t\t<\/div>\n\t\t\t\t\n\t\t\t\t\t\t\t<\/div>\n\t\t<\/div>\n\t\t\t\t\t\t<\/div>\n\t\t\t\t<\/div>\n\t\t\t\t<div class=\"elementor-element elementor-element-7d501d8 elementor-widget elementor-widget-author-box\" data-id=\"7d501d8\" data-element_type=\"widget\" data-e-type=\"widget\" data-widget_type=\"author-box.default\">\n\t\t\t\t<div class=\"elementor-widget-container\">\n\t\t\t\t\t\t\t<div class=\"elementor-author-box\">\n\t\t\t\t\t\t\t<div  class=\"elementor-author-box__avatar\">\n\t\t\t\t\t<img decoding=\"async\" src=\"https:\/\/unterirdis.ch\/wp-content\/plugins\/elementor\/assets\/images\/placeholder.png\" alt=\"Bild von Sarah Horst\" loading=\"lazy\">\n\t\t\t\t<\/div>\n\t\t\t\n\t\t\t<div class=\"elementor-author-box__text\">\n\t\t\t\t\t\t\t\t\t<div >\n\t\t\t\t\t\t<h4 class=\"elementor-author-box__name\">\n\t\t\t\t\t\t\tSarah Horst\t\t\t\t\t\t<\/h4>\n\t\t\t\t\t<\/div>\n\t\t\t\t\n\t\t\t\t\t\t\t\t\t<div class=\"elementor-author-box__bio\">\n\t\t\t\t\t\t<p>promoviert am DB und ist Teil des wissenschaftlichen Nachwuchses. <\/p>\n\t\t\t\t\t<\/div>\n\t\t\t\t\n\t\t\t\t\t\t\t<\/div>\n\t\t<\/div>\n\t\t\t\t\t\t<\/div>\n\t\t\t\t<\/div>\n\t\t\t\t\t<\/div>\n\t\t<\/div>\n\t\t\t\t\t<\/div>\n\t\t<\/section>\n\t\t\t\t<\/div>\n\t\t","protected":false},"excerpt":{"rendered":"<p>Der wissenschaftliche Nachwuchs des Deutschen Bergbau-Museums Bochum (DBM) begab sich im Dezember 2023 auf eine Exkursion nach Nordhausen. An vier Tagen besuchten wir moderne Bergwerke, ein Denkmal und eine Kunstausstellung. [&hellip;]<\/p>\n","protected":false},"author":2,"featured_media":2085,"comment_status":"closed","ping_status":"open","sticky":false,"template":"","format":"standard","meta":{"footnotes":""},"categories":[18,17,6],"tags":[],"class_list":["post-2077","post","type-post","status-publish","format-standard","has-post-thumbnail","hentry","category-im-museum","category-deutschland","category-unterwegs"],"yoast_head":"<!-- This site is optimized with the Yoast SEO plugin v27.5 - https:\/\/yoast.com\/product\/yoast-seo-wordpress\/ -->\n<title>Der Wissenschaftliche Nachwuchs des DBM auf Exkursion - unterIrdisch<\/title>\n<meta name=\"description\" content=\"Der wissenschaftliche Nachwuchs des Deutschen Bergbau-Museums Bochum war im im Dezember 2023 auf Exkursion.\" \/>\n<meta name=\"robots\" content=\"index, follow, max-snippet:-1, max-image-preview:large, max-video-preview:-1\" \/>\n<link rel=\"canonical\" href=\"https:\/\/unterirdis.ch\/wordpress\/2024\/01\/29\/der-wissenschaftliche-nachwuchs-des-dbm-auf-exkursion\/\" \/>\n<meta property=\"og:locale\" content=\"de_DE\" \/>\n<meta property=\"og:type\" content=\"article\" \/>\n<meta property=\"og:title\" content=\"Der Wissenschaftliche Nachwuchs des DBM auf Exkursion - unterIrdisch\" \/>\n<meta property=\"og:description\" content=\"Der wissenschaftliche Nachwuchs des Deutschen Bergbau-Museums Bochum war im im Dezember 2023 auf Exkursion.\" \/>\n<meta property=\"og:url\" content=\"https:\/\/unterirdis.ch\/wordpress\/2024\/01\/29\/der-wissenschaftliche-nachwuchs-des-dbm-auf-exkursion\/\" \/>\n<meta property=\"og:site_name\" content=\"unterIrdisch\" \/>\n<meta property=\"article:published_time\" content=\"2024-01-29T06:40:44+00:00\" \/>\n<meta property=\"article:modified_time\" content=\"2024-01-29T07:07:04+00:00\" \/>\n<meta property=\"og:image\" content=\"https:\/\/unterirdis.ch\/wp-content\/uploads\/2024\/01\/Besuch-Goldausstellung-Nordhausen-scaled.webp\" \/>\n\t<meta property=\"og:image:width\" content=\"1920\" \/>\n\t<meta property=\"og:image:height\" content=\"2560\" \/>\n\t<meta property=\"og:image:type\" content=\"image\/webp\" \/>\n<meta name=\"author\" content=\"Pia Patrizia Weber\" \/>\n<meta name=\"twitter:card\" content=\"summary_large_image\" \/>\n<meta name=\"twitter:creator\" content=\"@unterirdis_ch\" \/>\n<meta name=\"twitter:site\" content=\"@unterirdis_ch\" \/>\n<meta name=\"twitter:label1\" content=\"Verfasst von\" \/>\n\t<meta name=\"twitter:data1\" content=\"Pia Patrizia Weber\" \/>\n\t<meta name=\"twitter:label2\" content=\"Gesch\u00e4tzte Lesezeit\" \/>\n\t<meta name=\"twitter:data2\" content=\"9\u00a0Minuten\" \/>\n<script type=\"application\/ld+json\" class=\"yoast-schema-graph\">{\"@context\":\"https:\\\/\\\/schema.org\",\"@graph\":[{\"@type\":\"Article\",\"@id\":\"https:\\\/\\\/unterirdis.ch\\\/wordpress\\\/2024\\\/01\\\/29\\\/der-wissenschaftliche-nachwuchs-des-dbm-auf-exkursion\\\/#article\",\"isPartOf\":{\"@id\":\"https:\\\/\\\/unterirdis.ch\\\/wordpress\\\/2024\\\/01\\\/29\\\/der-wissenschaftliche-nachwuchs-des-dbm-auf-exkursion\\\/\"},\"author\":{\"name\":\"Pia Patrizia Weber\",\"@id\":\"https:\\\/\\\/unterirdis.ch\\\/wordpress\\\/#\\\/schema\\\/person\\\/e51321391df8a8104f4f9e7ea953fd72\"},\"headline\":\"Der Wissenschaftliche Nachwuchs des DBM auf Exkursion\",\"datePublished\":\"2024-01-29T06:40:44+00:00\",\"dateModified\":\"2024-01-29T07:07:04+00:00\",\"mainEntityOfPage\":{\"@id\":\"https:\\\/\\\/unterirdis.ch\\\/wordpress\\\/2024\\\/01\\\/29\\\/der-wissenschaftliche-nachwuchs-des-dbm-auf-exkursion\\\/\"},\"wordCount\":831,\"publisher\":{\"@id\":\"https:\\\/\\\/unterirdis.ch\\\/wordpress\\\/#organization\"},\"image\":{\"@id\":\"https:\\\/\\\/unterirdis.ch\\\/wordpress\\\/2024\\\/01\\\/29\\\/der-wissenschaftliche-nachwuchs-des-dbm-auf-exkursion\\\/#primaryimage\"},\"thumbnailUrl\":\"https:\\\/\\\/unterirdis.ch\\\/wp-content\\\/uploads\\\/2024\\\/01\\\/Besuch-Goldausstellung-Nordhausen-scaled.webp\",\"articleSection\":[\"am Deutschen Bergbau-Museum Bochum\",\"Deutschland\",\"unterWegs\"],\"inLanguage\":\"de\"},{\"@type\":\"WebPage\",\"@id\":\"https:\\\/\\\/unterirdis.ch\\\/wordpress\\\/2024\\\/01\\\/29\\\/der-wissenschaftliche-nachwuchs-des-dbm-auf-exkursion\\\/\",\"url\":\"https:\\\/\\\/unterirdis.ch\\\/wordpress\\\/2024\\\/01\\\/29\\\/der-wissenschaftliche-nachwuchs-des-dbm-auf-exkursion\\\/\",\"name\":\"Der Wissenschaftliche Nachwuchs des DBM auf Exkursion - unterIrdisch\",\"isPartOf\":{\"@id\":\"https:\\\/\\\/unterirdis.ch\\\/wordpress\\\/#website\"},\"primaryImageOfPage\":{\"@id\":\"https:\\\/\\\/unterirdis.ch\\\/wordpress\\\/2024\\\/01\\\/29\\\/der-wissenschaftliche-nachwuchs-des-dbm-auf-exkursion\\\/#primaryimage\"},\"image\":{\"@id\":\"https:\\\/\\\/unterirdis.ch\\\/wordpress\\\/2024\\\/01\\\/29\\\/der-wissenschaftliche-nachwuchs-des-dbm-auf-exkursion\\\/#primaryimage\"},\"thumbnailUrl\":\"https:\\\/\\\/unterirdis.ch\\\/wp-content\\\/uploads\\\/2024\\\/01\\\/Besuch-Goldausstellung-Nordhausen-scaled.webp\",\"datePublished\":\"2024-01-29T06:40:44+00:00\",\"dateModified\":\"2024-01-29T07:07:04+00:00\",\"description\":\"Der wissenschaftliche Nachwuchs des Deutschen Bergbau-Museums Bochum war im im Dezember 2023 auf Exkursion.\",\"breadcrumb\":{\"@id\":\"https:\\\/\\\/unterirdis.ch\\\/wordpress\\\/2024\\\/01\\\/29\\\/der-wissenschaftliche-nachwuchs-des-dbm-auf-exkursion\\\/#breadcrumb\"},\"inLanguage\":\"de\",\"potentialAction\":[{\"@type\":\"ReadAction\",\"target\":[\"https:\\\/\\\/unterirdis.ch\\\/wordpress\\\/2024\\\/01\\\/29\\\/der-wissenschaftliche-nachwuchs-des-dbm-auf-exkursion\\\/\"]}]},{\"@type\":\"ImageObject\",\"inLanguage\":\"de\",\"@id\":\"https:\\\/\\\/unterirdis.ch\\\/wordpress\\\/2024\\\/01\\\/29\\\/der-wissenschaftliche-nachwuchs-des-dbm-auf-exkursion\\\/#primaryimage\",\"url\":\"https:\\\/\\\/unterirdis.ch\\\/wp-content\\\/uploads\\\/2024\\\/01\\\/Besuch-Goldausstellung-Nordhausen-scaled.webp\",\"contentUrl\":\"https:\\\/\\\/unterirdis.ch\\\/wp-content\\\/uploads\\\/2024\\\/01\\\/Besuch-Goldausstellung-Nordhausen-scaled.webp\",\"width\":1920,\"height\":2560,\"caption\":\"Besuch Goldausstellung Nordhausen\"},{\"@type\":\"BreadcrumbList\",\"@id\":\"https:\\\/\\\/unterirdis.ch\\\/wordpress\\\/2024\\\/01\\\/29\\\/der-wissenschaftliche-nachwuchs-des-dbm-auf-exkursion\\\/#breadcrumb\",\"itemListElement\":[{\"@type\":\"ListItem\",\"position\":1,\"name\":\"Startseite\",\"item\":\"https:\\\/\\\/unterirdis.ch\\\/wordpress\\\/\"},{\"@type\":\"ListItem\",\"position\":2,\"name\":\"Der Wissenschaftliche Nachwuchs des DBM auf Exkursion\"}]},{\"@type\":\"WebSite\",\"@id\":\"https:\\\/\\\/unterirdis.ch\\\/wordpress\\\/#website\",\"url\":\"https:\\\/\\\/unterirdis.ch\\\/wordpress\\\/\",\"name\":\"unterIrdisch - der Science-Blog aus dem Haus der Arch\u00e4ologien\",\"description\":\"der Science-Blog aus dem Haus der Arch\u00e4ologien\",\"publisher\":{\"@id\":\"https:\\\/\\\/unterirdis.ch\\\/wordpress\\\/#organization\"},\"alternateName\":\"unterIrdisch\",\"potentialAction\":[{\"@type\":\"SearchAction\",\"target\":{\"@type\":\"EntryPoint\",\"urlTemplate\":\"https:\\\/\\\/unterirdis.ch\\\/wordpress\\\/?s={search_term_string}\"},\"query-input\":{\"@type\":\"PropertyValueSpecification\",\"valueRequired\":true,\"valueName\":\"search_term_string\"}}],\"inLanguage\":\"de\"},{\"@type\":\"Organization\",\"@id\":\"https:\\\/\\\/unterirdis.ch\\\/wordpress\\\/#organization\",\"name\":\"unterIrdisch - der Science-Blog aus dem Haus der Arch\u00e4ologien\",\"alternateName\":\"unterIrdisch\",\"url\":\"https:\\\/\\\/unterirdis.ch\\\/wordpress\\\/\",\"logo\":{\"@type\":\"ImageObject\",\"inLanguage\":\"de\",\"@id\":\"https:\\\/\\\/unterirdis.ch\\\/wordpress\\\/#\\\/schema\\\/logo\\\/image\\\/\",\"url\":\"https:\\\/\\\/unterirdis.ch\\\/wp-content\\\/uploads\\\/2022\\\/03\\\/logo_3000p-scaled.jpg\",\"contentUrl\":\"https:\\\/\\\/unterirdis.ch\\\/wp-content\\\/uploads\\\/2022\\\/03\\\/logo_3000p-scaled.jpg\",\"width\":2560,\"height\":2560,\"caption\":\"unterIrdisch - der Science-Blog aus dem Haus der Arch\u00e4ologien\"},\"image\":{\"@id\":\"https:\\\/\\\/unterirdis.ch\\\/wordpress\\\/#\\\/schema\\\/logo\\\/image\\\/\"},\"sameAs\":[\"https:\\\/\\\/x.com\\\/unterirdis_ch\",\"https:\\\/\\\/instagram.com\\\/unterirdis.ch\",\"https:\\\/\\\/www.youtube.com\\\/channel\\\/UCWj0o58Zp9pOrkbG3Xh2C4Q\"]},{\"@type\":\"Person\",\"@id\":\"https:\\\/\\\/unterirdis.ch\\\/wordpress\\\/#\\\/schema\\\/person\\\/e51321391df8a8104f4f9e7ea953fd72\",\"name\":\"Pia Patrizia Weber\",\"image\":{\"@type\":\"ImageObject\",\"inLanguage\":\"de\",\"@id\":\"https:\\\/\\\/unterirdis.ch\\\/wp-content\\\/uploads\\\/2023\\\/03\\\/cropped-15C21EA0-B159-4A1C-970A-74B06A107D9D-scaled-1-96x96.jpg\",\"url\":\"https:\\\/\\\/unterirdis.ch\\\/wp-content\\\/uploads\\\/2023\\\/03\\\/cropped-15C21EA0-B159-4A1C-970A-74B06A107D9D-scaled-1-96x96.jpg\",\"contentUrl\":\"https:\\\/\\\/unterirdis.ch\\\/wp-content\\\/uploads\\\/2023\\\/03\\\/cropped-15C21EA0-B159-4A1C-970A-74B06A107D9D-scaled-1-96x96.jpg\",\"caption\":\"Pia Patrizia Weber\"},\"description\":\"Pia ist wissenschaftliche Mitarbeiterin am Deutschen Bergbau-Museum Bochum.\",\"url\":\"https:\\\/\\\/unterirdis.ch\\\/wordpress\\\/author\\\/pweber\\\/\"}]}<\/script>\n<!-- \/ Yoast SEO plugin. -->","yoast_head_json":{"title":"Der Wissenschaftliche Nachwuchs des DBM auf Exkursion - unterIrdisch","description":"Der wissenschaftliche Nachwuchs des Deutschen Bergbau-Museums Bochum war im im Dezember 2023 auf Exkursion.","robots":{"index":"index","follow":"follow","max-snippet":"max-snippet:-1","max-image-preview":"max-image-preview:large","max-video-preview":"max-video-preview:-1"},"canonical":"https:\/\/unterirdis.ch\/wordpress\/2024\/01\/29\/der-wissenschaftliche-nachwuchs-des-dbm-auf-exkursion\/","og_locale":"de_DE","og_type":"article","og_title":"Der Wissenschaftliche Nachwuchs des DBM auf Exkursion - unterIrdisch","og_description":"Der wissenschaftliche Nachwuchs des Deutschen Bergbau-Museums Bochum war im im Dezember 2023 auf Exkursion.","og_url":"https:\/\/unterirdis.ch\/wordpress\/2024\/01\/29\/der-wissenschaftliche-nachwuchs-des-dbm-auf-exkursion\/","og_site_name":"unterIrdisch","article_published_time":"2024-01-29T06:40:44+00:00","article_modified_time":"2024-01-29T07:07:04+00:00","og_image":[{"width":1920,"height":2560,"url":"https:\/\/unterirdis.ch\/wp-content\/uploads\/2024\/01\/Besuch-Goldausstellung-Nordhausen-scaled.webp","type":"image\/webp"}],"author":"Pia Patrizia Weber","twitter_card":"summary_large_image","twitter_creator":"@unterirdis_ch","twitter_site":"@unterirdis_ch","twitter_misc":{"Verfasst von":"Pia Patrizia Weber","Gesch\u00e4tzte Lesezeit":"9\u00a0Minuten"},"schema":{"@context":"https:\/\/schema.org","@graph":[{"@type":"Article","@id":"https:\/\/unterirdis.ch\/wordpress\/2024\/01\/29\/der-wissenschaftliche-nachwuchs-des-dbm-auf-exkursion\/#article","isPartOf":{"@id":"https:\/\/unterirdis.ch\/wordpress\/2024\/01\/29\/der-wissenschaftliche-nachwuchs-des-dbm-auf-exkursion\/"},"author":{"name":"Pia Patrizia Weber","@id":"https:\/\/unterirdis.ch\/wordpress\/#\/schema\/person\/e51321391df8a8104f4f9e7ea953fd72"},"headline":"Der Wissenschaftliche Nachwuchs des DBM auf Exkursion","datePublished":"2024-01-29T06:40:44+00:00","dateModified":"2024-01-29T07:07:04+00:00","mainEntityOfPage":{"@id":"https:\/\/unterirdis.ch\/wordpress\/2024\/01\/29\/der-wissenschaftliche-nachwuchs-des-dbm-auf-exkursion\/"},"wordCount":831,"publisher":{"@id":"https:\/\/unterirdis.ch\/wordpress\/#organization"},"image":{"@id":"https:\/\/unterirdis.ch\/wordpress\/2024\/01\/29\/der-wissenschaftliche-nachwuchs-des-dbm-auf-exkursion\/#primaryimage"},"thumbnailUrl":"https:\/\/unterirdis.ch\/wp-content\/uploads\/2024\/01\/Besuch-Goldausstellung-Nordhausen-scaled.webp","articleSection":["am Deutschen Bergbau-Museum Bochum","Deutschland","unterWegs"],"inLanguage":"de"},{"@type":"WebPage","@id":"https:\/\/unterirdis.ch\/wordpress\/2024\/01\/29\/der-wissenschaftliche-nachwuchs-des-dbm-auf-exkursion\/","url":"https:\/\/unterirdis.ch\/wordpress\/2024\/01\/29\/der-wissenschaftliche-nachwuchs-des-dbm-auf-exkursion\/","name":"Der Wissenschaftliche Nachwuchs des DBM auf Exkursion - unterIrdisch","isPartOf":{"@id":"https:\/\/unterirdis.ch\/wordpress\/#website"},"primaryImageOfPage":{"@id":"https:\/\/unterirdis.ch\/wordpress\/2024\/01\/29\/der-wissenschaftliche-nachwuchs-des-dbm-auf-exkursion\/#primaryimage"},"image":{"@id":"https:\/\/unterirdis.ch\/wordpress\/2024\/01\/29\/der-wissenschaftliche-nachwuchs-des-dbm-auf-exkursion\/#primaryimage"},"thumbnailUrl":"https:\/\/unterirdis.ch\/wp-content\/uploads\/2024\/01\/Besuch-Goldausstellung-Nordhausen-scaled.webp","datePublished":"2024-01-29T06:40:44+00:00","dateModified":"2024-01-29T07:07:04+00:00","description":"Der wissenschaftliche Nachwuchs des Deutschen Bergbau-Museums Bochum war im im Dezember 2023 auf Exkursion.","breadcrumb":{"@id":"https:\/\/unterirdis.ch\/wordpress\/2024\/01\/29\/der-wissenschaftliche-nachwuchs-des-dbm-auf-exkursion\/#breadcrumb"},"inLanguage":"de","potentialAction":[{"@type":"ReadAction","target":["https:\/\/unterirdis.ch\/wordpress\/2024\/01\/29\/der-wissenschaftliche-nachwuchs-des-dbm-auf-exkursion\/"]}]},{"@type":"ImageObject","inLanguage":"de","@id":"https:\/\/unterirdis.ch\/wordpress\/2024\/01\/29\/der-wissenschaftliche-nachwuchs-des-dbm-auf-exkursion\/#primaryimage","url":"https:\/\/unterirdis.ch\/wp-content\/uploads\/2024\/01\/Besuch-Goldausstellung-Nordhausen-scaled.webp","contentUrl":"https:\/\/unterirdis.ch\/wp-content\/uploads\/2024\/01\/Besuch-Goldausstellung-Nordhausen-scaled.webp","width":1920,"height":2560,"caption":"Besuch Goldausstellung Nordhausen"},{"@type":"BreadcrumbList","@id":"https:\/\/unterirdis.ch\/wordpress\/2024\/01\/29\/der-wissenschaftliche-nachwuchs-des-dbm-auf-exkursion\/#breadcrumb","itemListElement":[{"@type":"ListItem","position":1,"name":"Startseite","item":"https:\/\/unterirdis.ch\/wordpress\/"},{"@type":"ListItem","position":2,"name":"Der Wissenschaftliche Nachwuchs des DBM auf Exkursion"}]},{"@type":"WebSite","@id":"https:\/\/unterirdis.ch\/wordpress\/#website","url":"https:\/\/unterirdis.ch\/wordpress\/","name":"unterIrdisch - der Science-Blog aus dem Haus der Arch\u00e4ologien","description":"der Science-Blog aus dem Haus der Arch\u00e4ologien","publisher":{"@id":"https:\/\/unterirdis.ch\/wordpress\/#organization"},"alternateName":"unterIrdisch","potentialAction":[{"@type":"SearchAction","target":{"@type":"EntryPoint","urlTemplate":"https:\/\/unterirdis.ch\/wordpress\/?s={search_term_string}"},"query-input":{"@type":"PropertyValueSpecification","valueRequired":true,"valueName":"search_term_string"}}],"inLanguage":"de"},{"@type":"Organization","@id":"https:\/\/unterirdis.ch\/wordpress\/#organization","name":"unterIrdisch - der Science-Blog aus dem Haus der Arch\u00e4ologien","alternateName":"unterIrdisch","url":"https:\/\/unterirdis.ch\/wordpress\/","logo":{"@type":"ImageObject","inLanguage":"de","@id":"https:\/\/unterirdis.ch\/wordpress\/#\/schema\/logo\/image\/","url":"https:\/\/unterirdis.ch\/wp-content\/uploads\/2022\/03\/logo_3000p-scaled.jpg","contentUrl":"https:\/\/unterirdis.ch\/wp-content\/uploads\/2022\/03\/logo_3000p-scaled.jpg","width":2560,"height":2560,"caption":"unterIrdisch - der Science-Blog aus dem Haus der Arch\u00e4ologien"},"image":{"@id":"https:\/\/unterirdis.ch\/wordpress\/#\/schema\/logo\/image\/"},"sameAs":["https:\/\/x.com\/unterirdis_ch","https:\/\/instagram.com\/unterirdis.ch","https:\/\/www.youtube.com\/channel\/UCWj0o58Zp9pOrkbG3Xh2C4Q"]},{"@type":"Person","@id":"https:\/\/unterirdis.ch\/wordpress\/#\/schema\/person\/e51321391df8a8104f4f9e7ea953fd72","name":"Pia Patrizia Weber","image":{"@type":"ImageObject","inLanguage":"de","@id":"https:\/\/unterirdis.ch\/wp-content\/uploads\/2023\/03\/cropped-15C21EA0-B159-4A1C-970A-74B06A107D9D-scaled-1-96x96.jpg","url":"https:\/\/unterirdis.ch\/wp-content\/uploads\/2023\/03\/cropped-15C21EA0-B159-4A1C-970A-74B06A107D9D-scaled-1-96x96.jpg","contentUrl":"https:\/\/unterirdis.ch\/wp-content\/uploads\/2023\/03\/cropped-15C21EA0-B159-4A1C-970A-74B06A107D9D-scaled-1-96x96.jpg","caption":"Pia Patrizia Weber"},"description":"Pia ist wissenschaftliche Mitarbeiterin am Deutschen Bergbau-Museum Bochum.","url":"https:\/\/unterirdis.ch\/wordpress\/author\/pweber\/"}]}},"_links":{"self":[{"href":"https:\/\/unterirdis.ch\/wordpress\/wp-json\/wp\/v2\/posts\/2077","targetHints":{"allow":["GET"]}}],"collection":[{"href":"https:\/\/unterirdis.ch\/wordpress\/wp-json\/wp\/v2\/posts"}],"about":[{"href":"https:\/\/unterirdis.ch\/wordpress\/wp-json\/wp\/v2\/types\/post"}],"author":[{"embeddable":true,"href":"https:\/\/unterirdis.ch\/wordpress\/wp-json\/wp\/v2\/users\/2"}],"replies":[{"embeddable":true,"href":"https:\/\/unterirdis.ch\/wordpress\/wp-json\/wp\/v2\/comments?post=2077"}],"version-history":[{"count":0,"href":"https:\/\/unterirdis.ch\/wordpress\/wp-json\/wp\/v2\/posts\/2077\/revisions"}],"wp:featuredmedia":[{"embeddable":true,"href":"https:\/\/unterirdis.ch\/wordpress\/wp-json\/wp\/v2\/media\/2085"}],"wp:attachment":[{"href":"https:\/\/unterirdis.ch\/wordpress\/wp-json\/wp\/v2\/media?parent=2077"}],"wp:term":[{"taxonomy":"category","embeddable":true,"href":"https:\/\/unterirdis.ch\/wordpress\/wp-json\/wp\/v2\/categories?post=2077"},{"taxonomy":"post_tag","embeddable":true,"href":"https:\/\/unterirdis.ch\/wordpress\/wp-json\/wp\/v2\/tags?post=2077"}],"curies":[{"name":"wp","href":"https:\/\/api.w.org\/{rel}","templated":true}]}}