{"id":1981,"date":"2023-09-12T10:32:20","date_gmt":"2023-09-12T08:32:20","guid":{"rendered":"https:\/\/unterirdis.ch\/wordpress\/?p=1981"},"modified":"2025-04-04T08:38:43","modified_gmt":"2025-04-04T06:38:43","slug":"herxheims-forschungsgeschichte","status":"publish","type":"post","link":"https:\/\/unterirdis.ch\/wordpress\/2023\/09\/12\/herxheims-forschungsgeschichte\/","title":{"rendered":"Folge 36 &#8211; Herxheims Forschungsgeschichte"},"content":{"rendered":"\t\t<div data-elementor-type=\"wp-post\" data-elementor-id=\"1981\" class=\"elementor elementor-1981\" data-elementor-post-type=\"post\">\n\t\t\t\t\t\t<section class=\"elementor-section elementor-top-section elementor-element elementor-element-a033405 elementor-section-boxed elementor-section-height-default elementor-section-height-default\" data-id=\"a033405\" data-element_type=\"section\" data-e-type=\"section\">\n\t\t\t\t\t\t<div class=\"elementor-container elementor-column-gap-default\">\n\t\t\t\t\t<div class=\"elementor-column elementor-col-100 elementor-top-column elementor-element elementor-element-85ea170\" data-id=\"85ea170\" data-element_type=\"column\" data-e-type=\"column\">\n\t\t\t<div class=\"elementor-widget-wrap elementor-element-populated\">\n\t\t\t\t\t\t<div class=\"elementor-element elementor-element-a4fc71b elementor-widget elementor-widget-image\" data-id=\"a4fc71b\" data-element_type=\"widget\" data-e-type=\"widget\" data-widget_type=\"image.default\">\n\t\t\t\t<div class=\"elementor-widget-container\">\n\t\t\t\t\t\t\t\t\t\t\t\t<figure class=\"wp-caption\">\n\t\t\t\t\t\t\t\t\t\t<img fetchpriority=\"high\" decoding=\"async\" width=\"800\" height=\"527\" src=\"https:\/\/unterirdis.ch\/wp-content\/uploads\/2023\/09\/Rettungsgrabung-1997jpg_Abschnitt_mit_Teil_von_Fundkonzentration-1024x674.jpg\" class=\"attachment-large size-large wp-image-1984\" alt=\"Befundfoto einer Fundkonzentration. Im Vordergrund sind auf einem Planum mehrere Keramikscherben und Knochenfunde zu sehen. Im Hintergrund steht eine Fototafel. Auf dem Boden liegen rechtwinklig zueinander zwei Fotoma\u00dfst\u00e4be und ein Nordpfeil, der auf uns zu zeigt.\" srcset=\"https:\/\/unterirdis.ch\/wp-content\/uploads\/2023\/09\/Rettungsgrabung-1997jpg_Abschnitt_mit_Teil_von_Fundkonzentration-1024x674.jpg 1024w, https:\/\/unterirdis.ch\/wp-content\/uploads\/2023\/09\/Rettungsgrabung-1997jpg_Abschnitt_mit_Teil_von_Fundkonzentration-300x197.jpg 300w, https:\/\/unterirdis.ch\/wp-content\/uploads\/2023\/09\/Rettungsgrabung-1997jpg_Abschnitt_mit_Teil_von_Fundkonzentration-768x505.jpg 768w, https:\/\/unterirdis.ch\/wp-content\/uploads\/2023\/09\/Rettungsgrabung-1997jpg_Abschnitt_mit_Teil_von_Fundkonzentration.jpg 1199w\" sizes=\"(max-width: 800px) 100vw, 800px\" \/>\t\t\t\t\t\t\t\t\t\t\t<figcaption class=\"widget-image-caption wp-caption-text\">Eine Fundkonzentration der Grabung im Jahr 1997, von der Aufgrund der Grabungstechnik der ersten Grabung eben nur ein Teil freigelegt wurde. \n(Foto: GDKE Rheinland-Pfalz, Dir. Landesarch\u00e4ologie - Speyer. Annemarie H\u00e4u\u00dfer) <\/figcaption>\n\t\t\t\t\t\t\t\t\t\t<\/figure>\n\t\t\t\t\t\t\t\t\t<\/div>\n\t\t\t\t<\/div>\n\t\t\t\t\t<\/div>\n\t\t<\/div>\n\t\t\t\t\t<\/div>\n\t\t<\/section>\n\t\t\t\t<section class=\"elementor-section elementor-top-section elementor-element elementor-element-6185ad5 elementor-section-boxed elementor-section-height-default elementor-section-height-default\" data-id=\"6185ad5\" data-element_type=\"section\" data-e-type=\"section\">\n\t\t\t\t\t\t<div class=\"elementor-container elementor-column-gap-default\">\n\t\t\t\t\t<div class=\"elementor-column elementor-col-50 elementor-top-column elementor-element elementor-element-8276d51\" data-id=\"8276d51\" data-element_type=\"column\" data-e-type=\"column\">\n\t\t\t<div class=\"elementor-widget-wrap elementor-element-populated\">\n\t\t\t\t\t\t<div class=\"elementor-element elementor-element-67b9b02 elementor-widget elementor-widget-image\" data-id=\"67b9b02\" data-element_type=\"widget\" data-e-type=\"widget\" data-widget_type=\"image.default\">\n\t\t\t\t<div class=\"elementor-widget-container\">\n\t\t\t\t\t\t\t\t\t\t\t\t<figure class=\"wp-caption\">\n\t\t\t\t\t\t\t\t\t\t<img decoding=\"async\" width=\"683\" height=\"1024\" src=\"https:\/\/unterirdis.ch\/wp-content\/uploads\/2023\/09\/Forschungsgrabung-2007_gesamte-Konzentration-9-freigelegt-683x1024.jpg\" class=\"attachment-large size-large wp-image-1985\" alt=\"\" srcset=\"https:\/\/unterirdis.ch\/wp-content\/uploads\/2023\/09\/Forschungsgrabung-2007_gesamte-Konzentration-9-freigelegt-683x1024.jpg 683w, https:\/\/unterirdis.ch\/wp-content\/uploads\/2023\/09\/Forschungsgrabung-2007_gesamte-Konzentration-9-freigelegt-200x300.jpg 200w, https:\/\/unterirdis.ch\/wp-content\/uploads\/2023\/09\/Forschungsgrabung-2007_gesamte-Konzentration-9-freigelegt-768x1152.jpg 768w, https:\/\/unterirdis.ch\/wp-content\/uploads\/2023\/09\/Forschungsgrabung-2007_gesamte-Konzentration-9-freigelegt-1024x1536.jpg 1024w, https:\/\/unterirdis.ch\/wp-content\/uploads\/2023\/09\/Forschungsgrabung-2007_gesamte-Konzentration-9-freigelegt-1365x2048.jpg 1365w, https:\/\/unterirdis.ch\/wp-content\/uploads\/2023\/09\/Forschungsgrabung-2007_gesamte-Konzentration-9-freigelegt.jpg 1417w\" sizes=\"(max-width: 683px) 100vw, 683px\" \/>\t\t\t\t\t\t\t\t\t\t\t<figcaption class=\"widget-image-caption wp-caption-text\">Das Bild zeigt die gro\u00dfe Konzentration 9 der Forschungsgrabung, die, wie alle Fundkonzentrationen in der zweiten Grabung, in seiner Gesamtheit ausgegraben wurde. Dies ist auch der einzige Befund, bei dem eine Negativausgrabung gelang.\n(GDKE Rheinland-Pfalz, Dir. Landesarch\u00e4ologie - Speyer. Fabian Haack)<\/figcaption>\n\t\t\t\t\t\t\t\t\t\t<\/figure>\n\t\t\t\t\t\t\t\t\t<\/div>\n\t\t\t\t<\/div>\n\t\t\t\t\t<\/div>\n\t\t<\/div>\n\t\t\t\t<div class=\"elementor-column elementor-col-50 elementor-top-column elementor-element elementor-element-99284b7\" data-id=\"99284b7\" data-element_type=\"column\" data-e-type=\"column\">\n\t\t\t<div class=\"elementor-widget-wrap elementor-element-populated\">\n\t\t\t\t\t\t<div class=\"elementor-element elementor-element-e329dc1 elementor-widget__width-initial elementor-widget elementor-widget-text-editor\" data-id=\"e329dc1\" data-element_type=\"widget\" data-e-type=\"widget\" data-widget_type=\"text-editor.default\">\n\t\t\t\t<div class=\"elementor-widget-container\">\n\t\t\t\t\t\t\t\t\t<p>Nach einem kurzen Abstecher zum <a href=\"https:\/\/unterirdis.ch\/wordpress\/2023\/08\/31\/2000-jahre-alter-kinderschuh-endeckt\/\">Kinderschuh aus dem D\u00fcrrnberg<\/a> sind wir nun wieder in Herxheim. In der dritten Folge mit Andrea\u00a0<span class=\"hiddenSpellError\">Zeeb-Lanz<\/span>\u00a0widmen wir uns\u00a0<span class=\"hiddenSpellError\">Herxheims<\/span>\u00a0<span class=\"hiddenSpellError\">Forschunggeschichte<\/span>. Diese beginnt Mitte der 1990er Jahre mit einem Bauvorhaben und erreicht 2002 einen traurigen Tiefpunkt, als die Grabungsleiterin Annemarie\u00a0<span class=\"hiddenSpellError\">H\u00e4u\u00dfer<\/span>\u00a0und ihr Mann bei einer Reise t\u00f6dlich verungl\u00fccken.<br \/>Wie es Andrea gelang, die Arbeit ihrer Freundin und Kollegin \u2013 nach einer langen Trauerphase \u2013 fortzusetzen, erfahrt ihr in dieser Folge. In der wir uns am Ende auch den Vor- und Nachteilen verschiedener Grabungsmethoden widmen. Ehe wir ganz am Ende schon einen kleinen Ausblick auf die Interpretation des Fundplatzes geben. Indem wir dar\u00fcber sprechen, was das Ziel bei der Interpretation ist. Denn ein \u201eso war es zu 100 %\u201c werden wir nie schaffen.<\/p><p>\u00a0<br \/><iframe style=\"width: 100%; min-width: 275px; min-height: 525px; max-width: 475px; max-height: 800px; border: 0; overflow: hidden;\" src=\"https:\/\/www.podcaster.de\/simpleplayer\/?id=show~e2k8ju~unterirdisch~pod-1832fd79a318645d4f870ff176&amp;v=1694507354\"><\/iframe><\/p>\t\t\t\t\t\t\t\t<\/div>\n\t\t\t\t<\/div>\n\t\t\t\t\t<\/div>\n\t\t<\/div>\n\t\t\t\t\t<\/div>\n\t\t<\/section>\n\t\t\t\t<\/div>\n\t\t","protected":false},"excerpt":{"rendered":"<p>Eine Fundkonzentration der Grabung im Jahr 1997, von der Aufgrund der Grabungstechnik der ersten Grabung eben nur ein Teil freigelegt wurde. (Foto: GDKE Rheinland-Pfalz, Dir. Landesarch\u00e4ologie &#8211; Speyer. Annemarie H\u00e4u\u00dfer) [&hellip;]<\/p>\n","protected":false},"author":3,"featured_media":1984,"comment_status":"closed","ping_status":"open","sticky":false,"template":"","format":"standard","meta":{"footnotes":""},"categories":[17,12],"tags":[139,84,143,61,135,137,136,45,108],"class_list":["post-1981","post","type-post","status-publish","format-standard","has-post-thumbnail","hentry","category-deutschland","category-unterfreunden","tag-andrea-zeeb-lanz","tag-forschung","tag-forschungsgeschichte","tag-grabungstechnik","tag-herxheim","tag-kanibalismus","tag-neolithikum","tag-podcast","tag-wisskomm"],"yoast_head":"<!-- This site is optimized with the Yoast SEO plugin v27.5 - https:\/\/yoast.com\/product\/yoast-seo-wordpress\/ -->\n<title>Folge 36 - Herxheims Forschungsgeschichte - unterIrdisch<\/title>\n<meta name=\"description\" content=\"Herxheims Forschungsgeschichte ist bewegt und leider auch tragisch, um so wichtiger ist es dar\u00fcber zu sprechen.\" \/>\n<meta name=\"robots\" content=\"index, follow, max-snippet:-1, max-image-preview:large, max-video-preview:-1\" \/>\n<link rel=\"canonical\" href=\"https:\/\/unterirdis.ch\/wordpress\/2023\/09\/12\/herxheims-forschungsgeschichte\/\" \/>\n<meta property=\"og:locale\" content=\"de_DE\" \/>\n<meta property=\"og:type\" content=\"article\" \/>\n<meta property=\"og:title\" content=\"Folge 36 - Herxheims Forschungsgeschichte - unterIrdisch\" \/>\n<meta property=\"og:description\" content=\"Herxheims Forschungsgeschichte ist bewegt und leider auch tragisch, um so wichtiger ist es dar\u00fcber zu sprechen.\" \/>\n<meta property=\"og:url\" content=\"https:\/\/unterirdis.ch\/wordpress\/2023\/09\/12\/herxheims-forschungsgeschichte\/\" \/>\n<meta property=\"og:site_name\" content=\"unterIrdisch\" \/>\n<meta property=\"article:published_time\" content=\"2023-09-12T08:32:20+00:00\" \/>\n<meta property=\"article:modified_time\" content=\"2025-04-04T06:38:43+00:00\" \/>\n<meta property=\"og:image\" content=\"https:\/\/unterirdis.ch\/wp-content\/uploads\/2023\/09\/Rettungsgrabung-1997jpg_Abschnitt_mit_Teil_von_Fundkonzentration.jpg\" \/>\n\t<meta property=\"og:image:width\" content=\"1199\" \/>\n\t<meta property=\"og:image:height\" content=\"789\" \/>\n\t<meta property=\"og:image:type\" content=\"image\/jpeg\" \/>\n<meta name=\"author\" content=\"Dominic Bachmann\" \/>\n<meta name=\"twitter:card\" content=\"summary_large_image\" \/>\n<meta name=\"twitter:creator\" content=\"@unterirdis_ch\" \/>\n<meta name=\"twitter:site\" content=\"@unterirdis_ch\" \/>\n<meta name=\"twitter:label1\" content=\"Verfasst von\" \/>\n\t<meta name=\"twitter:data1\" content=\"Dominic Bachmann\" \/>\n\t<meta name=\"twitter:label2\" content=\"Gesch\u00e4tzte Lesezeit\" \/>\n\t<meta name=\"twitter:data2\" content=\"2\u00a0Minuten\" \/>\n<script type=\"application\/ld+json\" class=\"yoast-schema-graph\">{\"@context\":\"https:\\\/\\\/schema.org\",\"@graph\":[{\"@type\":\"Article\",\"@id\":\"https:\\\/\\\/unterirdis.ch\\\/wordpress\\\/2023\\\/09\\\/12\\\/herxheims-forschungsgeschichte\\\/#article\",\"isPartOf\":{\"@id\":\"https:\\\/\\\/unterirdis.ch\\\/wordpress\\\/2023\\\/09\\\/12\\\/herxheims-forschungsgeschichte\\\/\"},\"author\":{\"name\":\"Dominic Bachmann\",\"@id\":\"https:\\\/\\\/unterirdis.ch\\\/wordpress\\\/#\\\/schema\\\/person\\\/50e7ff29f34fcda3f64338fd095708c9\"},\"headline\":\"Folge 36 &#8211; Herxheims Forschungsgeschichte\",\"datePublished\":\"2023-09-12T08:32:20+00:00\",\"dateModified\":\"2025-04-04T06:38:43+00:00\",\"mainEntityOfPage\":{\"@id\":\"https:\\\/\\\/unterirdis.ch\\\/wordpress\\\/2023\\\/09\\\/12\\\/herxheims-forschungsgeschichte\\\/\"},\"wordCount\":208,\"publisher\":{\"@id\":\"https:\\\/\\\/unterirdis.ch\\\/wordpress\\\/#organization\"},\"image\":{\"@id\":\"https:\\\/\\\/unterirdis.ch\\\/wordpress\\\/2023\\\/09\\\/12\\\/herxheims-forschungsgeschichte\\\/#primaryimage\"},\"thumbnailUrl\":\"https:\\\/\\\/unterirdis.ch\\\/wp-content\\\/uploads\\\/2023\\\/09\\\/Rettungsgrabung-1997jpg_Abschnitt_mit_Teil_von_Fundkonzentration.jpg\",\"keywords\":[\"Andrea Zeeb-Lanz\",\"Forschung\",\"Forschungsgeschichte\",\"Grabungstechnik\",\"Herxheim\",\"Kanibalismus\",\"Neolithikum\",\"Podcast\",\"Wisskomm\"],\"articleSection\":[\"Deutschland\",\"unterFreunden\"],\"inLanguage\":\"de\"},{\"@type\":\"WebPage\",\"@id\":\"https:\\\/\\\/unterirdis.ch\\\/wordpress\\\/2023\\\/09\\\/12\\\/herxheims-forschungsgeschichte\\\/\",\"url\":\"https:\\\/\\\/unterirdis.ch\\\/wordpress\\\/2023\\\/09\\\/12\\\/herxheims-forschungsgeschichte\\\/\",\"name\":\"Folge 36 - Herxheims Forschungsgeschichte - unterIrdisch\",\"isPartOf\":{\"@id\":\"https:\\\/\\\/unterirdis.ch\\\/wordpress\\\/#website\"},\"primaryImageOfPage\":{\"@id\":\"https:\\\/\\\/unterirdis.ch\\\/wordpress\\\/2023\\\/09\\\/12\\\/herxheims-forschungsgeschichte\\\/#primaryimage\"},\"image\":{\"@id\":\"https:\\\/\\\/unterirdis.ch\\\/wordpress\\\/2023\\\/09\\\/12\\\/herxheims-forschungsgeschichte\\\/#primaryimage\"},\"thumbnailUrl\":\"https:\\\/\\\/unterirdis.ch\\\/wp-content\\\/uploads\\\/2023\\\/09\\\/Rettungsgrabung-1997jpg_Abschnitt_mit_Teil_von_Fundkonzentration.jpg\",\"datePublished\":\"2023-09-12T08:32:20+00:00\",\"dateModified\":\"2025-04-04T06:38:43+00:00\",\"description\":\"Herxheims Forschungsgeschichte ist bewegt und leider auch tragisch, um so wichtiger ist es dar\u00fcber zu sprechen.\",\"breadcrumb\":{\"@id\":\"https:\\\/\\\/unterirdis.ch\\\/wordpress\\\/2023\\\/09\\\/12\\\/herxheims-forschungsgeschichte\\\/#breadcrumb\"},\"inLanguage\":\"de\",\"potentialAction\":[{\"@type\":\"ReadAction\",\"target\":[\"https:\\\/\\\/unterirdis.ch\\\/wordpress\\\/2023\\\/09\\\/12\\\/herxheims-forschungsgeschichte\\\/\"]}]},{\"@type\":\"ImageObject\",\"inLanguage\":\"de\",\"@id\":\"https:\\\/\\\/unterirdis.ch\\\/wordpress\\\/2023\\\/09\\\/12\\\/herxheims-forschungsgeschichte\\\/#primaryimage\",\"url\":\"https:\\\/\\\/unterirdis.ch\\\/wp-content\\\/uploads\\\/2023\\\/09\\\/Rettungsgrabung-1997jpg_Abschnitt_mit_Teil_von_Fundkonzentration.jpg\",\"contentUrl\":\"https:\\\/\\\/unterirdis.ch\\\/wp-content\\\/uploads\\\/2023\\\/09\\\/Rettungsgrabung-1997jpg_Abschnitt_mit_Teil_von_Fundkonzentration.jpg\",\"width\":1199,\"height\":789,\"caption\":\"Eine Fundkonzentration der Grabung im Jahr 1997, von der Aufgrund der Grabungstechnik der ersten Grabung eben nur ein Teil freigelegt wurde. (Foto: GDKE Rheinland-Pfalz, Dir. Landesarch\u00e4ologie - Speyer. Annemarie H\u00e4u\u00dfer)\"},{\"@type\":\"BreadcrumbList\",\"@id\":\"https:\\\/\\\/unterirdis.ch\\\/wordpress\\\/2023\\\/09\\\/12\\\/herxheims-forschungsgeschichte\\\/#breadcrumb\",\"itemListElement\":[{\"@type\":\"ListItem\",\"position\":1,\"name\":\"Startseite\",\"item\":\"https:\\\/\\\/unterirdis.ch\\\/wordpress\\\/\"},{\"@type\":\"ListItem\",\"position\":2,\"name\":\"Folge 36 &#8211; Herxheims Forschungsgeschichte\"}]},{\"@type\":\"WebSite\",\"@id\":\"https:\\\/\\\/unterirdis.ch\\\/wordpress\\\/#website\",\"url\":\"https:\\\/\\\/unterirdis.ch\\\/wordpress\\\/\",\"name\":\"unterIrdisch - der Science-Blog aus dem Haus der Arch\u00e4ologien\",\"description\":\"der Science-Blog aus dem Haus der Arch\u00e4ologien\",\"publisher\":{\"@id\":\"https:\\\/\\\/unterirdis.ch\\\/wordpress\\\/#organization\"},\"alternateName\":\"unterIrdisch\",\"potentialAction\":[{\"@type\":\"SearchAction\",\"target\":{\"@type\":\"EntryPoint\",\"urlTemplate\":\"https:\\\/\\\/unterirdis.ch\\\/wordpress\\\/?s={search_term_string}\"},\"query-input\":{\"@type\":\"PropertyValueSpecification\",\"valueRequired\":true,\"valueName\":\"search_term_string\"}}],\"inLanguage\":\"de\"},{\"@type\":\"Organization\",\"@id\":\"https:\\\/\\\/unterirdis.ch\\\/wordpress\\\/#organization\",\"name\":\"unterIrdisch - der Science-Blog aus dem Haus der Arch\u00e4ologien\",\"alternateName\":\"unterIrdisch\",\"url\":\"https:\\\/\\\/unterirdis.ch\\\/wordpress\\\/\",\"logo\":{\"@type\":\"ImageObject\",\"inLanguage\":\"de\",\"@id\":\"https:\\\/\\\/unterirdis.ch\\\/wordpress\\\/#\\\/schema\\\/logo\\\/image\\\/\",\"url\":\"https:\\\/\\\/unterirdis.ch\\\/wp-content\\\/uploads\\\/2022\\\/03\\\/logo_3000p-scaled.jpg\",\"contentUrl\":\"https:\\\/\\\/unterirdis.ch\\\/wp-content\\\/uploads\\\/2022\\\/03\\\/logo_3000p-scaled.jpg\",\"width\":2560,\"height\":2560,\"caption\":\"unterIrdisch - der Science-Blog aus dem Haus der Arch\u00e4ologien\"},\"image\":{\"@id\":\"https:\\\/\\\/unterirdis.ch\\\/wordpress\\\/#\\\/schema\\\/logo\\\/image\\\/\"},\"sameAs\":[\"https:\\\/\\\/x.com\\\/unterirdis_ch\",\"https:\\\/\\\/instagram.com\\\/unterirdis.ch\",\"https:\\\/\\\/www.youtube.com\\\/channel\\\/UCWj0o58Zp9pOrkbG3Xh2C4Q\"]},{\"@type\":\"Person\",\"@id\":\"https:\\\/\\\/unterirdis.ch\\\/wordpress\\\/#\\\/schema\\\/person\\\/50e7ff29f34fcda3f64338fd095708c9\",\"name\":\"Dominic Bachmann\",\"image\":{\"@type\":\"ImageObject\",\"inLanguage\":\"de\",\"@id\":\"https:\\\/\\\/unterirdis.ch\\\/wp-content\\\/uploads\\\/2024\\\/07\\\/cropped-P1320573-e1755606392802-96x96.jpg\",\"url\":\"https:\\\/\\\/unterirdis.ch\\\/wp-content\\\/uploads\\\/2024\\\/07\\\/cropped-P1320573-e1755606392802-96x96.jpg\",\"contentUrl\":\"https:\\\/\\\/unterirdis.ch\\\/wp-content\\\/uploads\\\/2024\\\/07\\\/cropped-P1320573-e1755606392802-96x96.jpg\",\"caption\":\"Dominic Bachmann\"},\"description\":\"Dominic war wissenschaftlicher Mitarbeiter an der Ruhr-Universit\u00e4t Bochum.\",\"url\":\"https:\\\/\\\/unterirdis.ch\\\/wordpress\\\/author\\\/dbachmann\\\/\"}]}<\/script>\n<!-- \/ Yoast SEO plugin. -->","yoast_head_json":{"title":"Folge 36 - Herxheims Forschungsgeschichte - unterIrdisch","description":"Herxheims Forschungsgeschichte ist bewegt und leider auch tragisch, um so wichtiger ist es dar\u00fcber zu sprechen.","robots":{"index":"index","follow":"follow","max-snippet":"max-snippet:-1","max-image-preview":"max-image-preview:large","max-video-preview":"max-video-preview:-1"},"canonical":"https:\/\/unterirdis.ch\/wordpress\/2023\/09\/12\/herxheims-forschungsgeschichte\/","og_locale":"de_DE","og_type":"article","og_title":"Folge 36 - Herxheims Forschungsgeschichte - unterIrdisch","og_description":"Herxheims Forschungsgeschichte ist bewegt und leider auch tragisch, um so wichtiger ist es dar\u00fcber zu sprechen.","og_url":"https:\/\/unterirdis.ch\/wordpress\/2023\/09\/12\/herxheims-forschungsgeschichte\/","og_site_name":"unterIrdisch","article_published_time":"2023-09-12T08:32:20+00:00","article_modified_time":"2025-04-04T06:38:43+00:00","og_image":[{"width":1199,"height":789,"url":"https:\/\/unterirdis.ch\/wp-content\/uploads\/2023\/09\/Rettungsgrabung-1997jpg_Abschnitt_mit_Teil_von_Fundkonzentration.jpg","type":"image\/jpeg"}],"author":"Dominic Bachmann","twitter_card":"summary_large_image","twitter_creator":"@unterirdis_ch","twitter_site":"@unterirdis_ch","twitter_misc":{"Verfasst von":"Dominic Bachmann","Gesch\u00e4tzte Lesezeit":"2\u00a0Minuten"},"schema":{"@context":"https:\/\/schema.org","@graph":[{"@type":"Article","@id":"https:\/\/unterirdis.ch\/wordpress\/2023\/09\/12\/herxheims-forschungsgeschichte\/#article","isPartOf":{"@id":"https:\/\/unterirdis.ch\/wordpress\/2023\/09\/12\/herxheims-forschungsgeschichte\/"},"author":{"name":"Dominic Bachmann","@id":"https:\/\/unterirdis.ch\/wordpress\/#\/schema\/person\/50e7ff29f34fcda3f64338fd095708c9"},"headline":"Folge 36 &#8211; Herxheims Forschungsgeschichte","datePublished":"2023-09-12T08:32:20+00:00","dateModified":"2025-04-04T06:38:43+00:00","mainEntityOfPage":{"@id":"https:\/\/unterirdis.ch\/wordpress\/2023\/09\/12\/herxheims-forschungsgeschichte\/"},"wordCount":208,"publisher":{"@id":"https:\/\/unterirdis.ch\/wordpress\/#organization"},"image":{"@id":"https:\/\/unterirdis.ch\/wordpress\/2023\/09\/12\/herxheims-forschungsgeschichte\/#primaryimage"},"thumbnailUrl":"https:\/\/unterirdis.ch\/wp-content\/uploads\/2023\/09\/Rettungsgrabung-1997jpg_Abschnitt_mit_Teil_von_Fundkonzentration.jpg","keywords":["Andrea Zeeb-Lanz","Forschung","Forschungsgeschichte","Grabungstechnik","Herxheim","Kanibalismus","Neolithikum","Podcast","Wisskomm"],"articleSection":["Deutschland","unterFreunden"],"inLanguage":"de"},{"@type":"WebPage","@id":"https:\/\/unterirdis.ch\/wordpress\/2023\/09\/12\/herxheims-forschungsgeschichte\/","url":"https:\/\/unterirdis.ch\/wordpress\/2023\/09\/12\/herxheims-forschungsgeschichte\/","name":"Folge 36 - Herxheims Forschungsgeschichte - unterIrdisch","isPartOf":{"@id":"https:\/\/unterirdis.ch\/wordpress\/#website"},"primaryImageOfPage":{"@id":"https:\/\/unterirdis.ch\/wordpress\/2023\/09\/12\/herxheims-forschungsgeschichte\/#primaryimage"},"image":{"@id":"https:\/\/unterirdis.ch\/wordpress\/2023\/09\/12\/herxheims-forschungsgeschichte\/#primaryimage"},"thumbnailUrl":"https:\/\/unterirdis.ch\/wp-content\/uploads\/2023\/09\/Rettungsgrabung-1997jpg_Abschnitt_mit_Teil_von_Fundkonzentration.jpg","datePublished":"2023-09-12T08:32:20+00:00","dateModified":"2025-04-04T06:38:43+00:00","description":"Herxheims Forschungsgeschichte ist bewegt und leider auch tragisch, um so wichtiger ist es dar\u00fcber zu sprechen.","breadcrumb":{"@id":"https:\/\/unterirdis.ch\/wordpress\/2023\/09\/12\/herxheims-forschungsgeschichte\/#breadcrumb"},"inLanguage":"de","potentialAction":[{"@type":"ReadAction","target":["https:\/\/unterirdis.ch\/wordpress\/2023\/09\/12\/herxheims-forschungsgeschichte\/"]}]},{"@type":"ImageObject","inLanguage":"de","@id":"https:\/\/unterirdis.ch\/wordpress\/2023\/09\/12\/herxheims-forschungsgeschichte\/#primaryimage","url":"https:\/\/unterirdis.ch\/wp-content\/uploads\/2023\/09\/Rettungsgrabung-1997jpg_Abschnitt_mit_Teil_von_Fundkonzentration.jpg","contentUrl":"https:\/\/unterirdis.ch\/wp-content\/uploads\/2023\/09\/Rettungsgrabung-1997jpg_Abschnitt_mit_Teil_von_Fundkonzentration.jpg","width":1199,"height":789,"caption":"Eine Fundkonzentration der Grabung im Jahr 1997, von der Aufgrund der Grabungstechnik der ersten Grabung eben nur ein Teil freigelegt wurde. (Foto: GDKE Rheinland-Pfalz, Dir. Landesarch\u00e4ologie - Speyer. Annemarie H\u00e4u\u00dfer)"},{"@type":"BreadcrumbList","@id":"https:\/\/unterirdis.ch\/wordpress\/2023\/09\/12\/herxheims-forschungsgeschichte\/#breadcrumb","itemListElement":[{"@type":"ListItem","position":1,"name":"Startseite","item":"https:\/\/unterirdis.ch\/wordpress\/"},{"@type":"ListItem","position":2,"name":"Folge 36 &#8211; Herxheims Forschungsgeschichte"}]},{"@type":"WebSite","@id":"https:\/\/unterirdis.ch\/wordpress\/#website","url":"https:\/\/unterirdis.ch\/wordpress\/","name":"unterIrdisch - der Science-Blog aus dem Haus der Arch\u00e4ologien","description":"der Science-Blog aus dem Haus der Arch\u00e4ologien","publisher":{"@id":"https:\/\/unterirdis.ch\/wordpress\/#organization"},"alternateName":"unterIrdisch","potentialAction":[{"@type":"SearchAction","target":{"@type":"EntryPoint","urlTemplate":"https:\/\/unterirdis.ch\/wordpress\/?s={search_term_string}"},"query-input":{"@type":"PropertyValueSpecification","valueRequired":true,"valueName":"search_term_string"}}],"inLanguage":"de"},{"@type":"Organization","@id":"https:\/\/unterirdis.ch\/wordpress\/#organization","name":"unterIrdisch - der Science-Blog aus dem Haus der Arch\u00e4ologien","alternateName":"unterIrdisch","url":"https:\/\/unterirdis.ch\/wordpress\/","logo":{"@type":"ImageObject","inLanguage":"de","@id":"https:\/\/unterirdis.ch\/wordpress\/#\/schema\/logo\/image\/","url":"https:\/\/unterirdis.ch\/wp-content\/uploads\/2022\/03\/logo_3000p-scaled.jpg","contentUrl":"https:\/\/unterirdis.ch\/wp-content\/uploads\/2022\/03\/logo_3000p-scaled.jpg","width":2560,"height":2560,"caption":"unterIrdisch - der Science-Blog aus dem Haus der Arch\u00e4ologien"},"image":{"@id":"https:\/\/unterirdis.ch\/wordpress\/#\/schema\/logo\/image\/"},"sameAs":["https:\/\/x.com\/unterirdis_ch","https:\/\/instagram.com\/unterirdis.ch","https:\/\/www.youtube.com\/channel\/UCWj0o58Zp9pOrkbG3Xh2C4Q"]},{"@type":"Person","@id":"https:\/\/unterirdis.ch\/wordpress\/#\/schema\/person\/50e7ff29f34fcda3f64338fd095708c9","name":"Dominic Bachmann","image":{"@type":"ImageObject","inLanguage":"de","@id":"https:\/\/unterirdis.ch\/wp-content\/uploads\/2024\/07\/cropped-P1320573-e1755606392802-96x96.jpg","url":"https:\/\/unterirdis.ch\/wp-content\/uploads\/2024\/07\/cropped-P1320573-e1755606392802-96x96.jpg","contentUrl":"https:\/\/unterirdis.ch\/wp-content\/uploads\/2024\/07\/cropped-P1320573-e1755606392802-96x96.jpg","caption":"Dominic Bachmann"},"description":"Dominic war wissenschaftlicher Mitarbeiter an der Ruhr-Universit\u00e4t Bochum.","url":"https:\/\/unterirdis.ch\/wordpress\/author\/dbachmann\/"}]}},"_links":{"self":[{"href":"https:\/\/unterirdis.ch\/wordpress\/wp-json\/wp\/v2\/posts\/1981","targetHints":{"allow":["GET"]}}],"collection":[{"href":"https:\/\/unterirdis.ch\/wordpress\/wp-json\/wp\/v2\/posts"}],"about":[{"href":"https:\/\/unterirdis.ch\/wordpress\/wp-json\/wp\/v2\/types\/post"}],"author":[{"embeddable":true,"href":"https:\/\/unterirdis.ch\/wordpress\/wp-json\/wp\/v2\/users\/3"}],"replies":[{"embeddable":true,"href":"https:\/\/unterirdis.ch\/wordpress\/wp-json\/wp\/v2\/comments?post=1981"}],"version-history":[{"count":1,"href":"https:\/\/unterirdis.ch\/wordpress\/wp-json\/wp\/v2\/posts\/1981\/revisions"}],"predecessor-version":[{"id":2685,"href":"https:\/\/unterirdis.ch\/wordpress\/wp-json\/wp\/v2\/posts\/1981\/revisions\/2685"}],"wp:featuredmedia":[{"embeddable":true,"href":"https:\/\/unterirdis.ch\/wordpress\/wp-json\/wp\/v2\/media\/1984"}],"wp:attachment":[{"href":"https:\/\/unterirdis.ch\/wordpress\/wp-json\/wp\/v2\/media?parent=1981"}],"wp:term":[{"taxonomy":"category","embeddable":true,"href":"https:\/\/unterirdis.ch\/wordpress\/wp-json\/wp\/v2\/categories?post=1981"},{"taxonomy":"post_tag","embeddable":true,"href":"https:\/\/unterirdis.ch\/wordpress\/wp-json\/wp\/v2\/tags?post=1981"}],"curies":[{"name":"wp","href":"https:\/\/api.w.org\/{rel}","templated":true}]}}