{"id":1879,"date":"2023-07-27T13:45:55","date_gmt":"2023-07-27T11:45:55","guid":{"rendered":"https:\/\/unterirdis.ch\/wordpress\/?p=1879"},"modified":"2025-04-04T08:38:58","modified_gmt":"2025-04-04T06:38:58","slug":"folge-33-andrea-zeeb-lanz-und-das-neolithikum","status":"publish","type":"post","link":"https:\/\/unterirdis.ch\/wordpress\/2023\/07\/27\/folge-33-andrea-zeeb-lanz-und-das-neolithikum\/","title":{"rendered":"Folge 33 &#8211; Andrea Zeeb-Lanz und das Neolithikum"},"content":{"rendered":"\t\t<div data-elementor-type=\"wp-post\" data-elementor-id=\"1879\" class=\"elementor elementor-1879\" data-elementor-post-type=\"post\">\n\t\t\t\t\t\t<section class=\"elementor-section elementor-top-section elementor-element elementor-element-436123c elementor-section-boxed elementor-section-height-default elementor-section-height-default\" data-id=\"436123c\" data-element_type=\"section\" data-e-type=\"section\">\n\t\t\t\t\t\t<div class=\"elementor-container elementor-column-gap-default\">\n\t\t\t\t\t<div class=\"elementor-column elementor-col-33 elementor-top-column elementor-element elementor-element-7b29551\" data-id=\"7b29551\" data-element_type=\"column\" data-e-type=\"column\">\n\t\t\t<div class=\"elementor-widget-wrap elementor-element-populated\">\n\t\t\t\t\t\t<div class=\"elementor-element elementor-element-4ee4408 elementor-widget elementor-widget-image\" data-id=\"4ee4408\" data-element_type=\"widget\" data-e-type=\"widget\" data-widget_type=\"image.default\">\n\t\t\t\t<div class=\"elementor-widget-container\">\n\t\t\t\t\t\t\t\t\t\t\t\t\t\t\t<img fetchpriority=\"high\" decoding=\"async\" width=\"236\" height=\"295\" src=\"https:\/\/unterirdis.ch\/wp-content\/uploads\/2023\/07\/Portrait_kl_200dpi.jpg\" class=\"attachment-large size-large wp-image-1881\" alt=\"Portr\u00e4tbild von Andrea Zeeb-Lanz. Sie hat kurze blonde Haare und tr\u00e4gt gro\u00dfe Ohrringe sowie eine Halskette. Sie ist Arch\u00e4ologin und forscht unter anderem zum Neolithikum und Herxheim.\" \/>\t\t\t\t\t\t\t\t\t\t\t\t\t\t\t<\/div>\n\t\t\t\t<\/div>\n\t\t\t\t\t<\/div>\n\t\t<\/div>\n\t\t\t\t<div class=\"elementor-column elementor-col-66 elementor-top-column elementor-element elementor-element-32f60e7\" data-id=\"32f60e7\" data-element_type=\"column\" data-e-type=\"column\">\n\t\t\t<div class=\"elementor-widget-wrap elementor-element-populated\">\n\t\t\t\t\t\t<div class=\"elementor-element elementor-element-bc04f9a elementor-widget elementor-widget-text-editor\" data-id=\"bc04f9a\" data-element_type=\"widget\" data-e-type=\"widget\" data-widget_type=\"text-editor.default\">\n\t\t\t\t<div class=\"elementor-widget-container\">\n\t\t\t\t\t\t\t\t\tIm M\u00e4rz \u2013 erschreckend wie lang dies nun schon wieder her ist \u2013 sprachen Dominic und Pia mit der Arch\u00e4ologin Andrea Zeeb-Lanz von der Generaldirektion Kulturelles Erbe Rheinland-Pfalz \u00fcber Andreas Werdegang, ihre Forschung, die Bodendenkmalpflege, das Neolithikum und insbesondere den Fundplatz Herxheim. Die insgesamt 2,5h Rohmaterial werden wir euch jetzt in den n\u00e4chsten Wochen in mehreren Episoden pr\u00e4sentieren. Im ersten Teil stellt sich Andrea ausf\u00fchrlich vor, ehe wir einen allgemeinen Blick auf das Neolithikum im westdeutschen Raum werfen.\n\n<iframe style=\"width:100%;min-width:275px;min-height:525px;max-width:475px;max-height:800px;border:0;overflow:hidden\" src=\"https:\/\/www.podcaster.de\/simpleplayer\/?id=show~e2k8ju~unterirdisch~pod-bcc8e46af665a9148568be9d33&#038;v=1690458125\"><\/iframe> \t\t\t\t\t\t\t\t<\/div>\n\t\t\t\t<\/div>\n\t\t\t\t\t<\/div>\n\t\t<\/div>\n\t\t\t\t\t<\/div>\n\t\t<\/section>\n\t\t\t\t<\/div>\n\t\t","protected":false},"excerpt":{"rendered":"<p>Im M\u00e4rz \u2013 erschreckend wie lang dies nun schon wieder her ist \u2013 sprachen Dominic und Pia mit der Arch\u00e4ologin Andrea Zeeb-Lanz von der Generaldirektion Kulturelles Erbe Rheinland-Pfalz \u00fcber Andreas [&hellip;]<\/p>\n","protected":false},"author":3,"featured_media":1881,"comment_status":"closed","ping_status":"closed","sticky":false,"template":"","format":"standard","meta":{"footnotes":""},"categories":[17,12],"tags":[139,84,135,137,136,45,108],"class_list":["post-1879","post","type-post","status-publish","format-standard","has-post-thumbnail","hentry","category-deutschland","category-unterfreunden","tag-andrea-zeeb-lanz","tag-forschung","tag-herxheim","tag-kanibalismus","tag-neolithikum","tag-podcast","tag-wisskomm"],"yoast_head":"<!-- This site is optimized with the Yoast SEO plugin v27.5 - https:\/\/yoast.com\/product\/yoast-seo-wordpress\/ -->\n<title>Folge 33 - Andrea Zeeb-Lanz und das Neolithikum - unterIrdisch<\/title>\n<meta name=\"description\" content=\"In dieser Folge stellen wir euch Andrea Zeeb-Lanz von der Generaldirektion kulturelles Erbe RLP vor und f\u00fchren in das Thema Neolithikum ein.\" \/>\n<meta name=\"robots\" content=\"index, follow, max-snippet:-1, max-image-preview:large, max-video-preview:-1\" \/>\n<link rel=\"canonical\" href=\"https:\/\/unterirdis.ch\/wordpress\/2023\/07\/27\/folge-33-andrea-zeeb-lanz-und-das-neolithikum\/\" \/>\n<meta property=\"og:locale\" content=\"de_DE\" \/>\n<meta property=\"og:type\" content=\"article\" \/>\n<meta property=\"og:title\" content=\"Folge 33 - Andrea Zeeb-Lanz und das Neolithikum - unterIrdisch\" \/>\n<meta property=\"og:description\" content=\"In dieser Folge stellen wir euch Andrea Zeeb-Lanz von der Generaldirektion kulturelles Erbe RLP vor und f\u00fchren in das Thema Neolithikum ein.\" \/>\n<meta property=\"og:url\" content=\"https:\/\/unterirdis.ch\/wordpress\/2023\/07\/27\/folge-33-andrea-zeeb-lanz-und-das-neolithikum\/\" \/>\n<meta property=\"og:site_name\" content=\"unterIrdisch\" \/>\n<meta property=\"article:published_time\" content=\"2023-07-27T11:45:55+00:00\" \/>\n<meta property=\"article:modified_time\" content=\"2025-04-04T06:38:58+00:00\" \/>\n<meta property=\"og:image\" content=\"https:\/\/unterirdis.ch\/wp-content\/uploads\/2023\/07\/Portrait_kl_200dpi.jpg\" \/>\n\t<meta property=\"og:image:width\" content=\"236\" \/>\n\t<meta property=\"og:image:height\" content=\"295\" \/>\n\t<meta property=\"og:image:type\" content=\"image\/jpeg\" \/>\n<meta name=\"author\" content=\"Dominic Bachmann\" \/>\n<meta name=\"twitter:card\" content=\"summary_large_image\" \/>\n<meta name=\"twitter:creator\" content=\"@unterirdis_ch\" \/>\n<meta name=\"twitter:site\" content=\"@unterirdis_ch\" \/>\n<meta name=\"twitter:label1\" content=\"Verfasst von\" \/>\n\t<meta name=\"twitter:data1\" content=\"Dominic Bachmann\" \/>\n\t<meta name=\"twitter:label2\" content=\"Gesch\u00e4tzte Lesezeit\" \/>\n\t<meta name=\"twitter:data2\" content=\"1\u00a0Minute\" \/>\n<script type=\"application\/ld+json\" class=\"yoast-schema-graph\">{\"@context\":\"https:\\\/\\\/schema.org\",\"@graph\":[{\"@type\":\"Article\",\"@id\":\"https:\\\/\\\/unterirdis.ch\\\/wordpress\\\/2023\\\/07\\\/27\\\/folge-33-andrea-zeeb-lanz-und-das-neolithikum\\\/#article\",\"isPartOf\":{\"@id\":\"https:\\\/\\\/unterirdis.ch\\\/wordpress\\\/2023\\\/07\\\/27\\\/folge-33-andrea-zeeb-lanz-und-das-neolithikum\\\/\"},\"author\":{\"name\":\"Dominic Bachmann\",\"@id\":\"https:\\\/\\\/unterirdis.ch\\\/wordpress\\\/#\\\/schema\\\/person\\\/50e7ff29f34fcda3f64338fd095708c9\"},\"headline\":\"Folge 33 &#8211; Andrea Zeeb-Lanz und das Neolithikum\",\"datePublished\":\"2023-07-27T11:45:55+00:00\",\"dateModified\":\"2025-04-04T06:38:58+00:00\",\"mainEntityOfPage\":{\"@id\":\"https:\\\/\\\/unterirdis.ch\\\/wordpress\\\/2023\\\/07\\\/27\\\/folge-33-andrea-zeeb-lanz-und-das-neolithikum\\\/\"},\"wordCount\":88,\"publisher\":{\"@id\":\"https:\\\/\\\/unterirdis.ch\\\/wordpress\\\/#organization\"},\"image\":{\"@id\":\"https:\\\/\\\/unterirdis.ch\\\/wordpress\\\/2023\\\/07\\\/27\\\/folge-33-andrea-zeeb-lanz-und-das-neolithikum\\\/#primaryimage\"},\"thumbnailUrl\":\"https:\\\/\\\/unterirdis.ch\\\/wp-content\\\/uploads\\\/2023\\\/07\\\/Portrait_kl_200dpi.jpg\",\"keywords\":[\"Andrea Zeeb-Lanz\",\"Forschung\",\"Herxheim\",\"Kanibalismus\",\"Neolithikum\",\"Podcast\",\"Wisskomm\"],\"articleSection\":[\"Deutschland\",\"unterFreunden\"],\"inLanguage\":\"de\"},{\"@type\":\"WebPage\",\"@id\":\"https:\\\/\\\/unterirdis.ch\\\/wordpress\\\/2023\\\/07\\\/27\\\/folge-33-andrea-zeeb-lanz-und-das-neolithikum\\\/\",\"url\":\"https:\\\/\\\/unterirdis.ch\\\/wordpress\\\/2023\\\/07\\\/27\\\/folge-33-andrea-zeeb-lanz-und-das-neolithikum\\\/\",\"name\":\"Folge 33 - Andrea Zeeb-Lanz und das Neolithikum - unterIrdisch\",\"isPartOf\":{\"@id\":\"https:\\\/\\\/unterirdis.ch\\\/wordpress\\\/#website\"},\"primaryImageOfPage\":{\"@id\":\"https:\\\/\\\/unterirdis.ch\\\/wordpress\\\/2023\\\/07\\\/27\\\/folge-33-andrea-zeeb-lanz-und-das-neolithikum\\\/#primaryimage\"},\"image\":{\"@id\":\"https:\\\/\\\/unterirdis.ch\\\/wordpress\\\/2023\\\/07\\\/27\\\/folge-33-andrea-zeeb-lanz-und-das-neolithikum\\\/#primaryimage\"},\"thumbnailUrl\":\"https:\\\/\\\/unterirdis.ch\\\/wp-content\\\/uploads\\\/2023\\\/07\\\/Portrait_kl_200dpi.jpg\",\"datePublished\":\"2023-07-27T11:45:55+00:00\",\"dateModified\":\"2025-04-04T06:38:58+00:00\",\"description\":\"In dieser Folge stellen wir euch Andrea Zeeb-Lanz von der Generaldirektion kulturelles Erbe RLP vor und f\u00fchren in das Thema Neolithikum ein.\",\"breadcrumb\":{\"@id\":\"https:\\\/\\\/unterirdis.ch\\\/wordpress\\\/2023\\\/07\\\/27\\\/folge-33-andrea-zeeb-lanz-und-das-neolithikum\\\/#breadcrumb\"},\"inLanguage\":\"de\",\"potentialAction\":[{\"@type\":\"ReadAction\",\"target\":[\"https:\\\/\\\/unterirdis.ch\\\/wordpress\\\/2023\\\/07\\\/27\\\/folge-33-andrea-zeeb-lanz-und-das-neolithikum\\\/\"]}]},{\"@type\":\"ImageObject\",\"inLanguage\":\"de\",\"@id\":\"https:\\\/\\\/unterirdis.ch\\\/wordpress\\\/2023\\\/07\\\/27\\\/folge-33-andrea-zeeb-lanz-und-das-neolithikum\\\/#primaryimage\",\"url\":\"https:\\\/\\\/unterirdis.ch\\\/wp-content\\\/uploads\\\/2023\\\/07\\\/Portrait_kl_200dpi.jpg\",\"contentUrl\":\"https:\\\/\\\/unterirdis.ch\\\/wp-content\\\/uploads\\\/2023\\\/07\\\/Portrait_kl_200dpi.jpg\",\"width\":236,\"height\":295,\"caption\":\"Andrea Zeeb-Lanz von der Generaldirektion Kulturelles Erbe Rheinland-Pfalz.\"},{\"@type\":\"BreadcrumbList\",\"@id\":\"https:\\\/\\\/unterirdis.ch\\\/wordpress\\\/2023\\\/07\\\/27\\\/folge-33-andrea-zeeb-lanz-und-das-neolithikum\\\/#breadcrumb\",\"itemListElement\":[{\"@type\":\"ListItem\",\"position\":1,\"name\":\"Startseite\",\"item\":\"https:\\\/\\\/unterirdis.ch\\\/wordpress\\\/\"},{\"@type\":\"ListItem\",\"position\":2,\"name\":\"Folge 33 &#8211; Andrea Zeeb-Lanz und das Neolithikum\"}]},{\"@type\":\"WebSite\",\"@id\":\"https:\\\/\\\/unterirdis.ch\\\/wordpress\\\/#website\",\"url\":\"https:\\\/\\\/unterirdis.ch\\\/wordpress\\\/\",\"name\":\"unterIrdisch - der Science-Blog aus dem Haus der Arch\u00e4ologien\",\"description\":\"der Science-Blog aus dem Haus der Arch\u00e4ologien\",\"publisher\":{\"@id\":\"https:\\\/\\\/unterirdis.ch\\\/wordpress\\\/#organization\"},\"alternateName\":\"unterIrdisch\",\"potentialAction\":[{\"@type\":\"SearchAction\",\"target\":{\"@type\":\"EntryPoint\",\"urlTemplate\":\"https:\\\/\\\/unterirdis.ch\\\/wordpress\\\/?s={search_term_string}\"},\"query-input\":{\"@type\":\"PropertyValueSpecification\",\"valueRequired\":true,\"valueName\":\"search_term_string\"}}],\"inLanguage\":\"de\"},{\"@type\":\"Organization\",\"@id\":\"https:\\\/\\\/unterirdis.ch\\\/wordpress\\\/#organization\",\"name\":\"unterIrdisch - der Science-Blog aus dem Haus der Arch\u00e4ologien\",\"alternateName\":\"unterIrdisch\",\"url\":\"https:\\\/\\\/unterirdis.ch\\\/wordpress\\\/\",\"logo\":{\"@type\":\"ImageObject\",\"inLanguage\":\"de\",\"@id\":\"https:\\\/\\\/unterirdis.ch\\\/wordpress\\\/#\\\/schema\\\/logo\\\/image\\\/\",\"url\":\"https:\\\/\\\/unterirdis.ch\\\/wp-content\\\/uploads\\\/2022\\\/03\\\/logo_3000p-scaled.jpg\",\"contentUrl\":\"https:\\\/\\\/unterirdis.ch\\\/wp-content\\\/uploads\\\/2022\\\/03\\\/logo_3000p-scaled.jpg\",\"width\":2560,\"height\":2560,\"caption\":\"unterIrdisch - der Science-Blog aus dem Haus der Arch\u00e4ologien\"},\"image\":{\"@id\":\"https:\\\/\\\/unterirdis.ch\\\/wordpress\\\/#\\\/schema\\\/logo\\\/image\\\/\"},\"sameAs\":[\"https:\\\/\\\/x.com\\\/unterirdis_ch\",\"https:\\\/\\\/instagram.com\\\/unterirdis.ch\",\"https:\\\/\\\/www.youtube.com\\\/channel\\\/UCWj0o58Zp9pOrkbG3Xh2C4Q\"]},{\"@type\":\"Person\",\"@id\":\"https:\\\/\\\/unterirdis.ch\\\/wordpress\\\/#\\\/schema\\\/person\\\/50e7ff29f34fcda3f64338fd095708c9\",\"name\":\"Dominic Bachmann\",\"image\":{\"@type\":\"ImageObject\",\"inLanguage\":\"de\",\"@id\":\"https:\\\/\\\/unterirdis.ch\\\/wp-content\\\/uploads\\\/2024\\\/07\\\/cropped-P1320573-e1755606392802-96x96.jpg\",\"url\":\"https:\\\/\\\/unterirdis.ch\\\/wp-content\\\/uploads\\\/2024\\\/07\\\/cropped-P1320573-e1755606392802-96x96.jpg\",\"contentUrl\":\"https:\\\/\\\/unterirdis.ch\\\/wp-content\\\/uploads\\\/2024\\\/07\\\/cropped-P1320573-e1755606392802-96x96.jpg\",\"caption\":\"Dominic Bachmann\"},\"description\":\"Dominic war wissenschaftlicher Mitarbeiter an der Ruhr-Universit\u00e4t Bochum.\",\"url\":\"https:\\\/\\\/unterirdis.ch\\\/wordpress\\\/author\\\/dbachmann\\\/\"}]}<\/script>\n<!-- \/ Yoast SEO plugin. -->","yoast_head_json":{"title":"Folge 33 - Andrea Zeeb-Lanz und das Neolithikum - unterIrdisch","description":"In dieser Folge stellen wir euch Andrea Zeeb-Lanz von der Generaldirektion kulturelles Erbe RLP vor und f\u00fchren in das Thema Neolithikum ein.","robots":{"index":"index","follow":"follow","max-snippet":"max-snippet:-1","max-image-preview":"max-image-preview:large","max-video-preview":"max-video-preview:-1"},"canonical":"https:\/\/unterirdis.ch\/wordpress\/2023\/07\/27\/folge-33-andrea-zeeb-lanz-und-das-neolithikum\/","og_locale":"de_DE","og_type":"article","og_title":"Folge 33 - Andrea Zeeb-Lanz und das Neolithikum - unterIrdisch","og_description":"In dieser Folge stellen wir euch Andrea Zeeb-Lanz von der Generaldirektion kulturelles Erbe RLP vor und f\u00fchren in das Thema Neolithikum ein.","og_url":"https:\/\/unterirdis.ch\/wordpress\/2023\/07\/27\/folge-33-andrea-zeeb-lanz-und-das-neolithikum\/","og_site_name":"unterIrdisch","article_published_time":"2023-07-27T11:45:55+00:00","article_modified_time":"2025-04-04T06:38:58+00:00","og_image":[{"width":236,"height":295,"url":"https:\/\/unterirdis.ch\/wp-content\/uploads\/2023\/07\/Portrait_kl_200dpi.jpg","type":"image\/jpeg"}],"author":"Dominic Bachmann","twitter_card":"summary_large_image","twitter_creator":"@unterirdis_ch","twitter_site":"@unterirdis_ch","twitter_misc":{"Verfasst von":"Dominic Bachmann","Gesch\u00e4tzte Lesezeit":"1\u00a0Minute"},"schema":{"@context":"https:\/\/schema.org","@graph":[{"@type":"Article","@id":"https:\/\/unterirdis.ch\/wordpress\/2023\/07\/27\/folge-33-andrea-zeeb-lanz-und-das-neolithikum\/#article","isPartOf":{"@id":"https:\/\/unterirdis.ch\/wordpress\/2023\/07\/27\/folge-33-andrea-zeeb-lanz-und-das-neolithikum\/"},"author":{"name":"Dominic Bachmann","@id":"https:\/\/unterirdis.ch\/wordpress\/#\/schema\/person\/50e7ff29f34fcda3f64338fd095708c9"},"headline":"Folge 33 &#8211; Andrea Zeeb-Lanz und das Neolithikum","datePublished":"2023-07-27T11:45:55+00:00","dateModified":"2025-04-04T06:38:58+00:00","mainEntityOfPage":{"@id":"https:\/\/unterirdis.ch\/wordpress\/2023\/07\/27\/folge-33-andrea-zeeb-lanz-und-das-neolithikum\/"},"wordCount":88,"publisher":{"@id":"https:\/\/unterirdis.ch\/wordpress\/#organization"},"image":{"@id":"https:\/\/unterirdis.ch\/wordpress\/2023\/07\/27\/folge-33-andrea-zeeb-lanz-und-das-neolithikum\/#primaryimage"},"thumbnailUrl":"https:\/\/unterirdis.ch\/wp-content\/uploads\/2023\/07\/Portrait_kl_200dpi.jpg","keywords":["Andrea Zeeb-Lanz","Forschung","Herxheim","Kanibalismus","Neolithikum","Podcast","Wisskomm"],"articleSection":["Deutschland","unterFreunden"],"inLanguage":"de"},{"@type":"WebPage","@id":"https:\/\/unterirdis.ch\/wordpress\/2023\/07\/27\/folge-33-andrea-zeeb-lanz-und-das-neolithikum\/","url":"https:\/\/unterirdis.ch\/wordpress\/2023\/07\/27\/folge-33-andrea-zeeb-lanz-und-das-neolithikum\/","name":"Folge 33 - Andrea Zeeb-Lanz und das Neolithikum - unterIrdisch","isPartOf":{"@id":"https:\/\/unterirdis.ch\/wordpress\/#website"},"primaryImageOfPage":{"@id":"https:\/\/unterirdis.ch\/wordpress\/2023\/07\/27\/folge-33-andrea-zeeb-lanz-und-das-neolithikum\/#primaryimage"},"image":{"@id":"https:\/\/unterirdis.ch\/wordpress\/2023\/07\/27\/folge-33-andrea-zeeb-lanz-und-das-neolithikum\/#primaryimage"},"thumbnailUrl":"https:\/\/unterirdis.ch\/wp-content\/uploads\/2023\/07\/Portrait_kl_200dpi.jpg","datePublished":"2023-07-27T11:45:55+00:00","dateModified":"2025-04-04T06:38:58+00:00","description":"In dieser Folge stellen wir euch Andrea Zeeb-Lanz von der Generaldirektion kulturelles Erbe RLP vor und f\u00fchren in das Thema Neolithikum ein.","breadcrumb":{"@id":"https:\/\/unterirdis.ch\/wordpress\/2023\/07\/27\/folge-33-andrea-zeeb-lanz-und-das-neolithikum\/#breadcrumb"},"inLanguage":"de","potentialAction":[{"@type":"ReadAction","target":["https:\/\/unterirdis.ch\/wordpress\/2023\/07\/27\/folge-33-andrea-zeeb-lanz-und-das-neolithikum\/"]}]},{"@type":"ImageObject","inLanguage":"de","@id":"https:\/\/unterirdis.ch\/wordpress\/2023\/07\/27\/folge-33-andrea-zeeb-lanz-und-das-neolithikum\/#primaryimage","url":"https:\/\/unterirdis.ch\/wp-content\/uploads\/2023\/07\/Portrait_kl_200dpi.jpg","contentUrl":"https:\/\/unterirdis.ch\/wp-content\/uploads\/2023\/07\/Portrait_kl_200dpi.jpg","width":236,"height":295,"caption":"Andrea Zeeb-Lanz von der Generaldirektion Kulturelles Erbe Rheinland-Pfalz."},{"@type":"BreadcrumbList","@id":"https:\/\/unterirdis.ch\/wordpress\/2023\/07\/27\/folge-33-andrea-zeeb-lanz-und-das-neolithikum\/#breadcrumb","itemListElement":[{"@type":"ListItem","position":1,"name":"Startseite","item":"https:\/\/unterirdis.ch\/wordpress\/"},{"@type":"ListItem","position":2,"name":"Folge 33 &#8211; Andrea Zeeb-Lanz und das Neolithikum"}]},{"@type":"WebSite","@id":"https:\/\/unterirdis.ch\/wordpress\/#website","url":"https:\/\/unterirdis.ch\/wordpress\/","name":"unterIrdisch - der Science-Blog aus dem Haus der Arch\u00e4ologien","description":"der Science-Blog aus dem Haus der Arch\u00e4ologien","publisher":{"@id":"https:\/\/unterirdis.ch\/wordpress\/#organization"},"alternateName":"unterIrdisch","potentialAction":[{"@type":"SearchAction","target":{"@type":"EntryPoint","urlTemplate":"https:\/\/unterirdis.ch\/wordpress\/?s={search_term_string}"},"query-input":{"@type":"PropertyValueSpecification","valueRequired":true,"valueName":"search_term_string"}}],"inLanguage":"de"},{"@type":"Organization","@id":"https:\/\/unterirdis.ch\/wordpress\/#organization","name":"unterIrdisch - der Science-Blog aus dem Haus der Arch\u00e4ologien","alternateName":"unterIrdisch","url":"https:\/\/unterirdis.ch\/wordpress\/","logo":{"@type":"ImageObject","inLanguage":"de","@id":"https:\/\/unterirdis.ch\/wordpress\/#\/schema\/logo\/image\/","url":"https:\/\/unterirdis.ch\/wp-content\/uploads\/2022\/03\/logo_3000p-scaled.jpg","contentUrl":"https:\/\/unterirdis.ch\/wp-content\/uploads\/2022\/03\/logo_3000p-scaled.jpg","width":2560,"height":2560,"caption":"unterIrdisch - der Science-Blog aus dem Haus der Arch\u00e4ologien"},"image":{"@id":"https:\/\/unterirdis.ch\/wordpress\/#\/schema\/logo\/image\/"},"sameAs":["https:\/\/x.com\/unterirdis_ch","https:\/\/instagram.com\/unterirdis.ch","https:\/\/www.youtube.com\/channel\/UCWj0o58Zp9pOrkbG3Xh2C4Q"]},{"@type":"Person","@id":"https:\/\/unterirdis.ch\/wordpress\/#\/schema\/person\/50e7ff29f34fcda3f64338fd095708c9","name":"Dominic Bachmann","image":{"@type":"ImageObject","inLanguage":"de","@id":"https:\/\/unterirdis.ch\/wp-content\/uploads\/2024\/07\/cropped-P1320573-e1755606392802-96x96.jpg","url":"https:\/\/unterirdis.ch\/wp-content\/uploads\/2024\/07\/cropped-P1320573-e1755606392802-96x96.jpg","contentUrl":"https:\/\/unterirdis.ch\/wp-content\/uploads\/2024\/07\/cropped-P1320573-e1755606392802-96x96.jpg","caption":"Dominic Bachmann"},"description":"Dominic war wissenschaftlicher Mitarbeiter an der Ruhr-Universit\u00e4t Bochum.","url":"https:\/\/unterirdis.ch\/wordpress\/author\/dbachmann\/"}]}},"_links":{"self":[{"href":"https:\/\/unterirdis.ch\/wordpress\/wp-json\/wp\/v2\/posts\/1879","targetHints":{"allow":["GET"]}}],"collection":[{"href":"https:\/\/unterirdis.ch\/wordpress\/wp-json\/wp\/v2\/posts"}],"about":[{"href":"https:\/\/unterirdis.ch\/wordpress\/wp-json\/wp\/v2\/types\/post"}],"author":[{"embeddable":true,"href":"https:\/\/unterirdis.ch\/wordpress\/wp-json\/wp\/v2\/users\/3"}],"replies":[{"embeddable":true,"href":"https:\/\/unterirdis.ch\/wordpress\/wp-json\/wp\/v2\/comments?post=1879"}],"version-history":[{"count":1,"href":"https:\/\/unterirdis.ch\/wordpress\/wp-json\/wp\/v2\/posts\/1879\/revisions"}],"predecessor-version":[{"id":2687,"href":"https:\/\/unterirdis.ch\/wordpress\/wp-json\/wp\/v2\/posts\/1879\/revisions\/2687"}],"wp:featuredmedia":[{"embeddable":true,"href":"https:\/\/unterirdis.ch\/wordpress\/wp-json\/wp\/v2\/media\/1881"}],"wp:attachment":[{"href":"https:\/\/unterirdis.ch\/wordpress\/wp-json\/wp\/v2\/media?parent=1879"}],"wp:term":[{"taxonomy":"category","embeddable":true,"href":"https:\/\/unterirdis.ch\/wordpress\/wp-json\/wp\/v2\/categories?post=1879"},{"taxonomy":"post_tag","embeddable":true,"href":"https:\/\/unterirdis.ch\/wordpress\/wp-json\/wp\/v2\/tags?post=1879"}],"curies":[{"name":"wp","href":"https:\/\/api.w.org\/{rel}","templated":true}]}}