{"id":1859,"date":"2023-07-10T10:37:53","date_gmt":"2023-07-10T08:37:53","guid":{"rendered":"https:\/\/unterirdis.ch\/wordpress\/?p=1859"},"modified":"2023-07-10T10:40:42","modified_gmt":"2023-07-10T08:40:42","slug":"neuerscheinung-siedlungsdynamische-prozesse-der-eisenzeit-im-braunkohlerevier-inden-weisweiler","status":"publish","type":"post","link":"https:\/\/unterirdis.ch\/wordpress\/2023\/07\/10\/neuerscheinung-siedlungsdynamische-prozesse-der-eisenzeit-im-braunkohlerevier-inden-weisweiler\/","title":{"rendered":"Neuerscheinung: Siedlungsdynamische Prozesse der Eisenzeit im Braunkohlerevier Inden-Weisweiler"},"content":{"rendered":"\t\t<div data-elementor-type=\"wp-post\" data-elementor-id=\"1859\" class=\"elementor elementor-1859\" data-elementor-post-type=\"post\">\n\t\t\t\t\t\t<section class=\"elementor-section elementor-top-section elementor-element elementor-element-0a61c85 elementor-section-boxed elementor-section-height-default elementor-section-height-default\" data-id=\"0a61c85\" data-element_type=\"section\" data-e-type=\"section\">\n\t\t\t\t\t\t<div class=\"elementor-container elementor-column-gap-default\">\n\t\t\t\t\t<div class=\"elementor-column elementor-col-100 elementor-top-column elementor-element elementor-element-e0dc327\" data-id=\"e0dc327\" data-element_type=\"column\" data-e-type=\"column\">\n\t\t\t<div class=\"elementor-widget-wrap elementor-element-populated\">\n\t\t\t\t\t\t<div class=\"elementor-element elementor-element-c909571 elementor-widget elementor-widget-heading\" data-id=\"c909571\" data-element_type=\"widget\" data-e-type=\"widget\" data-widget_type=\"heading.default\">\n\t\t\t\t<div class=\"elementor-widget-container\">\n\t\t\t\t\t<h3 class=\"elementor-heading-title elementor-size-default\">Sandra Peternek: Siedlungsdynamische Prozesse der Eisenzeit im Braunkohlerevier Inden-Weisweiler. Neuinterpretation einer Siedlungslandschaft im Rheinischen Braunkohlerevier<br><\/h3>\t\t\t\t<\/div>\n\t\t\t\t<\/div>\n\t\t\t\t\t<\/div>\n\t\t<\/div>\n\t\t\t\t\t<\/div>\n\t\t<\/section>\n\t\t\t\t<section class=\"elementor-section elementor-top-section elementor-element elementor-element-4b8af4f elementor-section-boxed elementor-section-height-default elementor-section-height-default\" data-id=\"4b8af4f\" data-element_type=\"section\" data-e-type=\"section\">\n\t\t\t\t\t\t<div class=\"elementor-container elementor-column-gap-default\">\n\t\t\t\t\t<div class=\"elementor-column elementor-col-50 elementor-top-column elementor-element elementor-element-1b5cb98\" data-id=\"1b5cb98\" data-element_type=\"column\" data-e-type=\"column\">\n\t\t\t<div class=\"elementor-widget-wrap elementor-element-populated\">\n\t\t\t\t\t\t<div class=\"elementor-element elementor-element-3551145 elementor-widget elementor-widget-text-editor\" data-id=\"3551145\" data-element_type=\"widget\" data-e-type=\"widget\" data-widget_type=\"text-editor.default\">\n\t\t\t\t<div class=\"elementor-widget-container\">\n\t\t\t\t\t\t\t\t\t<h4>Was ist eine Siedlung?<\/h4><p>Mit dieser Fragestellung besch\u00e4ftigte sich Frau Dr. Peternek in Ihrer Dissertation, die im Jahr 2023 durch das Institut f\u00fcr Arch\u00e4ologische Wissenschaften der Ruhr-Universit\u00e4t Bochum von Prof. Dr. Wolfgang Ebel-Zepezauer, Prof. Dr. Constance von R\u00fcden und Prof. Dr. Thomas St\u00f6llner herausgegeben wurde. Zudem enth\u00e4lt der Band Beitr\u00e4ge von Dr. Nicole Boenke und Sabine Fischer-Lechner.<br \/>Die dichte Fundlandschaft des Kleinraums von Inden-Weisweiler ist durch eine gro\u00dfe Anzahl eisenzeitlicher Fundpl\u00e4tze \u00fcberw\u00e4ltigend f\u00fcr Forscher*innen. Frau Dr. Peternek stellte sich jedoch der Aufgabe die einzelnen Funde und Siedlungspl\u00e4tze\u00a0 aus einer neuen Perspektive zu betrachten und konkrete Funde mit Siedlungsstellen und Siedlungsaktivit\u00e4ten zu verbinden. Dabei sollen Mobilit\u00e4tskonzepte, Siedlungs- und Wirtschaftszonen, Variabilit\u00e4t in wirtschaftlichen, sozialen und rituellen Praktiken, regionale Bindungen und verkehrsgeograpghische \u00dcberlegungen die eisenzeitlichem Gemeinschaften des Kleinraumes in ein neues Licht r\u00fccken.<\/p><h4>\u00dcber die Autorin:<\/h4><p>Nach einem herausragendem Studium und der erfolgreich abgeschlossenen Dissertation im Jahr 2019 ist Frau Peternek die Leiterin der LWL-Arch\u00e4ologie-Au\u00dfenstelle M\u00fcnster, wo sie nicht nur die Forschung vorantreibt, sondern die Ergebnisse dieser auch in regelm\u00e4\u00dfigen Vortr\u00e4gen pr\u00e4sentiert.<\/p>\t\t\t\t\t\t\t\t<\/div>\n\t\t\t\t<\/div>\n\t\t\t\t\t<\/div>\n\t\t<\/div>\n\t\t\t\t<div class=\"elementor-column elementor-col-50 elementor-top-column elementor-element elementor-element-e8f135c\" data-id=\"e8f135c\" data-element_type=\"column\" data-e-type=\"column\">\n\t\t\t<div class=\"elementor-widget-wrap elementor-element-populated\">\n\t\t\t\t\t\t<div class=\"elementor-element elementor-element-89297f7 elementor-widget elementor-widget-image\" data-id=\"89297f7\" data-element_type=\"widget\" data-e-type=\"widget\" data-widget_type=\"image.default\">\n\t\t\t\t<div class=\"elementor-widget-container\">\n\t\t\t\t\t\t\t\t\t\t\t\t\t\t\t<img fetchpriority=\"high\" decoding=\"async\" width=\"724\" height=\"1024\" src=\"https:\/\/unterirdis.ch\/wp-content\/uploads\/2023\/07\/Siedlungsdynamische-Prozesse_Cover-724x1024.jpg\" class=\"attachment-large size-large wp-image-1865\" alt=\"\" srcset=\"https:\/\/unterirdis.ch\/wp-content\/uploads\/2023\/07\/Siedlungsdynamische-Prozesse_Cover-724x1024.jpg 724w, https:\/\/unterirdis.ch\/wp-content\/uploads\/2023\/07\/Siedlungsdynamische-Prozesse_Cover-212x300.jpg 212w, https:\/\/unterirdis.ch\/wp-content\/uploads\/2023\/07\/Siedlungsdynamische-Prozesse_Cover-768x1086.jpg 768w, https:\/\/unterirdis.ch\/wp-content\/uploads\/2023\/07\/Siedlungsdynamische-Prozesse_Cover-1086x1536.jpg 1086w, https:\/\/unterirdis.ch\/wp-content\/uploads\/2023\/07\/Siedlungsdynamische-Prozesse_Cover-1448x2048.jpg 1448w, https:\/\/unterirdis.ch\/wp-content\/uploads\/2023\/07\/Siedlungsdynamische-Prozesse_Cover-scaled.jpg 1810w\" sizes=\"(max-width: 724px) 100vw, 724px\" \/>\t\t\t\t\t\t\t\t\t\t\t\t\t\t\t<\/div>\n\t\t\t\t<\/div>\n\t\t\t\t\t<\/div>\n\t\t<\/div>\n\t\t\t\t\t<\/div>\n\t\t<\/section>\n\t\t\t\t<section class=\"elementor-section elementor-top-section elementor-element elementor-element-058ccc5 elementor-section-boxed elementor-section-height-default elementor-section-height-default\" data-id=\"058ccc5\" data-element_type=\"section\" data-e-type=\"section\">\n\t\t\t\t\t\t<div class=\"elementor-container elementor-column-gap-default\">\n\t\t\t\t\t<div class=\"elementor-column elementor-col-100 elementor-top-column elementor-element elementor-element-a304b32\" data-id=\"a304b32\" data-element_type=\"column\" data-e-type=\"column\">\n\t\t\t<div class=\"elementor-widget-wrap elementor-element-populated\">\n\t\t\t\t\t\t<div class=\"elementor-element elementor-element-b024e53 elementor-widget elementor-widget-text-editor\" data-id=\"b024e53\" data-element_type=\"widget\" data-e-type=\"widget\" data-widget_type=\"text-editor.default\">\n\t\t\t\t<div class=\"elementor-widget-container\">\n\t\t\t\t\t\t\t\t\t<h4>Bibliografische Angaben:\u00a0<\/h4><p><em>Peternek, Sandra: Siedlungsdynamische Prozesse der Eisenzeit im Braunkohlerevier Inden-Weisweiler. Neuinterpretation einer Siedlungslandschaft im Rheinischen Braunkohlerevier, 2023: Marie Leidorf\u00a0<\/em><\/p>\t\t\t\t\t\t\t\t<\/div>\n\t\t\t\t<\/div>\n\t\t\t\t\t<\/div>\n\t\t<\/div>\n\t\t\t\t\t<\/div>\n\t\t<\/section>\n\t\t\t\t<\/div>\n\t\t","protected":false},"excerpt":{"rendered":"<p>Sandra Peternek: Siedlungsdynamische Prozesse der Eisenzeit im Braunkohlerevier Inden-Weisweiler. Neuinterpretation einer Siedlungslandschaft im Rheinischen Braunkohlerevier Was ist eine Siedlung? Mit dieser Fragestellung besch\u00e4ftigte sich Frau Dr. Peternek in Ihrer Dissertation, [&hellip;]<\/p>\n","protected":false},"author":2,"featured_media":1865,"comment_status":"closed","ping_status":"open","sticky":false,"template":"","format":"standard","meta":{"footnotes":""},"categories":[19,85,5],"tags":[],"class_list":["post-1859","post","type-post","status-publish","format-standard","has-post-thumbnail","hentry","category-an-der-ruhr-universitaet-bochum","category-in-den-medien","category-unteruns"],"yoast_head":"<!-- This site is optimized with the Yoast SEO plugin v27.5 - https:\/\/yoast.com\/product\/yoast-seo-wordpress\/ -->\n<title>Neuerscheinung: Siedlungsdynamische Prozesse der Eisenzeit im Braunkohlerevier Inden-Weisweiler - unterIrdisch<\/title>\n<meta name=\"robots\" content=\"index, follow, max-snippet:-1, max-image-preview:large, max-video-preview:-1\" \/>\n<link rel=\"canonical\" href=\"https:\/\/unterirdis.ch\/wordpress\/2023\/07\/10\/neuerscheinung-siedlungsdynamische-prozesse-der-eisenzeit-im-braunkohlerevier-inden-weisweiler\/\" \/>\n<meta property=\"og:locale\" content=\"de_DE\" \/>\n<meta property=\"og:type\" content=\"article\" \/>\n<meta property=\"og:title\" content=\"Neuerscheinung: Siedlungsdynamische Prozesse der Eisenzeit im Braunkohlerevier Inden-Weisweiler - unterIrdisch\" \/>\n<meta property=\"og:description\" content=\"Sandra Peternek: Siedlungsdynamische Prozesse der Eisenzeit im Braunkohlerevier Inden-Weisweiler. Neuinterpretation einer Siedlungslandschaft im Rheinischen Braunkohlerevier Was ist eine Siedlung? Mit dieser Fragestellung besch\u00e4ftigte sich Frau Dr. Peternek in Ihrer Dissertation, [&hellip;]\" \/>\n<meta property=\"og:url\" content=\"https:\/\/unterirdis.ch\/wordpress\/2023\/07\/10\/neuerscheinung-siedlungsdynamische-prozesse-der-eisenzeit-im-braunkohlerevier-inden-weisweiler\/\" \/>\n<meta property=\"og:site_name\" content=\"unterIrdisch\" \/>\n<meta property=\"article:published_time\" content=\"2023-07-10T08:37:53+00:00\" \/>\n<meta property=\"article:modified_time\" content=\"2023-07-10T08:40:42+00:00\" \/>\n<meta property=\"og:image\" content=\"https:\/\/unterirdis.ch\/wp-content\/uploads\/2023\/07\/Siedlungsdynamische-Prozesse_Cover-scaled.jpg\" \/>\n\t<meta property=\"og:image:width\" content=\"1810\" \/>\n\t<meta property=\"og:image:height\" content=\"2560\" \/>\n\t<meta property=\"og:image:type\" content=\"image\/jpeg\" \/>\n<meta name=\"author\" content=\"Pia Patrizia Weber\" \/>\n<meta name=\"twitter:card\" content=\"summary_large_image\" \/>\n<meta name=\"twitter:creator\" content=\"@unterirdis_ch\" \/>\n<meta name=\"twitter:site\" content=\"@unterirdis_ch\" \/>\n<meta name=\"twitter:label1\" content=\"Verfasst von\" \/>\n\t<meta name=\"twitter:data1\" content=\"Pia Patrizia Weber\" \/>\n\t<meta name=\"twitter:label2\" content=\"Gesch\u00e4tzte Lesezeit\" \/>\n\t<meta name=\"twitter:data2\" content=\"2\u00a0Minuten\" \/>\n<script type=\"application\/ld+json\" class=\"yoast-schema-graph\">{\"@context\":\"https:\\\/\\\/schema.org\",\"@graph\":[{\"@type\":\"Article\",\"@id\":\"https:\\\/\\\/unterirdis.ch\\\/wordpress\\\/2023\\\/07\\\/10\\\/neuerscheinung-siedlungsdynamische-prozesse-der-eisenzeit-im-braunkohlerevier-inden-weisweiler\\\/#article\",\"isPartOf\":{\"@id\":\"https:\\\/\\\/unterirdis.ch\\\/wordpress\\\/2023\\\/07\\\/10\\\/neuerscheinung-siedlungsdynamische-prozesse-der-eisenzeit-im-braunkohlerevier-inden-weisweiler\\\/\"},\"author\":{\"name\":\"Pia Patrizia Weber\",\"@id\":\"https:\\\/\\\/unterirdis.ch\\\/wordpress\\\/#\\\/schema\\\/person\\\/e51321391df8a8104f4f9e7ea953fd72\"},\"headline\":\"Neuerscheinung: Siedlungsdynamische Prozesse der Eisenzeit im Braunkohlerevier Inden-Weisweiler\",\"datePublished\":\"2023-07-10T08:37:53+00:00\",\"dateModified\":\"2023-07-10T08:40:42+00:00\",\"mainEntityOfPage\":{\"@id\":\"https:\\\/\\\/unterirdis.ch\\\/wordpress\\\/2023\\\/07\\\/10\\\/neuerscheinung-siedlungsdynamische-prozesse-der-eisenzeit-im-braunkohlerevier-inden-weisweiler\\\/\"},\"wordCount\":236,\"publisher\":{\"@id\":\"https:\\\/\\\/unterirdis.ch\\\/wordpress\\\/#organization\"},\"image\":{\"@id\":\"https:\\\/\\\/unterirdis.ch\\\/wordpress\\\/2023\\\/07\\\/10\\\/neuerscheinung-siedlungsdynamische-prozesse-der-eisenzeit-im-braunkohlerevier-inden-weisweiler\\\/#primaryimage\"},\"thumbnailUrl\":\"https:\\\/\\\/unterirdis.ch\\\/wp-content\\\/uploads\\\/2023\\\/07\\\/Siedlungsdynamische-Prozesse_Cover-scaled.jpg\",\"articleSection\":[\"an der Ruhr-Universit\u00e4t Bochum\",\"In den Medien\",\"unterUns\"],\"inLanguage\":\"de\"},{\"@type\":\"WebPage\",\"@id\":\"https:\\\/\\\/unterirdis.ch\\\/wordpress\\\/2023\\\/07\\\/10\\\/neuerscheinung-siedlungsdynamische-prozesse-der-eisenzeit-im-braunkohlerevier-inden-weisweiler\\\/\",\"url\":\"https:\\\/\\\/unterirdis.ch\\\/wordpress\\\/2023\\\/07\\\/10\\\/neuerscheinung-siedlungsdynamische-prozesse-der-eisenzeit-im-braunkohlerevier-inden-weisweiler\\\/\",\"name\":\"Neuerscheinung: Siedlungsdynamische Prozesse der Eisenzeit im Braunkohlerevier Inden-Weisweiler - unterIrdisch\",\"isPartOf\":{\"@id\":\"https:\\\/\\\/unterirdis.ch\\\/wordpress\\\/#website\"},\"primaryImageOfPage\":{\"@id\":\"https:\\\/\\\/unterirdis.ch\\\/wordpress\\\/2023\\\/07\\\/10\\\/neuerscheinung-siedlungsdynamische-prozesse-der-eisenzeit-im-braunkohlerevier-inden-weisweiler\\\/#primaryimage\"},\"image\":{\"@id\":\"https:\\\/\\\/unterirdis.ch\\\/wordpress\\\/2023\\\/07\\\/10\\\/neuerscheinung-siedlungsdynamische-prozesse-der-eisenzeit-im-braunkohlerevier-inden-weisweiler\\\/#primaryimage\"},\"thumbnailUrl\":\"https:\\\/\\\/unterirdis.ch\\\/wp-content\\\/uploads\\\/2023\\\/07\\\/Siedlungsdynamische-Prozesse_Cover-scaled.jpg\",\"datePublished\":\"2023-07-10T08:37:53+00:00\",\"dateModified\":\"2023-07-10T08:40:42+00:00\",\"breadcrumb\":{\"@id\":\"https:\\\/\\\/unterirdis.ch\\\/wordpress\\\/2023\\\/07\\\/10\\\/neuerscheinung-siedlungsdynamische-prozesse-der-eisenzeit-im-braunkohlerevier-inden-weisweiler\\\/#breadcrumb\"},\"inLanguage\":\"de\",\"potentialAction\":[{\"@type\":\"ReadAction\",\"target\":[\"https:\\\/\\\/unterirdis.ch\\\/wordpress\\\/2023\\\/07\\\/10\\\/neuerscheinung-siedlungsdynamische-prozesse-der-eisenzeit-im-braunkohlerevier-inden-weisweiler\\\/\"]}]},{\"@type\":\"ImageObject\",\"inLanguage\":\"de\",\"@id\":\"https:\\\/\\\/unterirdis.ch\\\/wordpress\\\/2023\\\/07\\\/10\\\/neuerscheinung-siedlungsdynamische-prozesse-der-eisenzeit-im-braunkohlerevier-inden-weisweiler\\\/#primaryimage\",\"url\":\"https:\\\/\\\/unterirdis.ch\\\/wp-content\\\/uploads\\\/2023\\\/07\\\/Siedlungsdynamische-Prozesse_Cover-scaled.jpg\",\"contentUrl\":\"https:\\\/\\\/unterirdis.ch\\\/wp-content\\\/uploads\\\/2023\\\/07\\\/Siedlungsdynamische-Prozesse_Cover-scaled.jpg\",\"width\":1810,\"height\":2560},{\"@type\":\"BreadcrumbList\",\"@id\":\"https:\\\/\\\/unterirdis.ch\\\/wordpress\\\/2023\\\/07\\\/10\\\/neuerscheinung-siedlungsdynamische-prozesse-der-eisenzeit-im-braunkohlerevier-inden-weisweiler\\\/#breadcrumb\",\"itemListElement\":[{\"@type\":\"ListItem\",\"position\":1,\"name\":\"Startseite\",\"item\":\"https:\\\/\\\/unterirdis.ch\\\/wordpress\\\/\"},{\"@type\":\"ListItem\",\"position\":2,\"name\":\"Neuerscheinung: Siedlungsdynamische Prozesse der Eisenzeit im Braunkohlerevier Inden-Weisweiler\"}]},{\"@type\":\"WebSite\",\"@id\":\"https:\\\/\\\/unterirdis.ch\\\/wordpress\\\/#website\",\"url\":\"https:\\\/\\\/unterirdis.ch\\\/wordpress\\\/\",\"name\":\"unterIrdisch - der Science-Blog aus dem Haus der Arch\u00e4ologien\",\"description\":\"der Science-Blog aus dem Haus der Arch\u00e4ologien\",\"publisher\":{\"@id\":\"https:\\\/\\\/unterirdis.ch\\\/wordpress\\\/#organization\"},\"alternateName\":\"unterIrdisch\",\"potentialAction\":[{\"@type\":\"SearchAction\",\"target\":{\"@type\":\"EntryPoint\",\"urlTemplate\":\"https:\\\/\\\/unterirdis.ch\\\/wordpress\\\/?s={search_term_string}\"},\"query-input\":{\"@type\":\"PropertyValueSpecification\",\"valueRequired\":true,\"valueName\":\"search_term_string\"}}],\"inLanguage\":\"de\"},{\"@type\":\"Organization\",\"@id\":\"https:\\\/\\\/unterirdis.ch\\\/wordpress\\\/#organization\",\"name\":\"unterIrdisch - der Science-Blog aus dem Haus der Arch\u00e4ologien\",\"alternateName\":\"unterIrdisch\",\"url\":\"https:\\\/\\\/unterirdis.ch\\\/wordpress\\\/\",\"logo\":{\"@type\":\"ImageObject\",\"inLanguage\":\"de\",\"@id\":\"https:\\\/\\\/unterirdis.ch\\\/wordpress\\\/#\\\/schema\\\/logo\\\/image\\\/\",\"url\":\"https:\\\/\\\/unterirdis.ch\\\/wp-content\\\/uploads\\\/2022\\\/03\\\/logo_3000p-scaled.jpg\",\"contentUrl\":\"https:\\\/\\\/unterirdis.ch\\\/wp-content\\\/uploads\\\/2022\\\/03\\\/logo_3000p-scaled.jpg\",\"width\":2560,\"height\":2560,\"caption\":\"unterIrdisch - der Science-Blog aus dem Haus der Arch\u00e4ologien\"},\"image\":{\"@id\":\"https:\\\/\\\/unterirdis.ch\\\/wordpress\\\/#\\\/schema\\\/logo\\\/image\\\/\"},\"sameAs\":[\"https:\\\/\\\/x.com\\\/unterirdis_ch\",\"https:\\\/\\\/instagram.com\\\/unterirdis.ch\",\"https:\\\/\\\/www.youtube.com\\\/channel\\\/UCWj0o58Zp9pOrkbG3Xh2C4Q\"]},{\"@type\":\"Person\",\"@id\":\"https:\\\/\\\/unterirdis.ch\\\/wordpress\\\/#\\\/schema\\\/person\\\/e51321391df8a8104f4f9e7ea953fd72\",\"name\":\"Pia Patrizia Weber\",\"image\":{\"@type\":\"ImageObject\",\"inLanguage\":\"de\",\"@id\":\"https:\\\/\\\/unterirdis.ch\\\/wp-content\\\/uploads\\\/2023\\\/03\\\/cropped-15C21EA0-B159-4A1C-970A-74B06A107D9D-scaled-1-96x96.jpg\",\"url\":\"https:\\\/\\\/unterirdis.ch\\\/wp-content\\\/uploads\\\/2023\\\/03\\\/cropped-15C21EA0-B159-4A1C-970A-74B06A107D9D-scaled-1-96x96.jpg\",\"contentUrl\":\"https:\\\/\\\/unterirdis.ch\\\/wp-content\\\/uploads\\\/2023\\\/03\\\/cropped-15C21EA0-B159-4A1C-970A-74B06A107D9D-scaled-1-96x96.jpg\",\"caption\":\"Pia Patrizia Weber\"},\"description\":\"Pia ist wissenschaftliche Mitarbeiterin am Deutschen Bergbau-Museum Bochum.\",\"url\":\"https:\\\/\\\/unterirdis.ch\\\/wordpress\\\/author\\\/pweber\\\/\"}]}<\/script>\n<!-- \/ Yoast SEO plugin. -->","yoast_head_json":{"title":"Neuerscheinung: Siedlungsdynamische Prozesse der Eisenzeit im Braunkohlerevier Inden-Weisweiler - unterIrdisch","robots":{"index":"index","follow":"follow","max-snippet":"max-snippet:-1","max-image-preview":"max-image-preview:large","max-video-preview":"max-video-preview:-1"},"canonical":"https:\/\/unterirdis.ch\/wordpress\/2023\/07\/10\/neuerscheinung-siedlungsdynamische-prozesse-der-eisenzeit-im-braunkohlerevier-inden-weisweiler\/","og_locale":"de_DE","og_type":"article","og_title":"Neuerscheinung: Siedlungsdynamische Prozesse der Eisenzeit im Braunkohlerevier Inden-Weisweiler - unterIrdisch","og_description":"Sandra Peternek: Siedlungsdynamische Prozesse der Eisenzeit im Braunkohlerevier Inden-Weisweiler. Neuinterpretation einer Siedlungslandschaft im Rheinischen Braunkohlerevier Was ist eine Siedlung? Mit dieser Fragestellung besch\u00e4ftigte sich Frau Dr. Peternek in Ihrer Dissertation, [&hellip;]","og_url":"https:\/\/unterirdis.ch\/wordpress\/2023\/07\/10\/neuerscheinung-siedlungsdynamische-prozesse-der-eisenzeit-im-braunkohlerevier-inden-weisweiler\/","og_site_name":"unterIrdisch","article_published_time":"2023-07-10T08:37:53+00:00","article_modified_time":"2023-07-10T08:40:42+00:00","og_image":[{"width":1810,"height":2560,"url":"https:\/\/unterirdis.ch\/wp-content\/uploads\/2023\/07\/Siedlungsdynamische-Prozesse_Cover-scaled.jpg","type":"image\/jpeg"}],"author":"Pia Patrizia Weber","twitter_card":"summary_large_image","twitter_creator":"@unterirdis_ch","twitter_site":"@unterirdis_ch","twitter_misc":{"Verfasst von":"Pia Patrizia Weber","Gesch\u00e4tzte Lesezeit":"2\u00a0Minuten"},"schema":{"@context":"https:\/\/schema.org","@graph":[{"@type":"Article","@id":"https:\/\/unterirdis.ch\/wordpress\/2023\/07\/10\/neuerscheinung-siedlungsdynamische-prozesse-der-eisenzeit-im-braunkohlerevier-inden-weisweiler\/#article","isPartOf":{"@id":"https:\/\/unterirdis.ch\/wordpress\/2023\/07\/10\/neuerscheinung-siedlungsdynamische-prozesse-der-eisenzeit-im-braunkohlerevier-inden-weisweiler\/"},"author":{"name":"Pia Patrizia Weber","@id":"https:\/\/unterirdis.ch\/wordpress\/#\/schema\/person\/e51321391df8a8104f4f9e7ea953fd72"},"headline":"Neuerscheinung: Siedlungsdynamische Prozesse der Eisenzeit im Braunkohlerevier Inden-Weisweiler","datePublished":"2023-07-10T08:37:53+00:00","dateModified":"2023-07-10T08:40:42+00:00","mainEntityOfPage":{"@id":"https:\/\/unterirdis.ch\/wordpress\/2023\/07\/10\/neuerscheinung-siedlungsdynamische-prozesse-der-eisenzeit-im-braunkohlerevier-inden-weisweiler\/"},"wordCount":236,"publisher":{"@id":"https:\/\/unterirdis.ch\/wordpress\/#organization"},"image":{"@id":"https:\/\/unterirdis.ch\/wordpress\/2023\/07\/10\/neuerscheinung-siedlungsdynamische-prozesse-der-eisenzeit-im-braunkohlerevier-inden-weisweiler\/#primaryimage"},"thumbnailUrl":"https:\/\/unterirdis.ch\/wp-content\/uploads\/2023\/07\/Siedlungsdynamische-Prozesse_Cover-scaled.jpg","articleSection":["an der Ruhr-Universit\u00e4t Bochum","In den Medien","unterUns"],"inLanguage":"de"},{"@type":"WebPage","@id":"https:\/\/unterirdis.ch\/wordpress\/2023\/07\/10\/neuerscheinung-siedlungsdynamische-prozesse-der-eisenzeit-im-braunkohlerevier-inden-weisweiler\/","url":"https:\/\/unterirdis.ch\/wordpress\/2023\/07\/10\/neuerscheinung-siedlungsdynamische-prozesse-der-eisenzeit-im-braunkohlerevier-inden-weisweiler\/","name":"Neuerscheinung: Siedlungsdynamische Prozesse der Eisenzeit im Braunkohlerevier Inden-Weisweiler - unterIrdisch","isPartOf":{"@id":"https:\/\/unterirdis.ch\/wordpress\/#website"},"primaryImageOfPage":{"@id":"https:\/\/unterirdis.ch\/wordpress\/2023\/07\/10\/neuerscheinung-siedlungsdynamische-prozesse-der-eisenzeit-im-braunkohlerevier-inden-weisweiler\/#primaryimage"},"image":{"@id":"https:\/\/unterirdis.ch\/wordpress\/2023\/07\/10\/neuerscheinung-siedlungsdynamische-prozesse-der-eisenzeit-im-braunkohlerevier-inden-weisweiler\/#primaryimage"},"thumbnailUrl":"https:\/\/unterirdis.ch\/wp-content\/uploads\/2023\/07\/Siedlungsdynamische-Prozesse_Cover-scaled.jpg","datePublished":"2023-07-10T08:37:53+00:00","dateModified":"2023-07-10T08:40:42+00:00","breadcrumb":{"@id":"https:\/\/unterirdis.ch\/wordpress\/2023\/07\/10\/neuerscheinung-siedlungsdynamische-prozesse-der-eisenzeit-im-braunkohlerevier-inden-weisweiler\/#breadcrumb"},"inLanguage":"de","potentialAction":[{"@type":"ReadAction","target":["https:\/\/unterirdis.ch\/wordpress\/2023\/07\/10\/neuerscheinung-siedlungsdynamische-prozesse-der-eisenzeit-im-braunkohlerevier-inden-weisweiler\/"]}]},{"@type":"ImageObject","inLanguage":"de","@id":"https:\/\/unterirdis.ch\/wordpress\/2023\/07\/10\/neuerscheinung-siedlungsdynamische-prozesse-der-eisenzeit-im-braunkohlerevier-inden-weisweiler\/#primaryimage","url":"https:\/\/unterirdis.ch\/wp-content\/uploads\/2023\/07\/Siedlungsdynamische-Prozesse_Cover-scaled.jpg","contentUrl":"https:\/\/unterirdis.ch\/wp-content\/uploads\/2023\/07\/Siedlungsdynamische-Prozesse_Cover-scaled.jpg","width":1810,"height":2560},{"@type":"BreadcrumbList","@id":"https:\/\/unterirdis.ch\/wordpress\/2023\/07\/10\/neuerscheinung-siedlungsdynamische-prozesse-der-eisenzeit-im-braunkohlerevier-inden-weisweiler\/#breadcrumb","itemListElement":[{"@type":"ListItem","position":1,"name":"Startseite","item":"https:\/\/unterirdis.ch\/wordpress\/"},{"@type":"ListItem","position":2,"name":"Neuerscheinung: Siedlungsdynamische Prozesse der Eisenzeit im Braunkohlerevier Inden-Weisweiler"}]},{"@type":"WebSite","@id":"https:\/\/unterirdis.ch\/wordpress\/#website","url":"https:\/\/unterirdis.ch\/wordpress\/","name":"unterIrdisch - der Science-Blog aus dem Haus der Arch\u00e4ologien","description":"der Science-Blog aus dem Haus der Arch\u00e4ologien","publisher":{"@id":"https:\/\/unterirdis.ch\/wordpress\/#organization"},"alternateName":"unterIrdisch","potentialAction":[{"@type":"SearchAction","target":{"@type":"EntryPoint","urlTemplate":"https:\/\/unterirdis.ch\/wordpress\/?s={search_term_string}"},"query-input":{"@type":"PropertyValueSpecification","valueRequired":true,"valueName":"search_term_string"}}],"inLanguage":"de"},{"@type":"Organization","@id":"https:\/\/unterirdis.ch\/wordpress\/#organization","name":"unterIrdisch - der Science-Blog aus dem Haus der Arch\u00e4ologien","alternateName":"unterIrdisch","url":"https:\/\/unterirdis.ch\/wordpress\/","logo":{"@type":"ImageObject","inLanguage":"de","@id":"https:\/\/unterirdis.ch\/wordpress\/#\/schema\/logo\/image\/","url":"https:\/\/unterirdis.ch\/wp-content\/uploads\/2022\/03\/logo_3000p-scaled.jpg","contentUrl":"https:\/\/unterirdis.ch\/wp-content\/uploads\/2022\/03\/logo_3000p-scaled.jpg","width":2560,"height":2560,"caption":"unterIrdisch - der Science-Blog aus dem Haus der Arch\u00e4ologien"},"image":{"@id":"https:\/\/unterirdis.ch\/wordpress\/#\/schema\/logo\/image\/"},"sameAs":["https:\/\/x.com\/unterirdis_ch","https:\/\/instagram.com\/unterirdis.ch","https:\/\/www.youtube.com\/channel\/UCWj0o58Zp9pOrkbG3Xh2C4Q"]},{"@type":"Person","@id":"https:\/\/unterirdis.ch\/wordpress\/#\/schema\/person\/e51321391df8a8104f4f9e7ea953fd72","name":"Pia Patrizia Weber","image":{"@type":"ImageObject","inLanguage":"de","@id":"https:\/\/unterirdis.ch\/wp-content\/uploads\/2023\/03\/cropped-15C21EA0-B159-4A1C-970A-74B06A107D9D-scaled-1-96x96.jpg","url":"https:\/\/unterirdis.ch\/wp-content\/uploads\/2023\/03\/cropped-15C21EA0-B159-4A1C-970A-74B06A107D9D-scaled-1-96x96.jpg","contentUrl":"https:\/\/unterirdis.ch\/wp-content\/uploads\/2023\/03\/cropped-15C21EA0-B159-4A1C-970A-74B06A107D9D-scaled-1-96x96.jpg","caption":"Pia Patrizia Weber"},"description":"Pia ist wissenschaftliche Mitarbeiterin am Deutschen Bergbau-Museum Bochum.","url":"https:\/\/unterirdis.ch\/wordpress\/author\/pweber\/"}]}},"_links":{"self":[{"href":"https:\/\/unterirdis.ch\/wordpress\/wp-json\/wp\/v2\/posts\/1859","targetHints":{"allow":["GET"]}}],"collection":[{"href":"https:\/\/unterirdis.ch\/wordpress\/wp-json\/wp\/v2\/posts"}],"about":[{"href":"https:\/\/unterirdis.ch\/wordpress\/wp-json\/wp\/v2\/types\/post"}],"author":[{"embeddable":true,"href":"https:\/\/unterirdis.ch\/wordpress\/wp-json\/wp\/v2\/users\/2"}],"replies":[{"embeddable":true,"href":"https:\/\/unterirdis.ch\/wordpress\/wp-json\/wp\/v2\/comments?post=1859"}],"version-history":[{"count":0,"href":"https:\/\/unterirdis.ch\/wordpress\/wp-json\/wp\/v2\/posts\/1859\/revisions"}],"wp:featuredmedia":[{"embeddable":true,"href":"https:\/\/unterirdis.ch\/wordpress\/wp-json\/wp\/v2\/media\/1865"}],"wp:attachment":[{"href":"https:\/\/unterirdis.ch\/wordpress\/wp-json\/wp\/v2\/media?parent=1859"}],"wp:term":[{"taxonomy":"category","embeddable":true,"href":"https:\/\/unterirdis.ch\/wordpress\/wp-json\/wp\/v2\/categories?post=1859"},{"taxonomy":"post_tag","embeddable":true,"href":"https:\/\/unterirdis.ch\/wordpress\/wp-json\/wp\/v2\/tags?post=1859"}],"curies":[{"name":"wp","href":"https:\/\/api.w.org\/{rel}","templated":true}]}}