{"id":1585,"date":"2023-02-08T10:22:15","date_gmt":"2023-02-08T09:22:15","guid":{"rendered":"https:\/\/unterirdis.ch\/wordpress\/?p=1585"},"modified":"2023-02-08T10:27:51","modified_gmt":"2023-02-08T09:27:51","slug":"drei-tage-tag-edinburgh-2022-revolutions","status":"publish","type":"post","link":"https:\/\/unterirdis.ch\/wordpress\/2023\/02\/08\/drei-tage-tag-edinburgh-2022-revolutions\/","title":{"rendered":"Drei Tage TAG Edinburgh 2022 \u2013 \u201cRevolutions\u201d\u200b"},"content":{"rendered":"\t\t<div data-elementor-type=\"wp-post\" data-elementor-id=\"1585\" class=\"elementor elementor-1585\" data-elementor-post-type=\"post\">\n\t\t\t\t\t\t<section class=\"elementor-section elementor-top-section elementor-element elementor-element-7386c4f elementor-section-boxed elementor-section-height-default elementor-section-height-default\" data-id=\"7386c4f\" data-element_type=\"section\" data-e-type=\"section\">\n\t\t\t\t\t\t<div class=\"elementor-container elementor-column-gap-default\">\n\t\t\t\t\t<div class=\"elementor-column elementor-col-100 elementor-top-column elementor-element elementor-element-4bd8c6d\" data-id=\"4bd8c6d\" data-element_type=\"column\" data-e-type=\"column\">\n\t\t\t<div class=\"elementor-widget-wrap elementor-element-populated\">\n\t\t\t\t\t\t<div class=\"elementor-element elementor-element-c6afada elementor-widget elementor-widget-text-editor\" data-id=\"c6afada\" data-element_type=\"widget\" data-e-type=\"widget\" data-widget_type=\"text-editor.default\">\n\t\t\t\t<div class=\"elementor-widget-container\">\n\t\t\t\t\t\t\t\t\t<p>F\u00fcr den sprichw\u00f6rtlichen Blick \u00fcber den eigenen Tellerrand war es mir dankenswerterweise durch ReForum m\u00f6glich, an der 43. Konferenz der Theoretical Archaeology Group (TAG) in Edinburgh teilzunehmen. Vor der malerischen Kulisse des Holyrood Parks im Herzen der Stadt st\u00fcrzte ich mich in drei intensive Tage voller Neugierde, vielf\u00e4ltiger Themen, fachlicher Diskussionen und heiterer Gespr\u00e4che, die in den Pausen immer wieder von der Erkenntnis begleitet wurden, dass es den Brit:innen nicht gelingt, einen anst\u00e4ndigen Kaffee zu kochen.\u00a0<\/p><p>\u00a0<\/p>\t\t\t\t\t\t\t\t<\/div>\n\t\t\t\t<\/div>\n\t\t\t\t\t<\/div>\n\t\t<\/div>\n\t\t\t\t\t<\/div>\n\t\t<\/section>\n\t\t\t\t<section class=\"elementor-section elementor-top-section elementor-element elementor-element-412c0f0 elementor-section-boxed elementor-section-height-default elementor-section-height-default\" data-id=\"412c0f0\" data-element_type=\"section\" data-e-type=\"section\">\n\t\t\t\t\t\t<div class=\"elementor-container elementor-column-gap-default\">\n\t\t\t\t\t<div class=\"elementor-column elementor-col-50 elementor-top-column elementor-element elementor-element-ec732a4\" data-id=\"ec732a4\" data-element_type=\"column\" data-e-type=\"column\">\n\t\t\t<div class=\"elementor-widget-wrap elementor-element-populated\">\n\t\t\t\t\t\t<div class=\"elementor-element elementor-element-c8fed6a elementor-widget elementor-widget-text-editor\" data-id=\"c8fed6a\" data-element_type=\"widget\" data-e-type=\"widget\" data-widget_type=\"text-editor.default\">\n\t\t\t\t<div class=\"elementor-widget-container\">\n\t\t\t\t\t\t\t\t\t<p>Auch wenn die landesweiten Streiks im Verkehrs- und Gesundheitswesen leider zum Ausfall einiger Vortr\u00e4ge f\u00fchrten, schm\u00e4lerte dies kaum die Bandbreite an internationalen und interdisziplin\u00e4ren Beitr\u00e4gen (<a href=\"https:\/\/tagedinburgh2022.files.wordpress.com\/2022\/12\/tag-2022-abstract-book.pdf.\">Link zu den Abstracts<\/a><a href=\"https:\/\/reform.ressourcencampus-bochum.de\/drei-tage-tag-edinburgh-2022-revolutions\/?elementor-preview=6161&amp;ver=1675848032#_ftn1\" name=\"_ftnref1\">[1]<\/a>).\u00a0Trotz der planerischen Herausforderung des Session-Hoppings, konnte ich vielen unterschiedlichen Themen lauschen, die mir f\u00fcr meine eigene Theoriebildung und deren Umsetzung neue Perspektiven und Ideen er\u00f6ffneten. Einige Aspekte, abgesehen vom Festvortrag David Wengrows<a href=\"https:\/\/reform.ressourcencampus-bochum.de\/drei-tage-tag-edinburgh-2022-revolutions\/?elementor-preview=6161&amp;ver=1675846875#_ftn2\" name=\"_ftnref2\">[2]<\/a>\u00a0und speziell eisenzeitlichen Thematiken und Sessions, will ich hervorheben:<\/p>\t\t\t\t\t\t\t\t<\/div>\n\t\t\t\t<\/div>\n\t\t\t\t\t<\/div>\n\t\t<\/div>\n\t\t\t\t<div class=\"elementor-column elementor-col-50 elementor-top-column elementor-element elementor-element-875dc83\" data-id=\"875dc83\" data-element_type=\"column\" data-e-type=\"column\">\n\t\t\t<div class=\"elementor-widget-wrap elementor-element-populated\">\n\t\t\t\t\t\t<div class=\"elementor-element elementor-element-6f5301b elementor-widget elementor-widget-image\" data-id=\"6f5301b\" data-element_type=\"widget\" data-e-type=\"widget\" data-widget_type=\"image.default\">\n\t\t\t\t<div class=\"elementor-widget-container\">\n\t\t\t\t\t\t\t\t\t\t\t\t\t\t\t<img fetchpriority=\"high\" decoding=\"async\" width=\"702\" height=\"307\" src=\"https:\/\/unterirdis.ch\/wp-content\/uploads\/2023\/02\/TAG22.png\" class=\"attachment-large size-large wp-image-1586\" alt=\"\" srcset=\"https:\/\/unterirdis.ch\/wp-content\/uploads\/2023\/02\/TAG22.png 702w, https:\/\/unterirdis.ch\/wp-content\/uploads\/2023\/02\/TAG22-300x131.png 300w\" sizes=\"(max-width: 702px) 100vw, 702px\" \/>\t\t\t\t\t\t\t\t\t\t\t\t\t\t\t<\/div>\n\t\t\t\t<\/div>\n\t\t\t\t\t<\/div>\n\t\t<\/div>\n\t\t\t\t\t<\/div>\n\t\t<\/section>\n\t\t\t\t<section class=\"elementor-section elementor-top-section elementor-element elementor-element-bf8e30d elementor-section-boxed elementor-section-height-default elementor-section-height-default\" data-id=\"bf8e30d\" data-element_type=\"section\" data-e-type=\"section\">\n\t\t\t\t\t\t<div class=\"elementor-container elementor-column-gap-default\">\n\t\t\t\t\t<div class=\"elementor-column elementor-col-100 elementor-top-column elementor-element elementor-element-696acd0\" data-id=\"696acd0\" data-element_type=\"column\" data-e-type=\"column\">\n\t\t\t<div class=\"elementor-widget-wrap elementor-element-populated\">\n\t\t\t\t\t\t<div class=\"elementor-element elementor-element-bfa06f8 elementor-widget elementor-widget-text-editor\" data-id=\"bfa06f8\" data-element_type=\"widget\" data-e-type=\"widget\" data-widget_type=\"text-editor.default\">\n\t\t\t\t<div class=\"elementor-widget-container\">\n\t\t\t\t\t\t\t\t\t<p>Die Session \u2018Absence: perspectives from archaeology and heritage\u2019 stellte sowohl einzelne Funde als auch ganze Regionen in den Mittelpunkt und diskutierte die M\u00f6glichkeiten, die sich f\u00fcr die Arch\u00e4ologie aus der Auseinandersetzung mit Abwesenheit ergeben. So stellten beispielweise Rebecca Rennell und Emily Gal<a href=\"https:\/\/reform.ressourcencampus-bochum.de\/drei-tage-tag-edinburgh-2022-revolutions\/?elementor-preview=6161&amp;ver=1675846875#_ftn3\" name=\"_ftnref3\">[3]<\/a>\u00a0die Abgelegenheit (remoteness) der \u00c4u\u00dferen Hebriden in der Bronzezeit und der Moderne zur Debatte. Sie warfen die Frage auf, ob Inseln als abgelegene Orte eher einen modernen Auffindungsfilter widerspiegeln, anstatt einem gelebten pr\u00e4historischen Raumverst\u00e4ndnis. \u201aRemoteness\u2018 in diesem Sinne spielte aus forschungsgeschichtlicher Sicht f\u00fcr S\u00fcdwestfalen eine erhebliche Rolle. Aber es kann auch gefragt werden, wie die allt\u00e4glichen Raumpraktiken der Eisenzeit die \u201aAbgeschiedenheit\u2018 bestimmter Orte erzeugten und wie sich diese siedlungsdynamisch auswirkten.<\/p><p>Besonders spannend war die ganzt\u00e4gige Session \u2018An Archaeology of Non-human Life\u2019. Die Analyse von chalkolithischen Befestigungsanlagen als lebende Architekturen<a href=\"https:\/\/reform.ressourcencampus-bochum.de\/drei-tage-tag-edinburgh-2022-revolutions\/?elementor-preview=6161&amp;ver=1675846875#_ftn4\" name=\"_ftnref4\">[4]<\/a>\u00a0oder eines kretischen bronzezeitlichen Grabkomplexes hinsichtlich seiner verschiedenen Auswirkungen auf Bewegungen, Sinneswahrnehmungen und spezifische Bestattungspraktiken<a href=\"https:\/\/reform.ressourcencampus-bochum.de\/drei-tage-tag-edinburgh-2022-revolutions\/?elementor-preview=6161&amp;ver=1675846875#_ftn5\" name=\"_ftnref5\">[5]<\/a>, gaben mir als Anwendungsbeispiele neue Impulse zur eigenen Methodik. Aber es waren vor allem die Ans\u00e4tze zur Beziehung von Menschen und anderen Lebewesen, die meine Aufmerksamkeit auch unabh\u00e4ngig von meiner eigenen Fragestellung erregten. So standen insbesondere Bieber mit ihren \u201alandschaftsformenden Geopraktiken\u2018<a href=\"https:\/\/reform.ressourcencampus-bochum.de\/drei-tage-tag-edinburgh-2022-revolutions\/?elementor-preview=6161&amp;ver=1675846875#_ftn6\" name=\"_ftnref6\">[6]<\/a>\u00a0und interdisziplin\u00e4re Forschungen zu Rentier-Mensch-Beziehungen<a href=\"https:\/\/reform.ressourcencampus-bochum.de\/drei-tage-tag-edinburgh-2022-revolutions\/?elementor-preview=6161&amp;ver=1675846875#_ftn7\" name=\"_ftnref7\">[7]<\/a>\u00a0im Vordergrund. Auch wenn in S\u00fcdwestfalen kaum direkte Hinweise auf Mensch-Lebewesen-Relationen existieren (abgesehen von einzelnen Pollenanalysen), sollten solche als wichtige Faktoren einer Praxisraum-bezogenen Landschaftsarch\u00e4ologie im Sinne von \u201aLife Worlds\u2018 stets mitschwingen.<\/p>\t\t\t\t\t\t\t\t<\/div>\n\t\t\t\t<\/div>\n\t\t\t\t\t<\/div>\n\t\t<\/div>\n\t\t\t\t\t<\/div>\n\t\t<\/section>\n\t\t\t\t<section class=\"elementor-section elementor-top-section elementor-element elementor-element-8d939f0 elementor-section-boxed elementor-section-height-default elementor-section-height-default\" data-id=\"8d939f0\" data-element_type=\"section\" data-e-type=\"section\">\n\t\t\t\t\t\t<div class=\"elementor-container elementor-column-gap-default\">\n\t\t\t\t\t<div class=\"elementor-column elementor-col-50 elementor-top-column elementor-element elementor-element-1f9301e\" data-id=\"1f9301e\" data-element_type=\"column\" data-e-type=\"column\">\n\t\t\t<div class=\"elementor-widget-wrap elementor-element-populated\">\n\t\t\t\t\t\t<div class=\"elementor-element elementor-element-7b31264 elementor-widget elementor-widget-text-editor\" data-id=\"7b31264\" data-element_type=\"widget\" data-e-type=\"widget\" data-widget_type=\"text-editor.default\">\n\t\t\t\t<div class=\"elementor-widget-container\">\n\t\t\t\t\t\t\t\t\t<p>Auch in Bezug auf Deponierungen und deren spezifischen Praktiken (\u2018Deposition in detail \u2013 has there been a revolution, or have we missed it? \u2019) ergaben sich interessante Ans\u00e4tze aus den Arbeiten von Lindsey B\u00fcster<a href=\"https:\/\/reform.ressourcencampus-bochum.de\/drei-tage-tag-edinburgh-2022-revolutions\/?elementor-preview=6161&amp;ver=1675846875#_ftn8\" name=\"_ftnref8\">[8]<\/a>\u00a0und Sabrina N. Autenrieth<a href=\"https:\/\/reform.ressourcencampus-bochum.de\/drei-tage-tag-edinburgh-2022-revolutions\/?elementor-preview=6161&amp;ver=1675846875#_ftn9\" name=\"_ftnref9\">[9]<\/a>. B\u00fcster diskutierte die Emotionalit\u00e4t und Praktiken hinter Einzeldepots in sp\u00e4teisenzeitlichen Rundh\u00e4usern, die mehrheitlich aus Objektgruppen stammen, denen wenig materieller oder symbolischer Wert zugesprochen werden. Sie argumentierte, dass diese durch assoziierte pers\u00f6nliche Erinnerungen und Gef\u00fchle zu Relikten des Allt\u00e4glichen w\u00fcrden und daher eine besondere Behandlung erf\u00fchren. Autenrieth stellte die herk\u00f6mmliche Kategorisierung von bronzezeitlichen Hortfunden in Typen- oder Funktionsgruppen im Rheintal in Frage und zeigte Alternativen auf, die sich auf die Relation der Funde zum menschlichen K\u00f6rper beziehen (on-body, in-hand, non-body). In Kombination mit Edward T. Halls Idee der Proxemik (intimate space, personal space, social space) befragte sie au\u00dferdem private Niederlegungspraktiken \u201ak\u00f6rpernaher\u2018 Depots gegen\u00fcber \u00f6ffentlichen Gruppenaktivit\u00e4ten. Die sozialr\u00e4umlichen Aspekte, die sich insbesondere aus dem zweiten Beispiel ergeben, k\u00f6nnten f\u00fcr die Horte und Einzelfunde auf den s\u00fcdwestf\u00e4lischen Wallburgen eine neue Komponente er\u00f6ffnen.<\/p>\t\t\t\t\t\t\t\t<\/div>\n\t\t\t\t<\/div>\n\t\t\t\t\t<\/div>\n\t\t<\/div>\n\t\t\t\t<div class=\"elementor-column elementor-col-50 elementor-top-column elementor-element elementor-element-db18034\" data-id=\"db18034\" data-element_type=\"column\" data-e-type=\"column\">\n\t\t\t<div class=\"elementor-widget-wrap elementor-element-populated\">\n\t\t\t\t\t\t<div class=\"elementor-element elementor-element-5689e61 elementor-widget elementor-widget-image\" data-id=\"5689e61\" data-element_type=\"widget\" data-e-type=\"widget\" data-widget_type=\"image.default\">\n\t\t\t\t<div class=\"elementor-widget-container\">\n\t\t\t\t\t\t\t\t\t\t\t\t\t\t\t<img decoding=\"async\" width=\"768\" height=\"1024\" src=\"https:\/\/unterirdis.ch\/wp-content\/uploads\/2023\/02\/IMG_20221215_100039-768x1024.jpg\" class=\"attachment-medium_large size-medium_large wp-image-1587\" alt=\"\" srcset=\"https:\/\/unterirdis.ch\/wp-content\/uploads\/2023\/02\/IMG_20221215_100039-768x1024.jpg 768w, https:\/\/unterirdis.ch\/wp-content\/uploads\/2023\/02\/IMG_20221215_100039-225x300.jpg 225w, https:\/\/unterirdis.ch\/wp-content\/uploads\/2023\/02\/IMG_20221215_100039-1152x1536.jpg 1152w, https:\/\/unterirdis.ch\/wp-content\/uploads\/2023\/02\/IMG_20221215_100039-1536x2048.jpg 1536w, https:\/\/unterirdis.ch\/wp-content\/uploads\/2023\/02\/IMG_20221215_100039-scaled.jpg 1920w\" sizes=\"(max-width: 768px) 100vw, 768px\" \/>\t\t\t\t\t\t\t\t\t\t\t\t\t\t\t<\/div>\n\t\t\t\t<\/div>\n\t\t\t\t\t<\/div>\n\t\t<\/div>\n\t\t\t\t\t<\/div>\n\t\t<\/section>\n\t\t\t\t<section class=\"elementor-section elementor-top-section elementor-element elementor-element-bb90c06 elementor-section-boxed elementor-section-height-default elementor-section-height-default\" data-id=\"bb90c06\" data-element_type=\"section\" data-e-type=\"section\">\n\t\t\t\t\t\t<div class=\"elementor-container elementor-column-gap-default\">\n\t\t\t\t\t<div class=\"elementor-column elementor-col-100 elementor-top-column elementor-element elementor-element-e9f9e60\" data-id=\"e9f9e60\" data-element_type=\"column\" data-e-type=\"column\">\n\t\t\t<div class=\"elementor-widget-wrap elementor-element-populated\">\n\t\t\t\t\t\t<div class=\"elementor-element elementor-element-c9ef26f elementor-widget elementor-widget-text-editor\" data-id=\"c9ef26f\" data-element_type=\"widget\" data-e-type=\"widget\" data-widget_type=\"text-editor.default\">\n\t\t\t\t<div class=\"elementor-widget-container\">\n\t\t\t\t\t\t\t\t\t<p>Zu guter Letzt noch einige Worte zu der, wie die Organisator:innen selbstironisch zugaben, Nerd-Session \u2018The Elder Trowels: What have archaeologists learnt from time spent in Tamriel (etc.)?\u2019, die ich spontan aufsuchte. Das \u201aetc.\u2018 bezog sich beispielsweise auf den Virtuellen Raum im Allgemeinen oder auf Computerspiele wie The Elder Scrolls und The Legend of Zelda, auf Comic-Superhelden aber auch auf die Fantasywelt von Game of Thrones. W\u00e4hrend die Burganlagen der Letzteren nach allen Mitteln der GIS-Kunst kartiert und analysiert wurden, um die Materialit\u00e4t einer immateriellen Welt zu untersuchen<a href=\"https:\/\/reform.ressourcencampus-bochum.de\/drei-tage-tag-edinburgh-2022-revolutions\/?elementor-preview=6161&amp;ver=1675846875#_ftn10\" name=\"_ftnref10\">[10]<\/a>, diskutierte Mikel Herr\u00e1n<a href=\"https:\/\/reform.ressourcencampus-bochum.de\/drei-tage-tag-edinburgh-2022-revolutions\/?elementor-preview=6161&amp;ver=1675846875#_ftn11\" name=\"_ftnref11\">[11]<\/a>\u00a0die Temporalit\u00e4t und Dynamik von imaginierten Landschaften. Stephanie Aulsebrook<a href=\"https:\/\/reform.ressourcencampus-bochum.de\/drei-tage-tag-edinburgh-2022-revolutions\/?elementor-preview=6161&amp;ver=1675846875#_ftn12\" name=\"_ftnref12\">[12]<\/a>\u00a0befasste sich mit den Wahrnehmungen von Metallen und der Frage, wer welche (sozial erworbenen) F\u00e4higkeiten ben\u00f6tigte, um deren verarbeiteten Endprodukte \u00fcberhaupt nutzen zu d\u00fcrfen. Diese Sitzung verdeutlicht mir insbesondere, wie viel Potenzial manchmal im \u201eUm-die-Ecke-Denken\u201c steckt.<\/p><p>Mein Dank gilt ReForum, f\u00fcr die M\u00f6glichkeit an dieser Tagung teilzunehmen und ich hoffe, die aufgezeigten Ideen und Perspektiven sinnvoll in meine eigene Arbeit einflie\u00dfen zu lassen. Auch wenn ich den Gewinner:innen des Antiquity-Quiz nicht das Wasser reichen konnte, waren es doch die pers\u00f6nlichen Zusammentreffen bei dem sehr viel schmackhafteren Tee oder Cider in den Pausen und an den Abenden, die am Ende z\u00e4hlen.<\/p>\t\t\t\t\t\t\t\t<\/div>\n\t\t\t\t<\/div>\n\t\t\t\t<div class=\"elementor-element elementor-element-2c7b78d elementor-widget elementor-widget-image\" data-id=\"2c7b78d\" data-element_type=\"widget\" data-e-type=\"widget\" data-widget_type=\"image.default\">\n\t\t\t\t<div class=\"elementor-widget-container\">\n\t\t\t\t\t\t\t\t\t\t\t\t\t\t\t<img decoding=\"async\" width=\"800\" height=\"600\" src=\"https:\/\/unterirdis.ch\/wp-content\/uploads\/2023\/02\/IMG_20221215_101139-1024x768.jpg\" class=\"attachment-large size-large wp-image-1588\" alt=\"\" srcset=\"https:\/\/unterirdis.ch\/wp-content\/uploads\/2023\/02\/IMG_20221215_101139-1024x768.jpg 1024w, https:\/\/unterirdis.ch\/wp-content\/uploads\/2023\/02\/IMG_20221215_101139-300x225.jpg 300w, https:\/\/unterirdis.ch\/wp-content\/uploads\/2023\/02\/IMG_20221215_101139-768x576.jpg 768w, https:\/\/unterirdis.ch\/wp-content\/uploads\/2023\/02\/IMG_20221215_101139-1536x1152.jpg 1536w, https:\/\/unterirdis.ch\/wp-content\/uploads\/2023\/02\/IMG_20221215_101139-2048x1536.jpg 2048w\" sizes=\"(max-width: 800px) 100vw, 800px\" \/>\t\t\t\t\t\t\t\t\t\t\t\t\t\t\t<\/div>\n\t\t\t\t<\/div>\n\t\t\t\t<div class=\"elementor-element elementor-element-e9338b6 elementor-widget elementor-widget-heading\" data-id=\"e9338b6\" data-element_type=\"widget\" data-e-type=\"widget\" data-widget_type=\"heading.default\">\n\t\t\t\t<div class=\"elementor-widget-container\">\n\t\t\t\t\t<h2 class=\"elementor-heading-title elementor-size-default\">Anmerkungen<\/h2>\t\t\t\t<\/div>\n\t\t\t\t<\/div>\n\t\t\t\t<div class=\"elementor-element elementor-element-fd8e19d elementor-widget elementor-widget-text-editor\" data-id=\"fd8e19d\" data-element_type=\"widget\" data-e-type=\"widget\" data-widget_type=\"text-editor.default\">\n\t\t\t\t<div class=\"elementor-widget-container\">\n\t\t\t\t\t\t\t\t\t<p><a href=\"https:\/\/reform.ressourcencampus-bochum.de\/drei-tage-tag-edinburgh-2022-revolutions\/?elementor-preview=6161&amp;ver=1675846875#_ftnref1\" name=\"_ftn1\">[1]<\/a>\u00a0 https:\/\/tagedinburgh2022.files.wordpress.com\/2022\/12\/tag-2022-abstract-book.pdf.<\/p><p><a href=\"https:\/\/reform.ressourcencampus-bochum.de\/drei-tage-tag-edinburgh-2022-revolutions\/?elementor-preview=6161&amp;ver=1675846875#_ftnref2\" name=\"_ftn2\">[2]<\/a>\u00a0University College London.<\/p><p><a href=\"https:\/\/reform.ressourcencampus-bochum.de\/drei-tage-tag-edinburgh-2022-revolutions\/?elementor-preview=6161&amp;ver=1675846875#_ftnref3\" name=\"_ftn3\">[3]<\/a>\u00a0University of the Highlands and Islands.<\/p><p><a href=\"https:\/\/reform.ressourcencampus-bochum.de\/drei-tage-tag-edinburgh-2022-revolutions\/?elementor-preview=6161&amp;ver=1675846875#_ftnref4\" name=\"_ftn4\">[4]<\/a>\u00a0Ana Vale, University of Porto.<\/p><p><a href=\"https:\/\/reform.ressourcencampus-bochum.de\/drei-tage-tag-edinburgh-2022-revolutions\/?elementor-preview=6161&amp;ver=1675846875#_ftnref5\" name=\"_ftn5\">[5]<\/a>\u00a0Anastasia Chysanthi Solomou, Independent Researcher.<\/p><p><a href=\"https:\/\/reform.ressourcencampus-bochum.de\/drei-tage-tag-edinburgh-2022-revolutions\/?elementor-preview=6161&amp;ver=1675846875#_ftnref6\" name=\"_ftn6\">[6]<\/a>\u00a0Nick Overton, University of Manchester; Shumon T. Hussain, Aarhus University\/Kamilla Lomborg, Aarhus University\/Nathalie Brusgaard, University of Gronningen.<\/p><p><a href=\"https:\/\/reform.ressourcencampus-bochum.de\/drei-tage-tag-edinburgh-2022-revolutions\/?elementor-preview=6161&amp;ver=1675846875#_ftnref7\" name=\"_ftn7\">[7]<\/a>\u00a0Anna-Kaisa Salmi\/Emily Hull\/P\u00e4ivi Soppela\/Sanna-Mari Kynk\u00e4\u00e4nniemi\/Henri Wall\u00e9n, University of Oulu; Morgan Windle, Christian Albrechts Universit\u00e4t Kiel; Sarah Pleuger\/Robin Bendrey, University of Edinburgh.<\/p><p><a href=\"https:\/\/reform.ressourcencampus-bochum.de\/drei-tage-tag-edinburgh-2022-revolutions\/?elementor-preview=6161&amp;ver=1675846875#_ftnref8\" name=\"_ftn8\">[8]<\/a>\u00a0Canterbury Christ Church University\/University of York.<\/p><p><a href=\"https:\/\/reform.ressourcencampus-bochum.de\/drei-tage-tag-edinburgh-2022-revolutions\/?elementor-preview=6161&amp;ver=1675846875#_ftnref9\" name=\"_ftn9\">[9]<\/a>\u00a0University of Bourdeaux.<\/p><p><a href=\"https:\/\/reform.ressourcencampus-bochum.de\/drei-tage-tag-edinburgh-2022-revolutions\/?elementor-preview=6161&amp;ver=1675846875#_ftnref10\" name=\"_ftn10\">[10]<\/a>\u00a0Jorge Rouco Collazo, University of Granada, Projektlink: https:\/\/digibug.ugr.es\/handle\/10481\/58562.<\/p><p><a href=\"https:\/\/reform.ressourcencampus-bochum.de\/drei-tage-tag-edinburgh-2022-revolutions\/?elementor-preview=6161&amp;ver=1675846875#_ftnref11\" name=\"_ftn11\">[11]<\/a>\u00a0University of Leicester.<\/p><p><a href=\"https:\/\/reform.ressourcencampus-bochum.de\/drei-tage-tag-edinburgh-2022-revolutions\/?elementor-preview=6161&amp;ver=1675846875#_ftnref12\" name=\"_ftn12\">[12]<\/a>\u00a0University of Warsaw.<\/p>\t\t\t\t\t\t\t\t<\/div>\n\t\t\t\t<\/div>\n\t\t\t\t\t<\/div>\n\t\t<\/div>\n\t\t\t\t\t<\/div>\n\t\t<\/section>\n\t\t\t\t<section class=\"elementor-section elementor-top-section elementor-element elementor-element-c863aa0 elementor-section-boxed elementor-section-height-default elementor-section-height-default\" data-id=\"c863aa0\" data-element_type=\"section\" data-e-type=\"section\">\n\t\t\t\t\t\t<div class=\"elementor-container elementor-column-gap-default\">\n\t\t\t\t\t<div class=\"elementor-column elementor-col-100 elementor-top-column elementor-element elementor-element-5ce55d4\" data-id=\"5ce55d4\" data-element_type=\"column\" data-e-type=\"column\">\n\t\t\t<div class=\"elementor-widget-wrap elementor-element-populated\">\n\t\t\t\t\t\t<div class=\"elementor-element elementor-element-caa4369 elementor-widget elementor-widget-author-box\" data-id=\"caa4369\" data-element_type=\"widget\" data-e-type=\"widget\" data-widget_type=\"author-box.default\">\n\t\t\t\t<div class=\"elementor-widget-container\">\n\t\t\t\t\t\t\t<div class=\"elementor-author-box\">\n\t\t\t\t\t\t\t<a href=\"https:\/\/reform.ressourcencampus-bochum.de\/carmen-maria-staehler\/\" class=\"elementor-author-box__avatar\">\n\t\t\t\t\t<img decoding=\"async\" src=\"https:\/\/unterirdis.ch\/wp-content\/uploads\/2023\/02\/d38185-Carmen-Staehler_klein-300x300.jpg\" alt=\"Bild von Carmen Maria St\u00e4hler\" loading=\"lazy\">\n\t\t\t\t<\/a>\n\t\t\t\n\t\t\t<div class=\"elementor-author-box__text\">\n\t\t\t\t\t\t\t\t\t<a href=\"https:\/\/reform.ressourcencampus-bochum.de\/carmen-maria-staehler\/\">\n\t\t\t\t\t\t<h4 class=\"elementor-author-box__name\">\n\t\t\t\t\t\t\tCarmen Maria St\u00e4hler\t\t\t\t\t\t<\/h4>\n\t\t\t\t\t<\/a>\n\t\t\t\t\n\t\t\t\t\t\t\t\t\t<div class=\"elementor-author-box__bio\">\n\t\t\t\t\t\t<p>promoviert zum Thema  \u201eSiedlungsdynamische Prozesse der Eisenzeit in S\u00fcdwestfalen \u2013 Eine Untersuchung zu den Aneignungsprozessen in Siedlungslandschaften des rechtsrheinischen Mittelgebirges\u201c. <\/p>\n\t\t\t\t\t<\/div>\n\t\t\t\t\n\t\t\t\t\t\t\t<\/div>\n\t\t<\/div>\n\t\t\t\t\t\t<\/div>\n\t\t\t\t<\/div>\n\t\t\t\t\t<\/div>\n\t\t<\/div>\n\t\t\t\t\t<\/div>\n\t\t<\/section>\n\t\t\t\t<\/div>\n\t\t","protected":false},"excerpt":{"rendered":"<p>F\u00fcr den sprichw\u00f6rtlichen Blick \u00fcber den eigenen Tellerrand war es mir dankenswerterweise durch ReForum m\u00f6glich, an der 43. Konferenz der Theoretical Archaeology Group (TAG) in Edinburgh teilzunehmen. Vor der malerischen [&hellip;]<\/p>\n","protected":false},"author":2,"featured_media":1589,"comment_status":"closed","ping_status":"open","sticky":false,"template":"","format":"standard","meta":{"footnotes":""},"categories":[19,6],"tags":[],"class_list":["post-1585","post","type-post","status-publish","format-standard","has-post-thumbnail","hentry","category-an-der-ruhr-universitaet-bochum","category-unterwegs"],"yoast_head":"<!-- This site is optimized with the Yoast SEO plugin v27.5 - https:\/\/yoast.com\/product\/yoast-seo-wordpress\/ -->\n<title>Drei Tage TAG Edinburgh 2022 \u2013 \u201cRevolutions\u201d\u200b - unterIrdisch<\/title>\n<meta name=\"robots\" content=\"index, follow, max-snippet:-1, max-image-preview:large, max-video-preview:-1\" \/>\n<link rel=\"canonical\" href=\"https:\/\/unterirdis.ch\/wordpress\/2023\/02\/08\/drei-tage-tag-edinburgh-2022-revolutions\/\" \/>\n<meta property=\"og:locale\" content=\"de_DE\" \/>\n<meta property=\"og:type\" content=\"article\" \/>\n<meta property=\"og:title\" content=\"Drei Tage TAG Edinburgh 2022 \u2013 \u201cRevolutions\u201d\u200b - unterIrdisch\" \/>\n<meta property=\"og:description\" content=\"F\u00fcr den sprichw\u00f6rtlichen Blick \u00fcber den eigenen Tellerrand war es mir dankenswerterweise durch ReForum m\u00f6glich, an der 43. Konferenz der Theoretical Archaeology Group (TAG) in Edinburgh teilzunehmen. Vor der malerischen [&hellip;]\" \/>\n<meta property=\"og:url\" content=\"https:\/\/unterirdis.ch\/wordpress\/2023\/02\/08\/drei-tage-tag-edinburgh-2022-revolutions\/\" \/>\n<meta property=\"og:site_name\" content=\"unterIrdisch\" \/>\n<meta property=\"article:published_time\" content=\"2023-02-08T09:22:15+00:00\" \/>\n<meta property=\"article:modified_time\" content=\"2023-02-08T09:27:51+00:00\" \/>\n<meta property=\"og:image\" content=\"https:\/\/unterirdis.ch\/wp-content\/uploads\/2023\/02\/ReForm_Team-scaled.jpg\" \/>\n\t<meta property=\"og:image:width\" content=\"2560\" \/>\n\t<meta property=\"og:image:height\" content=\"1707\" \/>\n\t<meta property=\"og:image:type\" content=\"image\/jpeg\" \/>\n<meta name=\"author\" content=\"Pia Patrizia Weber\" \/>\n<meta name=\"twitter:card\" content=\"summary_large_image\" \/>\n<meta name=\"twitter:creator\" content=\"@unterirdis_ch\" \/>\n<meta name=\"twitter:site\" content=\"@unterirdis_ch\" \/>\n<meta name=\"twitter:label1\" content=\"Verfasst von\" \/>\n\t<meta name=\"twitter:data1\" content=\"Pia Patrizia Weber\" \/>\n\t<meta name=\"twitter:label2\" content=\"Gesch\u00e4tzte Lesezeit\" \/>\n\t<meta name=\"twitter:data2\" content=\"6\u00a0Minuten\" \/>\n<script type=\"application\/ld+json\" class=\"yoast-schema-graph\">{\"@context\":\"https:\\\/\\\/schema.org\",\"@graph\":[{\"@type\":\"Article\",\"@id\":\"https:\\\/\\\/unterirdis.ch\\\/wordpress\\\/2023\\\/02\\\/08\\\/drei-tage-tag-edinburgh-2022-revolutions\\\/#article\",\"isPartOf\":{\"@id\":\"https:\\\/\\\/unterirdis.ch\\\/wordpress\\\/2023\\\/02\\\/08\\\/drei-tage-tag-edinburgh-2022-revolutions\\\/\"},\"author\":{\"name\":\"Pia Patrizia Weber\",\"@id\":\"https:\\\/\\\/unterirdis.ch\\\/wordpress\\\/#\\\/schema\\\/person\\\/e51321391df8a8104f4f9e7ea953fd72\"},\"headline\":\"Drei Tage TAG Edinburgh 2022 \u2013 \u201cRevolutions\u201d\u200b\",\"datePublished\":\"2023-02-08T09:22:15+00:00\",\"dateModified\":\"2023-02-08T09:27:51+00:00\",\"mainEntityOfPage\":{\"@id\":\"https:\\\/\\\/unterirdis.ch\\\/wordpress\\\/2023\\\/02\\\/08\\\/drei-tage-tag-edinburgh-2022-revolutions\\\/\"},\"wordCount\":932,\"publisher\":{\"@id\":\"https:\\\/\\\/unterirdis.ch\\\/wordpress\\\/#organization\"},\"image\":{\"@id\":\"https:\\\/\\\/unterirdis.ch\\\/wordpress\\\/2023\\\/02\\\/08\\\/drei-tage-tag-edinburgh-2022-revolutions\\\/#primaryimage\"},\"thumbnailUrl\":\"https:\\\/\\\/unterirdis.ch\\\/wp-content\\\/uploads\\\/2023\\\/02\\\/ReForm_Team-scaled.jpg\",\"articleSection\":[\"an der Ruhr-Universit\u00e4t Bochum\",\"unterWegs\"],\"inLanguage\":\"de\"},{\"@type\":\"WebPage\",\"@id\":\"https:\\\/\\\/unterirdis.ch\\\/wordpress\\\/2023\\\/02\\\/08\\\/drei-tage-tag-edinburgh-2022-revolutions\\\/\",\"url\":\"https:\\\/\\\/unterirdis.ch\\\/wordpress\\\/2023\\\/02\\\/08\\\/drei-tage-tag-edinburgh-2022-revolutions\\\/\",\"name\":\"Drei Tage TAG Edinburgh 2022 \u2013 \u201cRevolutions\u201d\u200b - unterIrdisch\",\"isPartOf\":{\"@id\":\"https:\\\/\\\/unterirdis.ch\\\/wordpress\\\/#website\"},\"primaryImageOfPage\":{\"@id\":\"https:\\\/\\\/unterirdis.ch\\\/wordpress\\\/2023\\\/02\\\/08\\\/drei-tage-tag-edinburgh-2022-revolutions\\\/#primaryimage\"},\"image\":{\"@id\":\"https:\\\/\\\/unterirdis.ch\\\/wordpress\\\/2023\\\/02\\\/08\\\/drei-tage-tag-edinburgh-2022-revolutions\\\/#primaryimage\"},\"thumbnailUrl\":\"https:\\\/\\\/unterirdis.ch\\\/wp-content\\\/uploads\\\/2023\\\/02\\\/ReForm_Team-scaled.jpg\",\"datePublished\":\"2023-02-08T09:22:15+00:00\",\"dateModified\":\"2023-02-08T09:27:51+00:00\",\"breadcrumb\":{\"@id\":\"https:\\\/\\\/unterirdis.ch\\\/wordpress\\\/2023\\\/02\\\/08\\\/drei-tage-tag-edinburgh-2022-revolutions\\\/#breadcrumb\"},\"inLanguage\":\"de\",\"potentialAction\":[{\"@type\":\"ReadAction\",\"target\":[\"https:\\\/\\\/unterirdis.ch\\\/wordpress\\\/2023\\\/02\\\/08\\\/drei-tage-tag-edinburgh-2022-revolutions\\\/\"]}]},{\"@type\":\"ImageObject\",\"inLanguage\":\"de\",\"@id\":\"https:\\\/\\\/unterirdis.ch\\\/wordpress\\\/2023\\\/02\\\/08\\\/drei-tage-tag-edinburgh-2022-revolutions\\\/#primaryimage\",\"url\":\"https:\\\/\\\/unterirdis.ch\\\/wp-content\\\/uploads\\\/2023\\\/02\\\/ReForm_Team-scaled.jpg\",\"contentUrl\":\"https:\\\/\\\/unterirdis.ch\\\/wp-content\\\/uploads\\\/2023\\\/02\\\/ReForm_Team-scaled.jpg\",\"width\":2560,\"height\":1707,\"caption\":\"Foto von Adam Wilson auf Unsplash\"},{\"@type\":\"BreadcrumbList\",\"@id\":\"https:\\\/\\\/unterirdis.ch\\\/wordpress\\\/2023\\\/02\\\/08\\\/drei-tage-tag-edinburgh-2022-revolutions\\\/#breadcrumb\",\"itemListElement\":[{\"@type\":\"ListItem\",\"position\":1,\"name\":\"Startseite\",\"item\":\"https:\\\/\\\/unterirdis.ch\\\/wordpress\\\/\"},{\"@type\":\"ListItem\",\"position\":2,\"name\":\"Drei Tage TAG Edinburgh 2022 \u2013 \u201cRevolutions\u201d\u200b\"}]},{\"@type\":\"WebSite\",\"@id\":\"https:\\\/\\\/unterirdis.ch\\\/wordpress\\\/#website\",\"url\":\"https:\\\/\\\/unterirdis.ch\\\/wordpress\\\/\",\"name\":\"unterIrdisch - der Science-Blog aus dem Haus der Arch\u00e4ologien\",\"description\":\"der Science-Blog aus dem Haus der Arch\u00e4ologien\",\"publisher\":{\"@id\":\"https:\\\/\\\/unterirdis.ch\\\/wordpress\\\/#organization\"},\"alternateName\":\"unterIrdisch\",\"potentialAction\":[{\"@type\":\"SearchAction\",\"target\":{\"@type\":\"EntryPoint\",\"urlTemplate\":\"https:\\\/\\\/unterirdis.ch\\\/wordpress\\\/?s={search_term_string}\"},\"query-input\":{\"@type\":\"PropertyValueSpecification\",\"valueRequired\":true,\"valueName\":\"search_term_string\"}}],\"inLanguage\":\"de\"},{\"@type\":\"Organization\",\"@id\":\"https:\\\/\\\/unterirdis.ch\\\/wordpress\\\/#organization\",\"name\":\"unterIrdisch - der Science-Blog aus dem Haus der Arch\u00e4ologien\",\"alternateName\":\"unterIrdisch\",\"url\":\"https:\\\/\\\/unterirdis.ch\\\/wordpress\\\/\",\"logo\":{\"@type\":\"ImageObject\",\"inLanguage\":\"de\",\"@id\":\"https:\\\/\\\/unterirdis.ch\\\/wordpress\\\/#\\\/schema\\\/logo\\\/image\\\/\",\"url\":\"https:\\\/\\\/unterirdis.ch\\\/wp-content\\\/uploads\\\/2022\\\/03\\\/logo_3000p-scaled.jpg\",\"contentUrl\":\"https:\\\/\\\/unterirdis.ch\\\/wp-content\\\/uploads\\\/2022\\\/03\\\/logo_3000p-scaled.jpg\",\"width\":2560,\"height\":2560,\"caption\":\"unterIrdisch - der Science-Blog aus dem Haus der Arch\u00e4ologien\"},\"image\":{\"@id\":\"https:\\\/\\\/unterirdis.ch\\\/wordpress\\\/#\\\/schema\\\/logo\\\/image\\\/\"},\"sameAs\":[\"https:\\\/\\\/x.com\\\/unterirdis_ch\",\"https:\\\/\\\/instagram.com\\\/unterirdis.ch\",\"https:\\\/\\\/www.youtube.com\\\/channel\\\/UCWj0o58Zp9pOrkbG3Xh2C4Q\"]},{\"@type\":\"Person\",\"@id\":\"https:\\\/\\\/unterirdis.ch\\\/wordpress\\\/#\\\/schema\\\/person\\\/e51321391df8a8104f4f9e7ea953fd72\",\"name\":\"Pia Patrizia Weber\",\"image\":{\"@type\":\"ImageObject\",\"inLanguage\":\"de\",\"@id\":\"https:\\\/\\\/unterirdis.ch\\\/wp-content\\\/uploads\\\/2023\\\/03\\\/cropped-15C21EA0-B159-4A1C-970A-74B06A107D9D-scaled-1-96x96.jpg\",\"url\":\"https:\\\/\\\/unterirdis.ch\\\/wp-content\\\/uploads\\\/2023\\\/03\\\/cropped-15C21EA0-B159-4A1C-970A-74B06A107D9D-scaled-1-96x96.jpg\",\"contentUrl\":\"https:\\\/\\\/unterirdis.ch\\\/wp-content\\\/uploads\\\/2023\\\/03\\\/cropped-15C21EA0-B159-4A1C-970A-74B06A107D9D-scaled-1-96x96.jpg\",\"caption\":\"Pia Patrizia Weber\"},\"description\":\"Pia ist wissenschaftliche Mitarbeiterin am Deutschen Bergbau-Museum Bochum.\",\"url\":\"https:\\\/\\\/unterirdis.ch\\\/wordpress\\\/author\\\/pweber\\\/\"}]}<\/script>\n<!-- \/ Yoast SEO plugin. -->","yoast_head_json":{"title":"Drei Tage TAG Edinburgh 2022 \u2013 \u201cRevolutions\u201d\u200b - unterIrdisch","robots":{"index":"index","follow":"follow","max-snippet":"max-snippet:-1","max-image-preview":"max-image-preview:large","max-video-preview":"max-video-preview:-1"},"canonical":"https:\/\/unterirdis.ch\/wordpress\/2023\/02\/08\/drei-tage-tag-edinburgh-2022-revolutions\/","og_locale":"de_DE","og_type":"article","og_title":"Drei Tage TAG Edinburgh 2022 \u2013 \u201cRevolutions\u201d\u200b - unterIrdisch","og_description":"F\u00fcr den sprichw\u00f6rtlichen Blick \u00fcber den eigenen Tellerrand war es mir dankenswerterweise durch ReForum m\u00f6glich, an der 43. Konferenz der Theoretical Archaeology Group (TAG) in Edinburgh teilzunehmen. Vor der malerischen [&hellip;]","og_url":"https:\/\/unterirdis.ch\/wordpress\/2023\/02\/08\/drei-tage-tag-edinburgh-2022-revolutions\/","og_site_name":"unterIrdisch","article_published_time":"2023-02-08T09:22:15+00:00","article_modified_time":"2023-02-08T09:27:51+00:00","og_image":[{"width":2560,"height":1707,"url":"https:\/\/unterirdis.ch\/wp-content\/uploads\/2023\/02\/ReForm_Team-scaled.jpg","type":"image\/jpeg"}],"author":"Pia Patrizia Weber","twitter_card":"summary_large_image","twitter_creator":"@unterirdis_ch","twitter_site":"@unterirdis_ch","twitter_misc":{"Verfasst von":"Pia Patrizia Weber","Gesch\u00e4tzte Lesezeit":"6\u00a0Minuten"},"schema":{"@context":"https:\/\/schema.org","@graph":[{"@type":"Article","@id":"https:\/\/unterirdis.ch\/wordpress\/2023\/02\/08\/drei-tage-tag-edinburgh-2022-revolutions\/#article","isPartOf":{"@id":"https:\/\/unterirdis.ch\/wordpress\/2023\/02\/08\/drei-tage-tag-edinburgh-2022-revolutions\/"},"author":{"name":"Pia Patrizia Weber","@id":"https:\/\/unterirdis.ch\/wordpress\/#\/schema\/person\/e51321391df8a8104f4f9e7ea953fd72"},"headline":"Drei Tage TAG Edinburgh 2022 \u2013 \u201cRevolutions\u201d\u200b","datePublished":"2023-02-08T09:22:15+00:00","dateModified":"2023-02-08T09:27:51+00:00","mainEntityOfPage":{"@id":"https:\/\/unterirdis.ch\/wordpress\/2023\/02\/08\/drei-tage-tag-edinburgh-2022-revolutions\/"},"wordCount":932,"publisher":{"@id":"https:\/\/unterirdis.ch\/wordpress\/#organization"},"image":{"@id":"https:\/\/unterirdis.ch\/wordpress\/2023\/02\/08\/drei-tage-tag-edinburgh-2022-revolutions\/#primaryimage"},"thumbnailUrl":"https:\/\/unterirdis.ch\/wp-content\/uploads\/2023\/02\/ReForm_Team-scaled.jpg","articleSection":["an der Ruhr-Universit\u00e4t Bochum","unterWegs"],"inLanguage":"de"},{"@type":"WebPage","@id":"https:\/\/unterirdis.ch\/wordpress\/2023\/02\/08\/drei-tage-tag-edinburgh-2022-revolutions\/","url":"https:\/\/unterirdis.ch\/wordpress\/2023\/02\/08\/drei-tage-tag-edinburgh-2022-revolutions\/","name":"Drei Tage TAG Edinburgh 2022 \u2013 \u201cRevolutions\u201d\u200b - unterIrdisch","isPartOf":{"@id":"https:\/\/unterirdis.ch\/wordpress\/#website"},"primaryImageOfPage":{"@id":"https:\/\/unterirdis.ch\/wordpress\/2023\/02\/08\/drei-tage-tag-edinburgh-2022-revolutions\/#primaryimage"},"image":{"@id":"https:\/\/unterirdis.ch\/wordpress\/2023\/02\/08\/drei-tage-tag-edinburgh-2022-revolutions\/#primaryimage"},"thumbnailUrl":"https:\/\/unterirdis.ch\/wp-content\/uploads\/2023\/02\/ReForm_Team-scaled.jpg","datePublished":"2023-02-08T09:22:15+00:00","dateModified":"2023-02-08T09:27:51+00:00","breadcrumb":{"@id":"https:\/\/unterirdis.ch\/wordpress\/2023\/02\/08\/drei-tage-tag-edinburgh-2022-revolutions\/#breadcrumb"},"inLanguage":"de","potentialAction":[{"@type":"ReadAction","target":["https:\/\/unterirdis.ch\/wordpress\/2023\/02\/08\/drei-tage-tag-edinburgh-2022-revolutions\/"]}]},{"@type":"ImageObject","inLanguage":"de","@id":"https:\/\/unterirdis.ch\/wordpress\/2023\/02\/08\/drei-tage-tag-edinburgh-2022-revolutions\/#primaryimage","url":"https:\/\/unterirdis.ch\/wp-content\/uploads\/2023\/02\/ReForm_Team-scaled.jpg","contentUrl":"https:\/\/unterirdis.ch\/wp-content\/uploads\/2023\/02\/ReForm_Team-scaled.jpg","width":2560,"height":1707,"caption":"Foto von Adam Wilson auf Unsplash"},{"@type":"BreadcrumbList","@id":"https:\/\/unterirdis.ch\/wordpress\/2023\/02\/08\/drei-tage-tag-edinburgh-2022-revolutions\/#breadcrumb","itemListElement":[{"@type":"ListItem","position":1,"name":"Startseite","item":"https:\/\/unterirdis.ch\/wordpress\/"},{"@type":"ListItem","position":2,"name":"Drei Tage TAG Edinburgh 2022 \u2013 \u201cRevolutions\u201d\u200b"}]},{"@type":"WebSite","@id":"https:\/\/unterirdis.ch\/wordpress\/#website","url":"https:\/\/unterirdis.ch\/wordpress\/","name":"unterIrdisch - der Science-Blog aus dem Haus der Arch\u00e4ologien","description":"der Science-Blog aus dem Haus der Arch\u00e4ologien","publisher":{"@id":"https:\/\/unterirdis.ch\/wordpress\/#organization"},"alternateName":"unterIrdisch","potentialAction":[{"@type":"SearchAction","target":{"@type":"EntryPoint","urlTemplate":"https:\/\/unterirdis.ch\/wordpress\/?s={search_term_string}"},"query-input":{"@type":"PropertyValueSpecification","valueRequired":true,"valueName":"search_term_string"}}],"inLanguage":"de"},{"@type":"Organization","@id":"https:\/\/unterirdis.ch\/wordpress\/#organization","name":"unterIrdisch - der Science-Blog aus dem Haus der Arch\u00e4ologien","alternateName":"unterIrdisch","url":"https:\/\/unterirdis.ch\/wordpress\/","logo":{"@type":"ImageObject","inLanguage":"de","@id":"https:\/\/unterirdis.ch\/wordpress\/#\/schema\/logo\/image\/","url":"https:\/\/unterirdis.ch\/wp-content\/uploads\/2022\/03\/logo_3000p-scaled.jpg","contentUrl":"https:\/\/unterirdis.ch\/wp-content\/uploads\/2022\/03\/logo_3000p-scaled.jpg","width":2560,"height":2560,"caption":"unterIrdisch - der Science-Blog aus dem Haus der Arch\u00e4ologien"},"image":{"@id":"https:\/\/unterirdis.ch\/wordpress\/#\/schema\/logo\/image\/"},"sameAs":["https:\/\/x.com\/unterirdis_ch","https:\/\/instagram.com\/unterirdis.ch","https:\/\/www.youtube.com\/channel\/UCWj0o58Zp9pOrkbG3Xh2C4Q"]},{"@type":"Person","@id":"https:\/\/unterirdis.ch\/wordpress\/#\/schema\/person\/e51321391df8a8104f4f9e7ea953fd72","name":"Pia Patrizia Weber","image":{"@type":"ImageObject","inLanguage":"de","@id":"https:\/\/unterirdis.ch\/wp-content\/uploads\/2023\/03\/cropped-15C21EA0-B159-4A1C-970A-74B06A107D9D-scaled-1-96x96.jpg","url":"https:\/\/unterirdis.ch\/wp-content\/uploads\/2023\/03\/cropped-15C21EA0-B159-4A1C-970A-74B06A107D9D-scaled-1-96x96.jpg","contentUrl":"https:\/\/unterirdis.ch\/wp-content\/uploads\/2023\/03\/cropped-15C21EA0-B159-4A1C-970A-74B06A107D9D-scaled-1-96x96.jpg","caption":"Pia Patrizia Weber"},"description":"Pia ist wissenschaftliche Mitarbeiterin am Deutschen Bergbau-Museum Bochum.","url":"https:\/\/unterirdis.ch\/wordpress\/author\/pweber\/"}]}},"_links":{"self":[{"href":"https:\/\/unterirdis.ch\/wordpress\/wp-json\/wp\/v2\/posts\/1585","targetHints":{"allow":["GET"]}}],"collection":[{"href":"https:\/\/unterirdis.ch\/wordpress\/wp-json\/wp\/v2\/posts"}],"about":[{"href":"https:\/\/unterirdis.ch\/wordpress\/wp-json\/wp\/v2\/types\/post"}],"author":[{"embeddable":true,"href":"https:\/\/unterirdis.ch\/wordpress\/wp-json\/wp\/v2\/users\/2"}],"replies":[{"embeddable":true,"href":"https:\/\/unterirdis.ch\/wordpress\/wp-json\/wp\/v2\/comments?post=1585"}],"version-history":[{"count":0,"href":"https:\/\/unterirdis.ch\/wordpress\/wp-json\/wp\/v2\/posts\/1585\/revisions"}],"wp:featuredmedia":[{"embeddable":true,"href":"https:\/\/unterirdis.ch\/wordpress\/wp-json\/wp\/v2\/media\/1589"}],"wp:attachment":[{"href":"https:\/\/unterirdis.ch\/wordpress\/wp-json\/wp\/v2\/media?parent=1585"}],"wp:term":[{"taxonomy":"category","embeddable":true,"href":"https:\/\/unterirdis.ch\/wordpress\/wp-json\/wp\/v2\/categories?post=1585"},{"taxonomy":"post_tag","embeddable":true,"href":"https:\/\/unterirdis.ch\/wordpress\/wp-json\/wp\/v2\/tags?post=1585"}],"curies":[{"name":"wp","href":"https:\/\/api.w.org\/{rel}","templated":true}]}}