{"id":1111,"date":"2022-08-10T08:46:01","date_gmt":"2022-08-10T06:46:01","guid":{"rendered":"https:\/\/unterirdis.ch\/wordpress\/?p=1111"},"modified":"2022-08-10T14:25:32","modified_gmt":"2022-08-10T12:25:32","slug":"die-kelten-kommen","status":"publish","type":"post","link":"https:\/\/unterirdis.ch\/wordpress\/2022\/08\/10\/die-kelten-kommen\/","title":{"rendered":"Die Kelten kommen"},"content":{"rendered":"\t\t<div data-elementor-type=\"wp-post\" data-elementor-id=\"1111\" class=\"elementor elementor-1111\" data-elementor-post-type=\"post\">\n\t\t\t\t\t\t<section class=\"elementor-section elementor-top-section elementor-element elementor-element-6ffa288 elementor-section-boxed elementor-section-height-default elementor-section-height-default\" data-id=\"6ffa288\" data-element_type=\"section\" data-e-type=\"section\">\n\t\t\t\t\t\t<div class=\"elementor-container elementor-column-gap-default\">\n\t\t\t\t\t<div class=\"elementor-column elementor-col-100 elementor-top-column elementor-element elementor-element-b267361\" data-id=\"b267361\" data-element_type=\"column\" data-e-type=\"column\">\n\t\t\t<div class=\"elementor-widget-wrap elementor-element-populated\">\n\t\t\t\t\t\t<div class=\"elementor-element elementor-element-41f6fda elementor-widget elementor-widget-video\" data-id=\"41f6fda\" data-element_type=\"widget\" data-e-type=\"widget\" data-settings=\"{&quot;youtube_url&quot;:&quot;https:\\\/\\\/youtu.be\\\/EPbrSZGhpjg&quot;,&quot;video_type&quot;:&quot;youtube&quot;,&quot;controls&quot;:&quot;yes&quot;}\" data-widget_type=\"video.default\">\n\t\t\t\t<div class=\"elementor-widget-container\">\n\t\t\t\t\t\t\t<div class=\"elementor-wrapper elementor-open-inline\">\n\t\t\t<div class=\"elementor-video\"><\/div>\t\t<\/div>\n\t\t\t\t\t\t<\/div>\n\t\t\t\t<\/div>\n\t\t\t\t\t<\/div>\n\t\t<\/div>\n\t\t\t\t\t<\/div>\n\t\t<\/section>\n\t\t\t\t<section class=\"elementor-section elementor-top-section elementor-element elementor-element-63422d8 elementor-section-boxed elementor-section-height-default elementor-section-height-default\" data-id=\"63422d8\" data-element_type=\"section\" data-e-type=\"section\">\n\t\t\t\t\t\t<div class=\"elementor-container elementor-column-gap-default\">\n\t\t\t\t\t<div class=\"elementor-column elementor-col-100 elementor-top-column elementor-element elementor-element-0bbac3d\" data-id=\"0bbac3d\" data-element_type=\"column\" data-e-type=\"column\">\n\t\t\t<div class=\"elementor-widget-wrap elementor-element-populated\">\n\t\t\t\t\t\t<div class=\"elementor-element elementor-element-d2f9964 elementor-widget elementor-widget-text-editor\" data-id=\"d2f9964\" data-element_type=\"widget\" data-e-type=\"widget\" data-widget_type=\"text-editor.default\">\n\t\t\t\t<div class=\"elementor-widget-container\">\n\t\t\t\t\t\t\t\t\t<div class=\"lead news-text-wrap pb-2\">Schon l\u00e4nger ist dank arch\u00e4ologischen Forschungen bekannt, dass das Siegerland im S\u00fcden Nordrhein-Westfalens eine Sonderstellung in der Eisenzeit innehatte: Hier rauchten tausende der gr\u00f6\u00dften Verh\u00fcttungs\u00f6fen ihrer Zeit in Europa, hier wurden enorme Mengen Eisen erzeugt und verarbeitet. Aber wie?<\/div><div class=\"news-text-wrap\"><p>Eisen ist auch heute noch eines der bedeutenden Metalle f\u00fcr die Menschheit. Es findet sich nahezu \u00fcberall und ist unverzichtbar, z. B. bei der Herstellung von Maschinen und Autos oder im Bauwesen. Das Metall wurde in Mitteleuropa seit ungef\u00e4hr 800 v. Chr. zunehmend genutzt und verdr\u00e4ngte Bronze \u2013 die Eisenzeit begann.<\/p><p>Eine Forschungskooperation des Deutschen Bergbau-Museums Bochum\u00a0, Leibniz-Forschungsmuseum f\u00fcr Georessourcen, der\u00a0<a href=\"https:\/\/www.ruhr-uni-bochum.de\/archaeologie\/\" target=\"_blank\" rel=\"noopener noreferrer\">Ruhr-Universit\u00e4t Bochum<\/a>\u00a0und der LWL-Arch\u00e4ologie f\u00fcr Westfalen erforscht seit mittlerweile 20 Jahren das Siegerland. Forschende widmen sich den eisenzeitlichen Verh\u00fcttungs- und Schmiedepl\u00e4tzen, analysieren Schlacken oder werten ausgegrabene Gr\u00e4ber und Siedlungen aus. Zu den wesentlichen Forschungsergebnissen z\u00e4hlt die Erkenntnis, dass vor \u00fcber 2500 Jahren Menschen die Region des heutigen Siegerlandes besiedelten, die bis dahin nahezu siedlungsleer war. Die Neuank\u00f6mmlinge stammten zumeist aus dem benachbarten hessischen Raum. Dort bildeten sich ab dem 3. Jahrhundert v. Chr. allm\u00e4hlich stadtartige Zentren und vorstaatliche Gemeinschaften \u2013 St\u00e4mme. Diese St\u00e4mme traten sogar um 50 v. Chr. in das Rampenlicht der Geschichte, als n\u00e4mlich Gaius Julius C\u00e4sar mit zwei Feldz\u00fcgen \u00f6stlich des Rheins vergeblich versuchte, die lokalen Machtstrukturen zu beeinflussen.<\/p><p>Die Neuank\u00f6mmlinge im Siegerland brachten umfassendes Knowhow mit: Nahezu ohne Vorentwicklung wuchsen im Siegerland ab dem 3. Jahrhundert v. Chr. einheitlich organisierte Verh\u00fcttungswerkst\u00e4tten wie Pilze aus dem Boden. In gro\u00dfen birnenf\u00f6rmigen Verh\u00fcttungs\u00f6fen wurde unter Einsatz der reichen lokalen Eisenerze und Holz Eisen gewonnen. Die Produktionsmengen m\u00fcssen erheblich gewesen sein: Berechnungen der Forschungskooperation lassen annehmen, dass pro Verh\u00fcttungsvorgang sogar \u00fcber 50 kg Stahl erzeugt werden konnten \u2013 eine Produktionsmenge, die bis zu unseren Forschungen allenfalls f\u00fcr das ausgehende Hochmittelalter als wahrscheinlich galt.<\/p><p>Da die eisenzeitliche Montanlandschaft Siegerland europaweit von Bedeutung ist und eben gerade der genaue Ablauf der Eisengewinnung unbekannt ist, fokussierte sich darauf die Forschungskooperation unter Federf\u00fchrung der LWL-Arch\u00e4ologie f\u00fcr Westfalen. In arch\u00e4ologischen Experimenten 2017 und 2018 mit zahlreichen wissenschaftlichen Kooperationspartnern im\u00a0<a href=\"https:\/\/www.lwl-freilichtmuseum-hagen.de\/de\/\" target=\"_blank\" rel=\"noopener noreferrer\">LWL-Freilichtmuseum Hagen<\/a>\u00a0gelang es, die eisenzeitlichen Betriebsabl\u00e4ufe nachzuvollziehen, zu verstehen und v\u00f6llig unerwartete Erkenntnisse zu einer der fr\u00fchesten H\u00fcttentechnologien Europas zu sammeln.<\/p><p>Diese Experimente wurde von Anfang an filmisch begleitet, denn eines der Kernanliegen der Forschungskooperation war es, die Forschungsergebnisse nachhaltig nutzen und sie popul\u00e4r vermitteln zu k\u00f6nnen. Gero Steffens (Forschungsbereich Montanarch\u00e4ologie | Deutschen Bergbau-Museum Bochum) \u00fcbernahm dabei die Aufgabe, die Filmarbeiten zu realisieren, ein Darstellungskonzept zu entwickeln und immer wieder beide an den ver\u00e4nderten Forschungsstand anzupassen. Gleich zu Beginn entwickelte Steffens zusammen mit Peter Thomas (beide Forschungsbereich Montanarch\u00e4ologie | Deutsches Bergbau-Museum Bochum) und in Abstimmung mit Dr. Jennifer Garner (Forschungsbereich Montanarch\u00e4ologie | Deutsches Bergbau-Museum Bochum) sowie Dr. Manuel Zeiler (LWL-Arch\u00e4ologie f\u00fcr Westfalen) einen ganzheitlichen Ansatz, der eben nicht \u201enur\u201c das arch\u00e4ologische Experiment fokussiert, sondern auch das Siegerland zur Eisenzeit erkl\u00e4rt. Ergebnis ist, dass neben der eisenzeitlichen Technologie der Eisenverh\u00fcttung auch die eisenzeitlichen Menschen sowie Lebensbereiche au\u00dferhalb der Eisenerzeugung, wie zum Beispiel Wallburgen, thematisiert werden.<\/p><p>Steffens Arbeiten wurden unterst\u00fctzt durch filmenden Mitwirkenden und bereichert durch Animationen. Hier kommen wir an den Punkt der Vermittlung, denn endlich liegt das ganze Projekt auch in Form eines attraktiven Films zur Experimentreihe vor \u2013 erstmalig in Deutschland kann ein derartig aufw\u00e4ndiges arch\u00e4ologisches Experiment filmisch gezeigt werden.<\/p><p>Allerdings m\u00f6chten wir einen kleinen Spannungsbogen aufbauen, weshalb der Film in G\u00e4nze erst am Tag des offenen Denkmals, dem 11.09.2022, zu sehen sein wird. An diesem Tage finden zudem F\u00fchrungen an der Ausgrabungsst\u00e4tte \u201eGerhardsseifen\u201c bei Siegen-Niederschelden statt. Die arch\u00e4ologischen Ausgrabungen hier und die Experimente standen in enger Wechselwirkung und beeinflussten die jeweilige wissenschaftliche Auswertung.<\/p><\/div>\t\t\t\t\t\t\t\t<\/div>\n\t\t\t\t<\/div>\n\t\t\t\t<div class=\"elementor-element elementor-element-7fb587b elementor-widget elementor-widget-spacer\" data-id=\"7fb587b\" data-element_type=\"widget\" data-e-type=\"widget\" data-widget_type=\"spacer.default\">\n\t\t\t\t<div class=\"elementor-widget-container\">\n\t\t\t\t\t\t\t<div class=\"elementor-spacer\">\n\t\t\t<div class=\"elementor-spacer-inner\"><\/div>\n\t\t<\/div>\n\t\t\t\t\t\t<\/div>\n\t\t\t\t<\/div>\n\t\t\t\t\t<\/div>\n\t\t<\/div>\n\t\t\t\t\t<\/div>\n\t\t<\/section>\n\t\t\t\t<section class=\"elementor-section elementor-top-section elementor-element elementor-element-4e316cc elementor-section-boxed elementor-section-height-default elementor-section-height-default\" data-id=\"4e316cc\" data-element_type=\"section\" data-e-type=\"section\" data-settings=\"{&quot;background_background&quot;:&quot;classic&quot;}\">\n\t\t\t\t\t\t<div class=\"elementor-container elementor-column-gap-default\">\n\t\t\t\t\t<div class=\"elementor-column elementor-col-50 elementor-top-column elementor-element elementor-element-45b3414\" data-id=\"45b3414\" data-element_type=\"column\" data-e-type=\"column\">\n\t\t\t<div class=\"elementor-widget-wrap elementor-element-populated\">\n\t\t\t\t\t\t<div class=\"elementor-element elementor-element-7411aaf elementor-widget elementor-widget-spacer\" data-id=\"7411aaf\" data-element_type=\"widget\" data-e-type=\"widget\" data-widget_type=\"spacer.default\">\n\t\t\t\t<div class=\"elementor-widget-container\">\n\t\t\t\t\t\t\t<div class=\"elementor-spacer\">\n\t\t\t<div class=\"elementor-spacer-inner\"><\/div>\n\t\t<\/div>\n\t\t\t\t\t\t<\/div>\n\t\t\t\t<\/div>\n\t\t\t\t<div class=\"elementor-element elementor-element-44fb66e elementor-widget elementor-widget-author-box\" data-id=\"44fb66e\" data-element_type=\"widget\" data-e-type=\"widget\" data-widget_type=\"author-box.default\">\n\t\t\t\t<div class=\"elementor-widget-container\">\n\t\t\t\t\t\t\t<div class=\"elementor-author-box\">\n\t\t\t\t\t\t\t<div  class=\"elementor-author-box__avatar\">\n\t\t\t\t\t<img decoding=\"async\" src=\"https:\/\/unterirdis.ch\/wp-content\/plugins\/elementor\/assets\/images\/placeholder.png\" alt=\"Bild von Text: LWL-Arch\u00e4ologie f\u00fcr Westfalen\" loading=\"lazy\">\n\t\t\t\t<\/div>\n\t\t\t\n\t\t\t<div class=\"elementor-author-box__text\">\n\t\t\t\t\t\t\t\t\t<div >\n\t\t\t\t\t\t<h4 class=\"elementor-author-box__name\">\n\t\t\t\t\t\t\tText: LWL-Arch\u00e4ologie f\u00fcr Westfalen\t\t\t\t\t\t<\/h4>\n\t\t\t\t\t<\/div>\n\t\t\t\t\n\t\t\t\t\n\t\t\t\t\t\t\t<\/div>\n\t\t<\/div>\n\t\t\t\t\t\t<\/div>\n\t\t\t\t<\/div>\n\t\t\t\t\t<\/div>\n\t\t<\/div>\n\t\t\t\t<div class=\"elementor-column elementor-col-50 elementor-top-column elementor-element elementor-element-c5ffb3e\" data-id=\"c5ffb3e\" data-element_type=\"column\" data-e-type=\"column\">\n\t\t\t<div class=\"elementor-widget-wrap elementor-element-populated\">\n\t\t\t\t\t\t<div class=\"elementor-element elementor-element-16effd2 elementor-widget elementor-widget-spacer\" data-id=\"16effd2\" data-element_type=\"widget\" data-e-type=\"widget\" data-widget_type=\"spacer.default\">\n\t\t\t\t<div class=\"elementor-widget-container\">\n\t\t\t\t\t\t\t<div class=\"elementor-spacer\">\n\t\t\t<div class=\"elementor-spacer-inner\"><\/div>\n\t\t<\/div>\n\t\t\t\t\t\t<\/div>\n\t\t\t\t<\/div>\n\t\t\t\t<div class=\"elementor-element elementor-element-2c87c5f elementor-widget elementor-widget-heading\" data-id=\"2c87c5f\" data-element_type=\"widget\" data-e-type=\"widget\" data-widget_type=\"heading.default\">\n\t\t\t\t<div class=\"elementor-widget-container\">\n\t\t\t\t\t<h2 class=\"elementor-heading-title elementor-size-default\">Das k\u00f6nnte Dir auch gefallen<\/h2>\t\t\t\t<\/div>\n\t\t\t\t<\/div>\n\t\t\t\t<div class=\"elementor-element elementor-element-7ebd6c8 elementor-grid-3 elementor-grid-tablet-2 elementor-grid-mobile-1 elementor-posts--thumbnail-top elementor-widget elementor-widget-posts\" data-id=\"7ebd6c8\" data-element_type=\"widget\" data-e-type=\"widget\" data-settings=\"{&quot;classic_columns&quot;:&quot;3&quot;,&quot;classic_columns_tablet&quot;:&quot;2&quot;,&quot;classic_columns_mobile&quot;:&quot;1&quot;,&quot;classic_row_gap&quot;:{&quot;unit&quot;:&quot;px&quot;,&quot;size&quot;:35,&quot;sizes&quot;:[]},&quot;classic_row_gap_tablet&quot;:{&quot;unit&quot;:&quot;px&quot;,&quot;size&quot;:&quot;&quot;,&quot;sizes&quot;:[]},&quot;classic_row_gap_mobile&quot;:{&quot;unit&quot;:&quot;px&quot;,&quot;size&quot;:&quot;&quot;,&quot;sizes&quot;:[]}}\" data-widget_type=\"posts.classic\">\n\t\t\t\t<div class=\"elementor-widget-container\">\n\t\t\t\t\t\t\t<div class=\"elementor-posts-container elementor-posts elementor-posts--skin-classic elementor-grid\" role=\"list\">\n\t\t\t\t<article class=\"elementor-post elementor-grid-item post-2867 post type-post status-publish format-standard has-post-thumbnail hentry category-unterfreunden category-unteruns\" role=\"listitem\">\n\t\t\t\t<a class=\"elementor-post__thumbnail__link\" href=\"https:\/\/unterirdis.ch\/wordpress\/2026\/03\/30\/folge-58-neues-denkmalgesetz-die-zukunft-des-lwl-entdecken\/\" tabindex=\"-1\" >\n\t\t\t<div class=\"elementor-post__thumbnail\"><img fetchpriority=\"high\" decoding=\"async\" width=\"240\" height=\"300\" src=\"https:\/\/unterirdis.ch\/wp-content\/uploads\/2026\/03\/csm_Sandra-Peternek_93af03e201-2-240x300.jpg\" class=\"attachment-medium size-medium wp-image-2854\" alt=\"\" srcset=\"https:\/\/unterirdis.ch\/wp-content\/uploads\/2026\/03\/csm_Sandra-Peternek_93af03e201-2-240x300.jpg 240w, https:\/\/unterirdis.ch\/wp-content\/uploads\/2026\/03\/csm_Sandra-Peternek_93af03e201-2-768x960.jpg 768w, https:\/\/unterirdis.ch\/wp-content\/uploads\/2026\/03\/csm_Sandra-Peternek_93af03e201-2.jpg 780w\" sizes=\"(max-width: 240px) 100vw, 240px\" \/><\/div>\n\t\t<\/a>\n\t\t\t\t<div class=\"elementor-post__text\">\n\t\t\t\t<h3 class=\"elementor-post__title\">\n\t\t\t<a href=\"https:\/\/unterirdis.ch\/wordpress\/2026\/03\/30\/folge-58-neues-denkmalgesetz-die-zukunft-des-lwl-entdecken\/\" >\n\t\t\t\tFolge 58 -Neues Denkmalgesetz &amp; die Zukunft des LWL entdecken\t\t\t<\/a>\n\t\t<\/h3>\n\t\t\t\t<div class=\"elementor-post__meta-data\">\n\t\t\t\t\t<span class=\"elementor-post-date\">\n\t\t\t30. M\u00e4rz 2026\t\t<\/span>\n\t\t\t\t<\/div>\n\t\t\n\t\t<a class=\"elementor-post__read-more\" href=\"https:\/\/unterirdis.ch\/wordpress\/2026\/03\/30\/folge-58-neues-denkmalgesetz-die-zukunft-des-lwl-entdecken\/\" aria-label=\"Mehr \u00fcber Folge 58 -Neues Denkmalgesetz &amp; die Zukunft des LWL entdecken\" tabindex=\"-1\" >\n\t\t\tWeiterlesen \u00bb\t\t<\/a>\n\n\t\t\t\t<\/div>\n\t\t\t\t<\/article>\n\t\t\t\t<article class=\"elementor-post elementor-grid-item post-2830 post type-post status-publish format-standard has-post-thumbnail hentry category-im-museum category-an-der-ruhr-universitaet-bochum category-oesterreich tag-deutsches-bergbau-museum-bochum tag-duerrnberg tag-forschung tag-forschungskoordinator tag-podcast tag-ruhr-universitaet-bochum tag-wisskomm\" role=\"listitem\">\n\t\t\t\t<a class=\"elementor-post__thumbnail__link\" href=\"https:\/\/unterirdis.ch\/wordpress\/2025\/12\/19\/folge-56-forschungskoordinator-duerrnberg\/\" tabindex=\"-1\" >\n\t\t\t<div class=\"elementor-post__thumbnail\"><img decoding=\"async\" width=\"300\" height=\"186\" src=\"https:\/\/unterirdis.ch\/wp-content\/uploads\/2025\/12\/csm_20251203_Kooperationsvertrag_Duerrnberg__c_Keltenmuseum_Claudia_Schwenk_19ecbd9ed0-300x186.jpg\" class=\"attachment-medium size-medium wp-image-2831\" alt=\"Die Vertragspartner mit den Unterschriebenen Vertr\u00e4gen der Forschungskooperation.\" srcset=\"https:\/\/unterirdis.ch\/wp-content\/uploads\/2025\/12\/csm_20251203_Kooperationsvertrag_Duerrnberg__c_Keltenmuseum_Claudia_Schwenk_19ecbd9ed0-300x186.jpg 300w, https:\/\/unterirdis.ch\/wp-content\/uploads\/2025\/12\/csm_20251203_Kooperationsvertrag_Duerrnberg__c_Keltenmuseum_Claudia_Schwenk_19ecbd9ed0-768x477.jpg 768w, https:\/\/unterirdis.ch\/wp-content\/uploads\/2025\/12\/csm_20251203_Kooperationsvertrag_Duerrnberg__c_Keltenmuseum_Claudia_Schwenk_19ecbd9ed0.jpg 934w\" sizes=\"(max-width: 300px) 100vw, 300px\" \/><\/div>\n\t\t<\/a>\n\t\t\t\t<div class=\"elementor-post__text\">\n\t\t\t\t<h3 class=\"elementor-post__title\">\n\t\t\t<a href=\"https:\/\/unterirdis.ch\/wordpress\/2025\/12\/19\/folge-56-forschungskoordinator-duerrnberg\/\" >\n\t\t\t\tFolge 56 &#8211; Forschungskoordinator D\u00fcrrnberg\t\t\t<\/a>\n\t\t<\/h3>\n\t\t\t\t<div class=\"elementor-post__meta-data\">\n\t\t\t\t\t<span class=\"elementor-post-date\">\n\t\t\t19. Dezember 2025\t\t<\/span>\n\t\t\t\t<\/div>\n\t\t\n\t\t<a class=\"elementor-post__read-more\" href=\"https:\/\/unterirdis.ch\/wordpress\/2025\/12\/19\/folge-56-forschungskoordinator-duerrnberg\/\" aria-label=\"Mehr \u00fcber Folge 56 &#8211; Forschungskoordinator D\u00fcrrnberg\" tabindex=\"-1\" >\n\t\t\tWeiterlesen \u00bb\t\t<\/a>\n\n\t\t\t\t<\/div>\n\t\t\t\t<\/article>\n\t\t\t\t<article class=\"elementor-post elementor-grid-item post-2781 post type-post status-publish format-standard has-post-thumbnail hentry category-im-museum category-an-der-ruhr-universitaet-bochum category-unterfreunden category-unteruns tag-abschied tag-deutsches-bergbau-museum-bochum tag-podcast tag-ruhr-universitaet-bochum tag-wisskomm\" role=\"listitem\">\n\t\t\t\t<a class=\"elementor-post__thumbnail__link\" href=\"https:\/\/unterirdis.ch\/wordpress\/2025\/08\/29\/folge-55-zwei-abschiede\/\" tabindex=\"-1\" >\n\t\t\t<div class=\"elementor-post__thumbnail\"><img decoding=\"async\" width=\"300\" height=\"82\" src=\"https:\/\/unterirdis.ch\/wp-content\/uploads\/2024\/12\/Header-Bsky-nummer-3-300x82.jpg\" class=\"attachment-medium size-medium wp-image-2613\" alt=\"\" srcset=\"https:\/\/unterirdis.ch\/wp-content\/uploads\/2024\/12\/Header-Bsky-nummer-3-300x82.jpg 300w, https:\/\/unterirdis.ch\/wp-content\/uploads\/2024\/12\/Header-Bsky-nummer-3-1024x280.jpg 1024w, https:\/\/unterirdis.ch\/wp-content\/uploads\/2024\/12\/Header-Bsky-nummer-3-768x210.jpg 768w, https:\/\/unterirdis.ch\/wp-content\/uploads\/2024\/12\/Header-Bsky-nummer-3.jpg 1235w\" sizes=\"(max-width: 300px) 100vw, 300px\" \/><\/div>\n\t\t<\/a>\n\t\t\t\t<div class=\"elementor-post__text\">\n\t\t\t\t<h3 class=\"elementor-post__title\">\n\t\t\t<a href=\"https:\/\/unterirdis.ch\/wordpress\/2025\/08\/29\/folge-55-zwei-abschiede\/\" >\n\t\t\t\tFolge 55 &#8211; Zwei Abschiede\t\t\t<\/a>\n\t\t<\/h3>\n\t\t\t\t<div class=\"elementor-post__meta-data\">\n\t\t\t\t\t<span class=\"elementor-post-date\">\n\t\t\t29. August 2025\t\t<\/span>\n\t\t\t\t<\/div>\n\t\t\n\t\t<a class=\"elementor-post__read-more\" href=\"https:\/\/unterirdis.ch\/wordpress\/2025\/08\/29\/folge-55-zwei-abschiede\/\" aria-label=\"Mehr \u00fcber Folge 55 &#8211; Zwei Abschiede\" tabindex=\"-1\" >\n\t\t\tWeiterlesen \u00bb\t\t<\/a>\n\n\t\t\t\t<\/div>\n\t\t\t\t<\/article>\n\t\t\t\t<\/div>\n\t\t\n\t\t\t\t\t\t<\/div>\n\t\t\t\t<\/div>\n\t\t\t\t<div class=\"elementor-element elementor-element-c55e5b2 elementor-widget elementor-widget-spacer\" data-id=\"c55e5b2\" data-element_type=\"widget\" data-e-type=\"widget\" data-widget_type=\"spacer.default\">\n\t\t\t\t<div class=\"elementor-widget-container\">\n\t\t\t\t\t\t\t<div class=\"elementor-spacer\">\n\t\t\t<div class=\"elementor-spacer-inner\"><\/div>\n\t\t<\/div>\n\t\t\t\t\t\t<\/div>\n\t\t\t\t<\/div>\n\t\t\t\t\t<\/div>\n\t\t<\/div>\n\t\t\t\t\t<\/div>\n\t\t<\/section>\n\t\t\t\t<\/div>\n\t\t","protected":false},"excerpt":{"rendered":"<p>https:\/\/youtu.be\/EPbrSZGhpjgSchon l\u00e4nger ist dank arch\u00e4ologischen Forschungen bekannt, dass das Siegerland im S\u00fcden Nordrhein-Westfalens eine Sonderstellung in der Eisenzeit innehatte: Hier rauchten tausende der gr\u00f6\u00dften Verh\u00fcttungs\u00f6fen ihrer Zeit in Europa, hier<\/p>\n","protected":false},"author":2,"featured_media":1134,"comment_status":"closed","ping_status":"open","sticky":false,"template":"","format":"standard","meta":{"footnotes":""},"categories":[18,85,5],"tags":[],"class_list":["post-1111","post","type-post","status-publish","format-standard","has-post-thumbnail","hentry","category-im-museum","category-in-den-medien","category-unteruns"],"yoast_head":"<!-- This site is optimized with the Yoast SEO plugin v27.5 - https:\/\/yoast.com\/product\/yoast-seo-wordpress\/ -->\n<title>Die Kelten kommen - unterIrdisch<\/title>\n<meta name=\"robots\" content=\"index, follow, max-snippet:-1, max-image-preview:large, max-video-preview:-1\" \/>\n<link rel=\"canonical\" href=\"https:\/\/unterirdis.ch\/wordpress\/2022\/08\/10\/die-kelten-kommen\/\" \/>\n<meta property=\"og:locale\" content=\"de_DE\" \/>\n<meta property=\"og:type\" content=\"article\" \/>\n<meta property=\"og:title\" content=\"Die Kelten kommen - unterIrdisch\" \/>\n<meta property=\"og:description\" content=\"https:\/\/youtu.be\/EPbrSZGhpjgSchon l\u00e4nger ist dank arch\u00e4ologischen Forschungen bekannt, dass das Siegerland im S\u00fcden Nordrhein-Westfalens eine Sonderstellung in der Eisenzeit innehatte: Hier rauchten tausende der gr\u00f6\u00dften Verh\u00fcttungs\u00f6fen ihrer Zeit in Europa, hier\" \/>\n<meta property=\"og:url\" content=\"https:\/\/unterirdis.ch\/wordpress\/2022\/08\/10\/die-kelten-kommen\/\" \/>\n<meta property=\"og:site_name\" content=\"unterIrdisch\" \/>\n<meta property=\"article:published_time\" content=\"2022-08-10T06:46:01+00:00\" \/>\n<meta property=\"article:modified_time\" content=\"2022-08-10T12:25:32+00:00\" \/>\n<meta property=\"og:image\" content=\"https:\/\/unterirdis.ch\/wp-content\/uploads\/2022\/08\/Die-Ketlten-Kommen_Trailer-1-Titelbild.jpg\" \/>\n\t<meta property=\"og:image:width\" content=\"1781\" \/>\n\t<meta property=\"og:image:height\" content=\"1075\" \/>\n\t<meta property=\"og:image:type\" content=\"image\/jpeg\" \/>\n<meta name=\"author\" content=\"Pia Patrizia Weber\" \/>\n<meta name=\"twitter:card\" content=\"summary_large_image\" \/>\n<meta name=\"twitter:creator\" content=\"@unterirdis_ch\" \/>\n<meta name=\"twitter:site\" content=\"@unterirdis_ch\" \/>\n<meta name=\"twitter:label1\" content=\"Verfasst von\" \/>\n\t<meta name=\"twitter:data1\" content=\"Pia Patrizia Weber\" \/>\n\t<meta name=\"twitter:label2\" content=\"Gesch\u00e4tzte Lesezeit\" \/>\n\t<meta name=\"twitter:data2\" content=\"5\u00a0Minuten\" \/>\n<script type=\"application\/ld+json\" class=\"yoast-schema-graph\">{\"@context\":\"https:\\\/\\\/schema.org\",\"@graph\":[{\"@type\":\"Article\",\"@id\":\"https:\\\/\\\/unterirdis.ch\\\/wordpress\\\/2022\\\/08\\\/10\\\/die-kelten-kommen\\\/#article\",\"isPartOf\":{\"@id\":\"https:\\\/\\\/unterirdis.ch\\\/wordpress\\\/2022\\\/08\\\/10\\\/die-kelten-kommen\\\/\"},\"author\":{\"name\":\"Pia Patrizia Weber\",\"@id\":\"https:\\\/\\\/unterirdis.ch\\\/wordpress\\\/#\\\/schema\\\/person\\\/e51321391df8a8104f4f9e7ea953fd72\"},\"headline\":\"Die Kelten kommen\",\"datePublished\":\"2022-08-10T06:46:01+00:00\",\"dateModified\":\"2022-08-10T12:25:32+00:00\",\"mainEntityOfPage\":{\"@id\":\"https:\\\/\\\/unterirdis.ch\\\/wordpress\\\/2022\\\/08\\\/10\\\/die-kelten-kommen\\\/\"},\"wordCount\":648,\"publisher\":{\"@id\":\"https:\\\/\\\/unterirdis.ch\\\/wordpress\\\/#organization\"},\"image\":{\"@id\":\"https:\\\/\\\/unterirdis.ch\\\/wordpress\\\/2022\\\/08\\\/10\\\/die-kelten-kommen\\\/#primaryimage\"},\"thumbnailUrl\":\"https:\\\/\\\/unterirdis.ch\\\/wp-content\\\/uploads\\\/2022\\\/08\\\/Die-Ketlten-Kommen_Trailer-1-Titelbild.jpg\",\"articleSection\":[\"am Deutschen Bergbau-Museum Bochum\",\"In den Medien\",\"unterUns\"],\"inLanguage\":\"de\"},{\"@type\":\"WebPage\",\"@id\":\"https:\\\/\\\/unterirdis.ch\\\/wordpress\\\/2022\\\/08\\\/10\\\/die-kelten-kommen\\\/\",\"url\":\"https:\\\/\\\/unterirdis.ch\\\/wordpress\\\/2022\\\/08\\\/10\\\/die-kelten-kommen\\\/\",\"name\":\"Die Kelten kommen - unterIrdisch\",\"isPartOf\":{\"@id\":\"https:\\\/\\\/unterirdis.ch\\\/wordpress\\\/#website\"},\"primaryImageOfPage\":{\"@id\":\"https:\\\/\\\/unterirdis.ch\\\/wordpress\\\/2022\\\/08\\\/10\\\/die-kelten-kommen\\\/#primaryimage\"},\"image\":{\"@id\":\"https:\\\/\\\/unterirdis.ch\\\/wordpress\\\/2022\\\/08\\\/10\\\/die-kelten-kommen\\\/#primaryimage\"},\"thumbnailUrl\":\"https:\\\/\\\/unterirdis.ch\\\/wp-content\\\/uploads\\\/2022\\\/08\\\/Die-Ketlten-Kommen_Trailer-1-Titelbild.jpg\",\"datePublished\":\"2022-08-10T06:46:01+00:00\",\"dateModified\":\"2022-08-10T12:25:32+00:00\",\"breadcrumb\":{\"@id\":\"https:\\\/\\\/unterirdis.ch\\\/wordpress\\\/2022\\\/08\\\/10\\\/die-kelten-kommen\\\/#breadcrumb\"},\"inLanguage\":\"de\",\"potentialAction\":[{\"@type\":\"ReadAction\",\"target\":[\"https:\\\/\\\/unterirdis.ch\\\/wordpress\\\/2022\\\/08\\\/10\\\/die-kelten-kommen\\\/\"]}]},{\"@type\":\"ImageObject\",\"inLanguage\":\"de\",\"@id\":\"https:\\\/\\\/unterirdis.ch\\\/wordpress\\\/2022\\\/08\\\/10\\\/die-kelten-kommen\\\/#primaryimage\",\"url\":\"https:\\\/\\\/unterirdis.ch\\\/wp-content\\\/uploads\\\/2022\\\/08\\\/Die-Ketlten-Kommen_Trailer-1-Titelbild.jpg\",\"contentUrl\":\"https:\\\/\\\/unterirdis.ch\\\/wp-content\\\/uploads\\\/2022\\\/08\\\/Die-Ketlten-Kommen_Trailer-1-Titelbild.jpg\",\"width\":1781,\"height\":1075},{\"@type\":\"BreadcrumbList\",\"@id\":\"https:\\\/\\\/unterirdis.ch\\\/wordpress\\\/2022\\\/08\\\/10\\\/die-kelten-kommen\\\/#breadcrumb\",\"itemListElement\":[{\"@type\":\"ListItem\",\"position\":1,\"name\":\"Startseite\",\"item\":\"https:\\\/\\\/unterirdis.ch\\\/wordpress\\\/\"},{\"@type\":\"ListItem\",\"position\":2,\"name\":\"Die Kelten kommen\"}]},{\"@type\":\"WebSite\",\"@id\":\"https:\\\/\\\/unterirdis.ch\\\/wordpress\\\/#website\",\"url\":\"https:\\\/\\\/unterirdis.ch\\\/wordpress\\\/\",\"name\":\"unterIrdisch - der Science-Blog aus dem Haus der Arch\u00e4ologien\",\"description\":\"der Science-Blog aus dem Haus der Arch\u00e4ologien\",\"publisher\":{\"@id\":\"https:\\\/\\\/unterirdis.ch\\\/wordpress\\\/#organization\"},\"alternateName\":\"unterIrdisch\",\"potentialAction\":[{\"@type\":\"SearchAction\",\"target\":{\"@type\":\"EntryPoint\",\"urlTemplate\":\"https:\\\/\\\/unterirdis.ch\\\/wordpress\\\/?s={search_term_string}\"},\"query-input\":{\"@type\":\"PropertyValueSpecification\",\"valueRequired\":true,\"valueName\":\"search_term_string\"}}],\"inLanguage\":\"de\"},{\"@type\":\"Organization\",\"@id\":\"https:\\\/\\\/unterirdis.ch\\\/wordpress\\\/#organization\",\"name\":\"unterIrdisch - der Science-Blog aus dem Haus der Arch\u00e4ologien\",\"alternateName\":\"unterIrdisch\",\"url\":\"https:\\\/\\\/unterirdis.ch\\\/wordpress\\\/\",\"logo\":{\"@type\":\"ImageObject\",\"inLanguage\":\"de\",\"@id\":\"https:\\\/\\\/unterirdis.ch\\\/wordpress\\\/#\\\/schema\\\/logo\\\/image\\\/\",\"url\":\"https:\\\/\\\/unterirdis.ch\\\/wp-content\\\/uploads\\\/2022\\\/03\\\/logo_3000p-scaled.jpg\",\"contentUrl\":\"https:\\\/\\\/unterirdis.ch\\\/wp-content\\\/uploads\\\/2022\\\/03\\\/logo_3000p-scaled.jpg\",\"width\":2560,\"height\":2560,\"caption\":\"unterIrdisch - der Science-Blog aus dem Haus der Arch\u00e4ologien\"},\"image\":{\"@id\":\"https:\\\/\\\/unterirdis.ch\\\/wordpress\\\/#\\\/schema\\\/logo\\\/image\\\/\"},\"sameAs\":[\"https:\\\/\\\/x.com\\\/unterirdis_ch\",\"https:\\\/\\\/instagram.com\\\/unterirdis.ch\",\"https:\\\/\\\/www.youtube.com\\\/channel\\\/UCWj0o58Zp9pOrkbG3Xh2C4Q\"]},{\"@type\":\"Person\",\"@id\":\"https:\\\/\\\/unterirdis.ch\\\/wordpress\\\/#\\\/schema\\\/person\\\/e51321391df8a8104f4f9e7ea953fd72\",\"name\":\"Pia Patrizia Weber\",\"image\":{\"@type\":\"ImageObject\",\"inLanguage\":\"de\",\"@id\":\"https:\\\/\\\/unterirdis.ch\\\/wp-content\\\/uploads\\\/2023\\\/03\\\/cropped-15C21EA0-B159-4A1C-970A-74B06A107D9D-scaled-1-96x96.jpg\",\"url\":\"https:\\\/\\\/unterirdis.ch\\\/wp-content\\\/uploads\\\/2023\\\/03\\\/cropped-15C21EA0-B159-4A1C-970A-74B06A107D9D-scaled-1-96x96.jpg\",\"contentUrl\":\"https:\\\/\\\/unterirdis.ch\\\/wp-content\\\/uploads\\\/2023\\\/03\\\/cropped-15C21EA0-B159-4A1C-970A-74B06A107D9D-scaled-1-96x96.jpg\",\"caption\":\"Pia Patrizia Weber\"},\"description\":\"Pia ist wissenschaftliche Mitarbeiterin am Deutschen Bergbau-Museum Bochum.\",\"url\":\"https:\\\/\\\/unterirdis.ch\\\/wordpress\\\/author\\\/pweber\\\/\"}]}<\/script>\n<!-- \/ Yoast SEO plugin. -->","yoast_head_json":{"title":"Die Kelten kommen - unterIrdisch","robots":{"index":"index","follow":"follow","max-snippet":"max-snippet:-1","max-image-preview":"max-image-preview:large","max-video-preview":"max-video-preview:-1"},"canonical":"https:\/\/unterirdis.ch\/wordpress\/2022\/08\/10\/die-kelten-kommen\/","og_locale":"de_DE","og_type":"article","og_title":"Die Kelten kommen - unterIrdisch","og_description":"https:\/\/youtu.be\/EPbrSZGhpjgSchon l\u00e4nger ist dank arch\u00e4ologischen Forschungen bekannt, dass das Siegerland im S\u00fcden Nordrhein-Westfalens eine Sonderstellung in der Eisenzeit innehatte: Hier rauchten tausende der gr\u00f6\u00dften Verh\u00fcttungs\u00f6fen ihrer Zeit in Europa, hier","og_url":"https:\/\/unterirdis.ch\/wordpress\/2022\/08\/10\/die-kelten-kommen\/","og_site_name":"unterIrdisch","article_published_time":"2022-08-10T06:46:01+00:00","article_modified_time":"2022-08-10T12:25:32+00:00","og_image":[{"width":1781,"height":1075,"url":"https:\/\/unterirdis.ch\/wp-content\/uploads\/2022\/08\/Die-Ketlten-Kommen_Trailer-1-Titelbild.jpg","type":"image\/jpeg"}],"author":"Pia Patrizia Weber","twitter_card":"summary_large_image","twitter_creator":"@unterirdis_ch","twitter_site":"@unterirdis_ch","twitter_misc":{"Verfasst von":"Pia Patrizia Weber","Gesch\u00e4tzte Lesezeit":"5\u00a0Minuten"},"schema":{"@context":"https:\/\/schema.org","@graph":[{"@type":"Article","@id":"https:\/\/unterirdis.ch\/wordpress\/2022\/08\/10\/die-kelten-kommen\/#article","isPartOf":{"@id":"https:\/\/unterirdis.ch\/wordpress\/2022\/08\/10\/die-kelten-kommen\/"},"author":{"name":"Pia Patrizia Weber","@id":"https:\/\/unterirdis.ch\/wordpress\/#\/schema\/person\/e51321391df8a8104f4f9e7ea953fd72"},"headline":"Die Kelten kommen","datePublished":"2022-08-10T06:46:01+00:00","dateModified":"2022-08-10T12:25:32+00:00","mainEntityOfPage":{"@id":"https:\/\/unterirdis.ch\/wordpress\/2022\/08\/10\/die-kelten-kommen\/"},"wordCount":648,"publisher":{"@id":"https:\/\/unterirdis.ch\/wordpress\/#organization"},"image":{"@id":"https:\/\/unterirdis.ch\/wordpress\/2022\/08\/10\/die-kelten-kommen\/#primaryimage"},"thumbnailUrl":"https:\/\/unterirdis.ch\/wp-content\/uploads\/2022\/08\/Die-Ketlten-Kommen_Trailer-1-Titelbild.jpg","articleSection":["am Deutschen Bergbau-Museum Bochum","In den Medien","unterUns"],"inLanguage":"de"},{"@type":"WebPage","@id":"https:\/\/unterirdis.ch\/wordpress\/2022\/08\/10\/die-kelten-kommen\/","url":"https:\/\/unterirdis.ch\/wordpress\/2022\/08\/10\/die-kelten-kommen\/","name":"Die Kelten kommen - unterIrdisch","isPartOf":{"@id":"https:\/\/unterirdis.ch\/wordpress\/#website"},"primaryImageOfPage":{"@id":"https:\/\/unterirdis.ch\/wordpress\/2022\/08\/10\/die-kelten-kommen\/#primaryimage"},"image":{"@id":"https:\/\/unterirdis.ch\/wordpress\/2022\/08\/10\/die-kelten-kommen\/#primaryimage"},"thumbnailUrl":"https:\/\/unterirdis.ch\/wp-content\/uploads\/2022\/08\/Die-Ketlten-Kommen_Trailer-1-Titelbild.jpg","datePublished":"2022-08-10T06:46:01+00:00","dateModified":"2022-08-10T12:25:32+00:00","breadcrumb":{"@id":"https:\/\/unterirdis.ch\/wordpress\/2022\/08\/10\/die-kelten-kommen\/#breadcrumb"},"inLanguage":"de","potentialAction":[{"@type":"ReadAction","target":["https:\/\/unterirdis.ch\/wordpress\/2022\/08\/10\/die-kelten-kommen\/"]}]},{"@type":"ImageObject","inLanguage":"de","@id":"https:\/\/unterirdis.ch\/wordpress\/2022\/08\/10\/die-kelten-kommen\/#primaryimage","url":"https:\/\/unterirdis.ch\/wp-content\/uploads\/2022\/08\/Die-Ketlten-Kommen_Trailer-1-Titelbild.jpg","contentUrl":"https:\/\/unterirdis.ch\/wp-content\/uploads\/2022\/08\/Die-Ketlten-Kommen_Trailer-1-Titelbild.jpg","width":1781,"height":1075},{"@type":"BreadcrumbList","@id":"https:\/\/unterirdis.ch\/wordpress\/2022\/08\/10\/die-kelten-kommen\/#breadcrumb","itemListElement":[{"@type":"ListItem","position":1,"name":"Startseite","item":"https:\/\/unterirdis.ch\/wordpress\/"},{"@type":"ListItem","position":2,"name":"Die Kelten kommen"}]},{"@type":"WebSite","@id":"https:\/\/unterirdis.ch\/wordpress\/#website","url":"https:\/\/unterirdis.ch\/wordpress\/","name":"unterIrdisch - der Science-Blog aus dem Haus der Arch\u00e4ologien","description":"der Science-Blog aus dem Haus der Arch\u00e4ologien","publisher":{"@id":"https:\/\/unterirdis.ch\/wordpress\/#organization"},"alternateName":"unterIrdisch","potentialAction":[{"@type":"SearchAction","target":{"@type":"EntryPoint","urlTemplate":"https:\/\/unterirdis.ch\/wordpress\/?s={search_term_string}"},"query-input":{"@type":"PropertyValueSpecification","valueRequired":true,"valueName":"search_term_string"}}],"inLanguage":"de"},{"@type":"Organization","@id":"https:\/\/unterirdis.ch\/wordpress\/#organization","name":"unterIrdisch - der Science-Blog aus dem Haus der Arch\u00e4ologien","alternateName":"unterIrdisch","url":"https:\/\/unterirdis.ch\/wordpress\/","logo":{"@type":"ImageObject","inLanguage":"de","@id":"https:\/\/unterirdis.ch\/wordpress\/#\/schema\/logo\/image\/","url":"https:\/\/unterirdis.ch\/wp-content\/uploads\/2022\/03\/logo_3000p-scaled.jpg","contentUrl":"https:\/\/unterirdis.ch\/wp-content\/uploads\/2022\/03\/logo_3000p-scaled.jpg","width":2560,"height":2560,"caption":"unterIrdisch - der Science-Blog aus dem Haus der Arch\u00e4ologien"},"image":{"@id":"https:\/\/unterirdis.ch\/wordpress\/#\/schema\/logo\/image\/"},"sameAs":["https:\/\/x.com\/unterirdis_ch","https:\/\/instagram.com\/unterirdis.ch","https:\/\/www.youtube.com\/channel\/UCWj0o58Zp9pOrkbG3Xh2C4Q"]},{"@type":"Person","@id":"https:\/\/unterirdis.ch\/wordpress\/#\/schema\/person\/e51321391df8a8104f4f9e7ea953fd72","name":"Pia Patrizia Weber","image":{"@type":"ImageObject","inLanguage":"de","@id":"https:\/\/unterirdis.ch\/wp-content\/uploads\/2023\/03\/cropped-15C21EA0-B159-4A1C-970A-74B06A107D9D-scaled-1-96x96.jpg","url":"https:\/\/unterirdis.ch\/wp-content\/uploads\/2023\/03\/cropped-15C21EA0-B159-4A1C-970A-74B06A107D9D-scaled-1-96x96.jpg","contentUrl":"https:\/\/unterirdis.ch\/wp-content\/uploads\/2023\/03\/cropped-15C21EA0-B159-4A1C-970A-74B06A107D9D-scaled-1-96x96.jpg","caption":"Pia Patrizia Weber"},"description":"Pia ist wissenschaftliche Mitarbeiterin am Deutschen Bergbau-Museum Bochum.","url":"https:\/\/unterirdis.ch\/wordpress\/author\/pweber\/"}]}},"_links":{"self":[{"href":"https:\/\/unterirdis.ch\/wordpress\/wp-json\/wp\/v2\/posts\/1111","targetHints":{"allow":["GET"]}}],"collection":[{"href":"https:\/\/unterirdis.ch\/wordpress\/wp-json\/wp\/v2\/posts"}],"about":[{"href":"https:\/\/unterirdis.ch\/wordpress\/wp-json\/wp\/v2\/types\/post"}],"author":[{"embeddable":true,"href":"https:\/\/unterirdis.ch\/wordpress\/wp-json\/wp\/v2\/users\/2"}],"replies":[{"embeddable":true,"href":"https:\/\/unterirdis.ch\/wordpress\/wp-json\/wp\/v2\/comments?post=1111"}],"version-history":[{"count":0,"href":"https:\/\/unterirdis.ch\/wordpress\/wp-json\/wp\/v2\/posts\/1111\/revisions"}],"wp:featuredmedia":[{"embeddable":true,"href":"https:\/\/unterirdis.ch\/wordpress\/wp-json\/wp\/v2\/media\/1134"}],"wp:attachment":[{"href":"https:\/\/unterirdis.ch\/wordpress\/wp-json\/wp\/v2\/media?parent=1111"}],"wp:term":[{"taxonomy":"category","embeddable":true,"href":"https:\/\/unterirdis.ch\/wordpress\/wp-json\/wp\/v2\/categories?post=1111"},{"taxonomy":"post_tag","embeddable":true,"href":"https:\/\/unterirdis.ch\/wordpress\/wp-json\/wp\/v2\/tags?post=1111"}],"curies":[{"name":"wp","href":"https:\/\/api.w.org\/{rel}","templated":true}]}}